{"id":320267,"date":"2026-03-22T20:05:07","date_gmt":"2026-03-22T20:05:07","guid":{"rendered":"https:\/\/www.europesays.com\/pl\/320267\/"},"modified":"2026-03-22T20:05:07","modified_gmt":"2026-03-22T20:05:07","slug":"zapasc-w-branzy-meblarskiej-wkrotce-zamyka-sie-kolejny-zaklad-nie-ma-klimatu","status":"publish","type":"post","link":"https:\/\/www.europesays.com\/pl\/320267\/","title":{"rendered":"Zapa\u015b\u0107 w bran\u017cy meblarskiej, wkr\u00f3tce zamyka si\u0119 kolejny zak\u0142ad. &#8222;Nie ma klimatu&#8221;"},"content":{"rendered":"\n<p>&#13;<br \/>\nDo ko\u0144ca kwietnia produkcj\u0119 mebli zako\u0144czy Steinpol w\u00a0Wo\u0142owie na\u00a0Dolnym \u015al\u0105sku. Fabryka produkuje meble tapicerowane. Prac\u0119 straci 110 os\u00f3b. &#8222;Zak\u0142ad w\u00a0Wo\u0142owie zostanie zamkni\u0119ty do\u00a0ko\u0144ca kwietnia z\u00a0powod\u00f3w ekonomicznych&#8221; \u2013\u00a0powiedzia\u0142a dyrektor fabryki Steinpola Anna Wosiak, cytowana przez lokalny &#8222;Kurier Gmin&#8221;. Przedsi\u0119biorstwo w\u00a0&#8222;szczytowym okresie dzia\u0142alno\u015bci by\u0142o jednym z\u00a0istotnych pracodawc\u00f3w w\u00a0regionie&#8221;. G\u0142\u00f3wna siedziba firmy mie\u015bci si\u0119 w\u00a0Rzepinie w\u00a0wojew\u00f3dztwie lubuskim. &#13;\n<\/p>\n<p>Redukcja etat\u00f3w <\/p>\n<p>&#13;<br \/>\nJak zauwa\u017ca serwis money.pl, to\u00a0tylko najnowszy przyk\u0142ad upadku zak\u0142adu w\u00a0borykaj\u0105cej si\u0119 z\u00a0problemami bran\u017cy. &#8222;W\u00a0tym roku zwolnienia przeprowadzi\u0142a ju\u017c Zorka z\u00a0Jeleniej G\u00f3ry, kt\u00f3ra produkuje dla\u00a0Ikei. W\u00a0ubieg\u0142ym roku najg\u0142o\u015bniej by\u0142o o\u00a0Black Red White, gdzie zapowiedziano redukcj\u0119 zatrudnienia o\u00a0800 os\u00f3b&#8221; \u2013\u00a0czytamy. &#13;\n<\/p>\n<p>&#13;<br \/>\n&#8222;Sytuacja w\u00a0bran\u017cy jest trudna od\u00a0d\u0142u\u017cszego czasu. Od\u00a0momentu wybuchu wojny w\u00a0Ukrainie niewiele si\u0119 zmienia. W\u00a0Europie nie\u00a0ma\u00a0klimatu do\u00a0zakupu d\u00f3br nieb\u0119d\u0105cych towarem pierwszej potrzeby, a\u00a0takim nie\u00a0s\u0105 meble&#8221; \u2013\u00a0komentuje Micha\u0142 Strzelecki, dyrektor Og\u00f3lnopolskiej Izby Gospodarczej Producent\u00f3w Mebli. W\u00a0ostatnich dw\u00f3ch latach w\u00a0bran\u017cy zredukowano nawet 20 tys. etat\u00f3w. &#8222;Obecnie (w bran\u017cy \u2013\u00a0red.) jest ok. 140 tys. etat\u00f3w, a\u00a0razem z\u00a0mikrofirmami i\u00a0jednoosobow\u0105 dzia\u0142alno\u015bci\u0105 gospodarcz\u0105 \u2013\u00a0ok. 180 tys. W\u00a0szczytowym okresie w\u00a0okolicach COVID-u by\u0142o 210 tys.&#8221; \u2013\u00a0dodaje Strzelecki. &#13;\n<\/p>\n<p>Polska by\u0142a trzecim globalnym eksporterem mebli <\/p>\n<p>&#13;<br \/>\nBran\u017ca, b\u0119d\u0105ca dzi\u015b w\u00a0coraz wi\u0119kszej zapa\u015bci, jeszcze do\u00a0niedawna by\u0142a uznawana za\u00a0globalnego czempiona. &#8222;W\u00a02024\u00a0r. liderem w\u00a0eksporcie mebli by\u0142y Chiny i\u00a0mia\u0142y udzia\u0142 w\u00a0rynku na\u00a0poziomie 41,1 proc. Najwi\u0119kszym importerem mebli by\u0142y Stany Zjednoczone \u2013\u00a0z\u00a0udzia\u0142em 26,5 proc. w\u00a0\u015bwiatowym imporcie. W\u00a02024\u00a0r. Polska by\u0142a trzecim najwi\u0119kszym eksporterem mebli na\u00a0\u015bwiecie \u2013\u00a0z\u00a0udzia\u0142em na\u00a0poziomie 5,7 proc. oraz\u00a09. najwi\u0119kszym importerem \u2013\u00a0z\u00a0udzia\u0142em 2\u00a0proc.&#8221; \u2013\u00a0czytamy w\u00a0raporcie PKO BP &#13;\n<\/p>\n<p>&#13;<br \/>\nFirmy meblarskie borykaj\u0105 si\u0119 z\u00a0trudno\u015bciami finansowymi. Ponad 820 jest zad\u0142u\u017conych. &#8222;Wed\u0142ug danych Rejestru D\u0142u\u017cnik\u00f3w BIG InfoMonitor i\u00a0bazy BIK z\u00a0ko\u0144cem stycznia zaleg\u0142e zad\u0142u\u017cenie firm z\u00a0bran\u017cy meblarsko-stolarskiej wzros\u0142o o\u00a0ponad 10 mln z\u0142\u00a0do\u00a0ok. 155 mln z\u0142. Natomiast zaleg\u0142e zobowi\u0105zania producent\u00f3w mebli wynosz\u0105 blisko 381 mln z\u0142\u00a0(wzrost o\u00a045 mln z\u0142).W ci\u0105gu 2-3 lat z\u00a0rentowno\u015bci\u0105 w\u00a0bran\u017cy zjechali\u015bmy do\u00a0poziomu 4,5 proc.&#8221; \u2013\u00a0informuje money.pl. &#13;\n<\/p>\n<p>&#13;<br \/>\n&#8222;To powa\u017cny sygna\u0142 ostrzegawczy. Nie\u00a0ma\u00a0ju\u017c przestrzeni do\u00a0dalszych obni\u017cek, nie\u00a0wytrzymujemy konkurencji ju\u017c nie\u00a0tylko z\u00a0produktami z\u00a0Azji, ale\u00a0przegrywamy te\u017c z\u00a0Bu\u0142gari\u0105, Rumuni\u0105, Serbi\u0105, Albani\u0105. W\u00a02025\u00a0r. nast\u0105pi\u0142o delikatne o\u017cywienie, ale\u00a0optymizm wyparowa\u0142 z\u00a0powodu 15 proc. wzrostu importu z\u00a0Chin&#8221; \u2013\u00a0t\u0142umaczy Strzelecki. &#13;\n<\/p>\n<p>&#13;<br \/>\nDane Ministerstwa Rozwoju i\u00a0Technologii potwierdzaj\u0105, \u017ce\u00a0Polska wysy\u0142a meble g\u0142\u00f3wnie do\u00a0Europy. &#8222;W\u00a02023\u00a0r. Niemcy kupi\u0142y polskie meble za\u00a07,8 miliarda euro \u2013\u00a0to\u00a035 proc. sprzeda\u017cy zagranicznej i\u00a0niemal po\u0142owa ich importu mebli. Kolejne miejsca zaj\u0119\u0142y Czechy (8,6 proc.), Francja (7,1 proc.), Holandia (5,5 proc.) i\u00a0Wielka Brytania (5,2 proc.). Te\u00a0kraje odpowiadaj\u0105 za\u00a0trzy czwarte eksportu, co\u00a0czyni bran\u017c\u0119 zale\u017cn\u0105 od\u00a0europejskiej koniunktury&#8221; \u2013\u00a0wskazano w\u00a0rz\u0105dowym opracowaniu. &#13;\n<\/p>\n<p>&#13;<br \/>\nCzytaj te\u017c:<br \/><a href=\"https:\/\/dorzeczy.pl\/ekonomia\/861673\/gus-place-w-firmach-wzrosly-o-61-rr-zatrudnienie-spadlo-o-08-rr-w-lutym.html\" rel=\"follow nofollow noopener\" data-schema=\"DORZECZY\" data-image=\"https:\/\/img.dorzeczy.pl\/_thumb\/d6\/c3\/e41dd87b186f909e97783cda243d.jpeg\" target=\"_blank\">P\u0142ace Polak\u00f3w id\u0105 w\u00a0g\u00f3r\u0119? GUS poda\u0142 nowe dane<\/a>Czytaj te\u017c:<br \/><a href=\"https:\/\/dorzeczy.pl\/ekonomia\/862345\/niemcy-koniec-spolki-zaleznej-firmy-r-pharm-powodem-sankcje-na-rosje.html\" rel=\"follow nofollow noopener\" data-schema=\"DORZECZY\" data-image=\"https:\/\/img.dorzeczy.pl\/_thumb\/55\/8c\/1a9b8767e696f47463901bbdb2af.jpeg\" target=\"_blank\">Firma zbankrutowa\u0142a po\u00a0177 latach. Powodem sankcje<\/a>&#13;<\/p>\n","protected":false},"excerpt":{"rendered":"&#13; Do ko\u0144ca kwietnia produkcj\u0119 mebli zako\u0144czy Steinpol w\u00a0Wo\u0142owie na\u00a0Dolnym \u015al\u0105sku. Fabryka produkuje meble tapicerowane. Prac\u0119 straci 110&hellip;\n","protected":false},"author":2,"featured_media":320268,"comment_status":"","ping_status":"","sticky":false,"template":"","format":"standard","meta":{"footnotes":"","_share_on_mastodon":"0"},"categories":[16],"tags":[113,51225,112,98,105,19841,49,5417,42,38,40,39,41,6036],"class_list":["post-320267","post","type-post","status-publish","format-standard","has-post-thumbnail","category-biznes","tag-biznes","tag-branza-meblarska","tag-business","tag-dorzeczy","tag-ekonomia","tag-ekspert","tag-kraj","tag-pkb","tag-pl","tag-poland","tag-polish","tag-polska","tag-polski","tag-zwolnienia"],"share_on_mastodon":{"url":"https:\/\/pubeurope.com\/@pl\/116274628299399313","error":""},"_links":{"self":[{"href":"https:\/\/www.europesays.com\/pl\/wp-json\/wp\/v2\/posts\/320267","targetHints":{"allow":["GET"]}}],"collection":[{"href":"https:\/\/www.europesays.com\/pl\/wp-json\/wp\/v2\/posts"}],"about":[{"href":"https:\/\/www.europesays.com\/pl\/wp-json\/wp\/v2\/types\/post"}],"author":[{"embeddable":true,"href":"https:\/\/www.europesays.com\/pl\/wp-json\/wp\/v2\/users\/2"}],"replies":[{"embeddable":true,"href":"https:\/\/www.europesays.com\/pl\/wp-json\/wp\/v2\/comments?post=320267"}],"version-history":[{"count":0,"href":"https:\/\/www.europesays.com\/pl\/wp-json\/wp\/v2\/posts\/320267\/revisions"}],"wp:featuredmedia":[{"embeddable":true,"href":"https:\/\/www.europesays.com\/pl\/wp-json\/wp\/v2\/media\/320268"}],"wp:attachment":[{"href":"https:\/\/www.europesays.com\/pl\/wp-json\/wp\/v2\/media?parent=320267"}],"wp:term":[{"taxonomy":"category","embeddable":true,"href":"https:\/\/www.europesays.com\/pl\/wp-json\/wp\/v2\/categories?post=320267"},{"taxonomy":"post_tag","embeddable":true,"href":"https:\/\/www.europesays.com\/pl\/wp-json\/wp\/v2\/tags?post=320267"}],"curies":[{"name":"wp","href":"https:\/\/api.w.org\/{rel}","templated":true}]}}