{"id":3203,"date":"2025-09-18T17:41:07","date_gmt":"2025-09-18T17:41:07","guid":{"rendered":"https:\/\/www.europesays.com\/pl\/3203\/"},"modified":"2025-09-18T17:41:07","modified_gmt":"2025-09-18T17:41:07","slug":"iga-swiatek-zaraz-po-meczu-napisala-jedno-zdanie-przeglad-sportowy-onet","status":"publish","type":"post","link":"https:\/\/www.europesays.com\/pl\/3203\/","title":{"rendered":"Iga \u015awi\u0105tek zaraz po meczu napisa\u0142a jedno zdanie &#8211; Przegl\u0105d Sportowy Onet"},"content":{"rendered":"<ol>\n<li><a href=\"https:\/\/news.google.com\/rss\/articles\/CBMinAFBVV95cUxOeVVZSWJlYl9aNC1qWThUZVFmQzdmWk9fcTBUVE5OT1ZZckdvVmRkTWtMWnBYcHlNdVRjbzZkX1BhbG1LTF9NcXVUTzBhY05XMVZ3Sk51TlkzSDhZNTdnVC1hZzEyV2JnNElWZ29RRkNFUENkM1NKYXNfRGdKeS1GODFBdGw1R2FxQlIweFRXX2Rxd2tpOFU2ZzZmTjU?oc=5\" target=\"_blank\" rel=\"nofollow noopener\">Iga \u015awi\u0105tek zaraz po meczu napisa\u0142a jedno zdanie<\/a>&nbsp;&nbsp;Przegl\u0105d Sportowy Onet<\/li>\n<li><a href=\"https:\/\/news.google.com\/rss\/articles\/CBMitgFBVV95cUxPeWloMnBvNElpYk4zNGhYVmxvaURRNEt5ejd5RWh3SDhDYmRDSXZkWndLYTgzVlJLZlppWndnVnpmREpmYXdCd2ktVmtNV01NV09KUDQ5LVFiUXhKV1FOekJWd1M2RjB3blhUandhVWxuX3V1UTNwREdzYWJoMUNzVThkUDhpVXpzakd6emt3c1c2Q0prNFJMVXd6ZjN1UDcxX2lxNEZLT0RVOGpSTzd1TmVtM1k2dw?oc=5\" target=\"_blank\" rel=\"nofollow noopener\">Awans Igi \u015awi\u0105tek, ale i problemy! Oto niepokoj\u0105cy wniosek po triumfie<\/a>&nbsp;&nbsp;Przegl\u0105d Sportowy Onet<\/li>\n<li><a href=\"https:\/\/news.google.com\/rss\/articles\/CBMilwFBVV95cUxOMFktSFVCZXJ2WTdPeTllS2M5OU42SDRNbE9mWTFRSGZYUmE4cUNnYVA5dFlTcm5FS3V1djVFNzcxSTNGd25fQlh3TTljYnlJemRUREgySDNNLUc2TVoydms1YS1wUmVBMzNZY2x3WXRCWW5rbnpxTVJHaWNySTExRENxRDM0VDZ1NEI2cXV1b0czVnBOMFVV?oc=5\" target=\"_blank\" rel=\"nofollow noopener\">Iga \u015awi\u0105tek pozna\u0142a rywalk\u0119. Obroni\u0142a pi\u0142ki meczowe<\/a>&nbsp;&nbsp;SportoweFakty<\/li>\n<li><a href=\"https:\/\/news.google.com\/rss\/articles\/CBMiqwFBVV95cUxQTWlpY3RldUV2YlBlV3lDSWFsWjRkUkIwOXg3WU1NaDk4a0dIYno0aHZrVGo3bzBDcGxOSjZnYlZjR2YyNlFnVU1xbDJyUnZOekppMS1fakJiaDlFU2FMaGZzTFY3cDV1QTRUcmlaczVKNlVNN1ctdTh4NXNOVEJyTE5yQ0VzVVRNTTg5VXJ6bjZWeVdUX19BRUd6N3JmUHB1RjhINzVHZUhFUVU?oc=5\" target=\"_blank\" rel=\"nofollow noopener\">Nie do wiary, co zrobi\u0142a \u015awi\u0105tek. Wymowna reakcja Fissette?a i Abramowicz Tenis<\/a>&nbsp;&nbsp;Sport.pl<\/li>\n<li><a href=\"https:\/\/news.google.com\/rss\/articles\/CBMitgFBVV95cUxNbTlfNHZaVnBaYUdaa0RwMnVfWXdTbGNJTG4xYlFIZXBVTE14N01KSlhPZEliVWtyQi1LY3NIZmdtdjB4VWtNbzRna2h5UGRvT1dwcjVlMkR6MEFxdWFKWUpkSGtCWUpMekFTb2lMUUhoZWVhdE5oRFotaHNObzJyYnQyb3dpUkJGYUczbnd5c1pwN1Z2UmE4WWRuR29FdVQ5ZUtVbV9fOW1INHpuOTdPemdzdmdNQQ?oc=5\" target=\"_blank\" rel=\"nofollow noopener\">Pi\u0119\u0107 zmarnowanych setboli Igi \u015awi\u0105tek. Walka trwa\u0142a dalej. Polka w \u0107wier\u0107finale<\/a>&nbsp;&nbsp;Sport Interia<\/li>\n<\/ol>\n","protected":false},"excerpt":{"rendered":"Iga \u015awi\u0105tek zaraz po meczu napisa\u0142a jedno zdanie&nbsp;&nbsp;Przegl\u0105d Sportowy Onet Awans Igi \u015awi\u0105tek, ale i problemy! Oto niepokoj\u0105cy&hellip;\n","protected":false},"author":2,"featured_media":3204,"comment_status":"","ping_status":"","sticky":false,"template":"","format":"standard","meta":{"footnotes":"","_share_on_mastodon":"0"},"categories":[5],"tags":[32,33,36,37,27,252,67,34,35,28,31,25,129,42,38,40,39,41,136,128,47,1746,135,156,29,30,26,130],"class_list":["post-3203","post","type-post","status-publish","format-standard","has-post-thumbnail","category-naglowki","tag-breaking-news","tag-breakingnews","tag-featured-news","tag-featurednews","tag-headlines","tag-iga_swiatek","tag-intextvideo_splayer","tag-latest-news","tag-latestnews","tag-naglowki","tag-najwazniejsze-artykuly","tag-news","tag-ofsajd","tag-pl","tag-poland","tag-polish","tag-polska","tag-polski","tag-ps_detal_new","tag-psv2","tag-screening_general","tag-seul","tag-sport_sport","tag-tenis","tag-top-stories","tag-topstories","tag-wiadomosci","tag-wiadomosci_sportowe"],"share_on_mastodon":{"url":"","error":""},"_links":{"self":[{"href":"https:\/\/www.europesays.com\/pl\/wp-json\/wp\/v2\/posts\/3203","targetHints":{"allow":["GET"]}}],"collection":[{"href":"https:\/\/www.europesays.com\/pl\/wp-json\/wp\/v2\/posts"}],"about":[{"href":"https:\/\/www.europesays.com\/pl\/wp-json\/wp\/v2\/types\/post"}],"author":[{"embeddable":true,"href":"https:\/\/www.europesays.com\/pl\/wp-json\/wp\/v2\/users\/2"}],"replies":[{"embeddable":true,"href":"https:\/\/www.europesays.com\/pl\/wp-json\/wp\/v2\/comments?post=3203"}],"version-history":[{"count":0,"href":"https:\/\/www.europesays.com\/pl\/wp-json\/wp\/v2\/posts\/3203\/revisions"}],"wp:featuredmedia":[{"embeddable":true,"href":"https:\/\/www.europesays.com\/pl\/wp-json\/wp\/v2\/media\/3204"}],"wp:attachment":[{"href":"https:\/\/www.europesays.com\/pl\/wp-json\/wp\/v2\/media?parent=3203"}],"wp:term":[{"taxonomy":"category","embeddable":true,"href":"https:\/\/www.europesays.com\/pl\/wp-json\/wp\/v2\/categories?post=3203"},{"taxonomy":"post_tag","embeddable":true,"href":"https:\/\/www.europesays.com\/pl\/wp-json\/wp\/v2\/tags?post=3203"}],"curies":[{"name":"wp","href":"https:\/\/api.w.org\/{rel}","templated":true}]}}