{"id":320998,"date":"2026-03-23T08:38:10","date_gmt":"2026-03-23T08:38:10","guid":{"rendered":"https:\/\/www.europesays.com\/pl\/320998\/"},"modified":"2026-03-23T08:38:10","modified_gmt":"2026-03-23T08:38:10","slug":"anna-lewandowska-pokazala-zdjecie-z-trybun-wpis-podbija-siec-przeglad-sportowy","status":"publish","type":"post","link":"https:\/\/www.europesays.com\/pl\/320998\/","title":{"rendered":"Anna Lewandowska pokaza\u0142a zdj\u0119cie z trybun. Wpis podbija sie\u0107 &#8211; Przegl\u0105d Sportowy"},"content":{"rendered":"<ol>\n<li><a href=\"https:\/\/news.google.com\/rss\/articles\/CBMirAFBVV95cUxQLXBUWEhJbzM4SS1FcjRhRkdRanJhUlo2bEVqZXMyWlkxbEhpVG9wTlNsQ1JUc2xlc3dLYmxPaWw1Q2lJNFA1UFdPTUJLaTJmN014akIwMFQtOUhRdjdRdXFMaTdVMHpQbFJMNzRRajZGVVZnQzRkYlNaTGkzaEt4TzNXRWNfVFpmQUZmN3h0U3hsTEVIMXJnMjItbHhicXFHYlpNelREQnE1SVVK?oc=5\" target=\"_blank\" rel=\"nofollow noopener\">Anna Lewandowska pokaza\u0142a zdj\u0119cie z trybun. Wpis podbija sie\u0107<\/a>&nbsp;&nbsp;Przegl\u0105d Sportowy<\/li>\n<li><a href=\"https:\/\/news.google.com\/rss\/articles\/CBMiugFBVV95cUxNQWh3Wk5qSURNLWYybHpGU2cxdXNDTU1waXp4cktFZ294MmFVSmVDdTFMWDBTSlQtZU5SQ3BjOWdmTnJJMnpUR21fSEkwTDE0VnpDWDZlWFZtOXVlT3pKMEVPRy1UX1k5cVd3TktLZ1BWTS1yYUtVOUhRMzhyZS02N0l3M3pZZDFBQ2xfd00wZVpvcm1aNTFIUzFEQ3NkSTU1Uk1pRk9lSGdKZnBaZXhtODlBdEF5SVljUUE?oc=5\" target=\"_blank\" rel=\"nofollow noopener\">Robert Lewandowski m\u00f3g\u0142 liczy\u0107 nie tylko na wsparcie \u017cony. Ta od razu si\u0119 pochwali\u0142a<\/a>&nbsp;&nbsp;Sport w INTERIA.PL<\/li>\n<li><a href=\"https:\/\/news.google.com\/rss\/articles\/CBMitAFBVV95cUxPZU5nQWJuTGFvam5tZWNJNG85UEdDX2xLeVdWQTRBbkVvNkJKZUtnWVRtM3NrMm5xYVJ1UXI3Z1J1bW1wUjlZYXQxNHJBS3JXc1R0MG8tckJNOC1wenJ6T3BUYnRNUVJzdG5NSm53MUxZRkJBX19ZOGNLdGdFTXFpdnBaanF1OUFhV3F5NGlwQnpSd3RMQ1NWcWFoZDliZjBmYTREQVIxcGJIcFAwbDh2bDd2Qm4?oc=5\" target=\"_blank\" rel=\"nofollow noopener\">Anna Lewandowska wspiera\u0142a m\u0119\u017ca na Camp Nou. Sportowa niedziela i wielkie emocje<\/a>&nbsp;&nbsp;Plejada<\/li>\n<li><a href=\"https:\/\/news.google.com\/rss\/articles\/CBMiqwFBVV95cUxPQ2hXU0stOU94clcxcDRzbUJIOFhCcTZMY2Y0amNoUkRqSFRwMm5fTkpkMmx6NTIwWWsxd1RJRHFhZnZGdXdpNzNTZHZxX3VlU2hSWkUxWjdiZFdnbmZuaTRYbVlNYWk0RU9QVGhTdUxpT3ZNd2ljTTN4ek1feVdPNmxES0IzV0F3aVNfQnp6LThacTFDX1VDNGJnX1ViYnJVRjFJdzh0NnNTUmc?oc=5\" target=\"_blank\" rel=\"nofollow noopener\">Lewandowska zaskoczy\u0142a. W takiej stylizacji przysz\u0142a na mecz<\/a>&nbsp;&nbsp;SportoweFakty<\/li>\n<li><a href=\"https:\/\/news.google.com\/rss\/articles\/CBMi9wFBVV95cUxPanVwbF9heFpoS1U4QllaRHQ4Q2d6aVQtUlJMc1NZd3lNamVqOTRsZ1dpWkVUYUdwdmxBNTQwdnE4c3lrd1c0Y0dXSjJJU1F5MjYwYy1ZMlV0MmZyNnNtMEZRYkJnOUJuWXItSERCeFY1WkJlVzZsLUMxTTZHWVVjSi10UFNHbkktOEppNDU2Y3hGaldkWGhKV19sSUp3aW5CTlpWLV9mU1lyLU5qMlJkbE1GTW5FZFFfZlJBUW5QRUJER01yX1pvQlRTWmRPci14Yk1EMWd2WVhNU01EMHV3SDcwTlROS1J5SGdmbFJqQ2tFbHU2dS1F?oc=5\" target=\"_blank\" rel=\"nofollow noopener\">Anna Lewandowska z entuzjazmem wspiera\u0142a m\u0119\u017ca na Camp Nou, pokazuj\u0105c, jak pi\u0142ka no\u017cna jest dla nich stylem \u017cycia. Co wydarzy\u0142o si\u0119 na trybunach? Link w komentarzu<\/a>&nbsp;&nbsp;Facebook<\/li>\n<\/ol>\n","protected":false},"excerpt":{"rendered":"Anna Lewandowska pokaza\u0142a zdj\u0119cie z trybun. Wpis podbija sie\u0107&nbsp;&nbsp;Przegl\u0105d Sportowy Robert Lewandowski m\u00f3g\u0142 liczy\u0107 nie tylko na wsparcie&hellip;\n","protected":false},"author":2,"featured_media":320999,"comment_status":"","ping_status":"","sticky":false,"template":"","format":"standard","meta":{"footnotes":"","_share_on_mastodon":"0"},"categories":[24],"tags":[2576,303,48,129,46,948,42,38,40,39,41,28927,20438,300,47,127,126,130],"class_list":["post-320998","post","type-post","status-publish","format-standard","has-post-thumbnail","category-sport","tag-anna_lewandowska","tag-fc_barcelona","tag-nat_styl","tag-ofsajd","tag-omp","tag-pilka_nozna","tag-pl","tag-poland","tag-polish","tag-polska","tag-polski","tag-ps_omp_tst1","tag-rayo_vallecano","tag-robert_lewandowski","tag-screening_general","tag-sport","tag-sports","tag-wiadomosci_sportowe"],"share_on_mastodon":{"url":"https:\/\/pubeurope.com\/@pl\/116277589309021609","error":""},"_links":{"self":[{"href":"https:\/\/www.europesays.com\/pl\/wp-json\/wp\/v2\/posts\/320998","targetHints":{"allow":["GET"]}}],"collection":[{"href":"https:\/\/www.europesays.com\/pl\/wp-json\/wp\/v2\/posts"}],"about":[{"href":"https:\/\/www.europesays.com\/pl\/wp-json\/wp\/v2\/types\/post"}],"author":[{"embeddable":true,"href":"https:\/\/www.europesays.com\/pl\/wp-json\/wp\/v2\/users\/2"}],"replies":[{"embeddable":true,"href":"https:\/\/www.europesays.com\/pl\/wp-json\/wp\/v2\/comments?post=320998"}],"version-history":[{"count":0,"href":"https:\/\/www.europesays.com\/pl\/wp-json\/wp\/v2\/posts\/320998\/revisions"}],"wp:featuredmedia":[{"embeddable":true,"href":"https:\/\/www.europesays.com\/pl\/wp-json\/wp\/v2\/media\/320999"}],"wp:attachment":[{"href":"https:\/\/www.europesays.com\/pl\/wp-json\/wp\/v2\/media?parent=320998"}],"wp:term":[{"taxonomy":"category","embeddable":true,"href":"https:\/\/www.europesays.com\/pl\/wp-json\/wp\/v2\/categories?post=320998"},{"taxonomy":"post_tag","embeddable":true,"href":"https:\/\/www.europesays.com\/pl\/wp-json\/wp\/v2\/tags?post=320998"}],"curies":[{"name":"wp","href":"https:\/\/api.w.org\/{rel}","templated":true}]}}