{"id":321107,"date":"2026-03-23T09:41:08","date_gmt":"2026-03-23T09:41:08","guid":{"rendered":"https:\/\/www.europesays.com\/pl\/321107\/"},"modified":"2026-03-23T09:41:08","modified_gmt":"2026-03-23T09:41:08","slug":"legia-warszawa-jest-slaba-ale-utrzyma-sie-w-lidze-komentarz","status":"publish","type":"post","link":"https:\/\/www.europesays.com\/pl\/321107\/","title":{"rendered":"Legia Warszawa jest s\u0142aba, ale utrzyma si\u0119 w lidze [KOMENTARZ]"},"content":{"rendered":"<p>Nie\u00a0ukrywam, \u017ce\u00a0oczekiwa\u0142em troch\u0119 wi\u0119cej po\u00a0Legii w\u00a0meczu z\u00a0Rakowem. Stworzenia wi\u0119kszej liczby sytuacji. Przyci\u015bni\u0119cia rywala. Zaatakowania, wi\u0119kszej odwagi w\u00a0ostatnich kilkunastu minutach przy stanie 1:1. Tymczasem Legia na\u00a0boisku by\u0142a gorsza. Mia\u0142a szcz\u0119\u015bcie, \u017ce\u00a0Jonatan Braut Brunes, maj\u0105c odkryt\u0105 du\u017c\u0105 cz\u0119\u015b\u0107 bramki, trafi\u0142 w\u00a0s\u0142upek. Rzut karny by\u0142 s\u0142uszny, ale\u00a0pojawi\u0142 si\u0119 jednak z\u00a0niczego. Ma\u0142o kto spisywa\u0142 si\u0119 dobrze (Patryk Kun), wi\u0119kszo\u015b\u0107 zawodzi\u0142a. Legia wci\u0105\u017c ma\u00a0sporo problem\u00f3w, czas leci, zosta\u0142o tylko\u00a0osiem kolejek, ale\u00a0nie\u00a0s\u0105dz\u0119, by\u00a0zesp\u00f3\u0142 Marka Papszuna m\u00f3g\u0142 w\u00a0tym sezonie po\u017cegna\u0107 si\u0119 z\u00a0Ekstraklas\u0105.<\/p>\n<p>Obecny na\u00a0X\u00a0Piotr Klimek, matematyk, interesuj\u0105cy si\u0119 pi\u0142k\u0105, w\u00a0swoim modelu prawdopodobie\u0144stwo spadku Legii Warszawa ocenia obecnie na\u00a025,2%. Wydaje mi\u00a0si\u0119, \u017ce\u00a0i\u00a0tak\u00a0jest troszk\u0119 zawy\u017cone.<\/p>\n<blockquote class=\"twitter-tweet\">\n<p dir=\"ltr\" lang=\"pl\">26\/34<br \/>Taka kolejka na\u00a0umocnienie trend\u00f3w. Na\u00a0g\u00f3rze Lech coraz wyra\u017aniej odskakuje, na\u00a0dole tr\u00f3jka coraz wyra\u017aniej traci peleton z\u00a0zasi\u0119gu wzroku (jeden to\u00a0jest w\u00a0og\u00f3le pozamiatany) <a href=\"https:\/\/t.co\/VWBqf7hmFC\" target=\"_blank\" rel=\"noopener noreferrer nofollow\">pic.twitter.com\/VWBqf7hmFC<\/a><\/p>\n<p>\u2014\u00a0Piotr Klimek (@pklimek99) <a href=\"https:\/\/twitter.com\/pklimek99\/status\/2035837665849786764?ref_src=twsrc%5Etfw\" target=\"_blank\" rel=\"noopener noreferrer nofollow\">March 22, 2026<\/a><\/p>\n<\/blockquote>\n<p>Stabilny bramkarz, wracaj\u0105cy napastnik i\u00a0pi\u0142karz z\u00a0I\u00a0ligi. Dzi\u0119ki nim Legia Warszawa utrzyma si\u0119 w\u00a0Ekstraklasie<\/p>\n<p>Oczywi\u015bcie, przy bramce dla Rakowa zawi\u00f3d\u0142 Jean-Pierre Nsame, kt\u00f3ry\u00a0w\u00a0zasadzie wy\u0142o\u017cy\u0142 rywalowi pi\u0142k\u0119. Ale\u00a0jednocze\u015bnie ten sam pi\u0142karz wywalczy\u0142 rzut karny, p\u00f3\u017aniej go\u00a0wykorzysta\u0142, a\u00a0w\u00a0pierwszej po\u0142owie doszed\u0142 do\u00a0niez\u0142ej sytuacji. Nsame wraca po\u00a0powa\u017cnym urazie, ale\u00a0ju\u017c teraz daje wi\u0119cej ni\u017c Mileta Rajovi\u0107 i\u00a0z\u00a0czasem, przy wsparciu Rafa\u0142a Adamskiego, kt\u00f3ry\u00a0akurat wczoraj wypad\u0142 gorzej, powinien by\u0107 bardzo wa\u017cnym pi\u0142karzem w\u00a0walce o\u00a0pozostanie w\u00a0lidze.<\/p>\n<p>Legia ma\u00a0mi\u0119dzy s\u0142upkami Otto Hindricha, kt\u00f3ry\u00a0mo\u017ce nie\u00a0jest widowiskowy i\u00a0spektakularny, ale\u00a0wydaje si\u0119 stabilny i\u00a0skuteczny,<a href=\"https:\/\/weszlo.com\/otto-hindrich-nowy-bramkarz-legii-warszawa-to-jego-historia\/\" rel=\"nofollow noopener\" target=\"_blank\"> o\u00a0czym zreszt\u0105 m\u00f3wili nam znaj\u0105cy go\u00a0ludzie po\u00a0jego przenosinach na\u00a0\u0141azienkowsk\u0105<\/a>. A\u00a0taki bramkarz w\u00a0takich okoliczno\u015bciach ma\u00a0te\u017c du\u017ce znaczenie.<\/p>\n<p>Kiedy sytuacja w\u00a0lidze jest tak\u00a0wyr\u00f3wnana, presja ro\u015bnie, a\u00a0ty\u00a0walczysz o\u00a0ligowy byt, nie\u00a0b\u0119d\u0105c do\u00a0tego przyzwyczajonym, to\u00a0niekoniecznie jest czas najlepszych pi\u0142karsko zawodnik\u00f3w, artyst\u00f3w. Czasami wi\u0119cej dadz\u0105 ci\u00a0wojownicy, kt\u00f3rzy\u00a0nie\u00a0schodz\u0105 poni\u017cej pewnego poziomu i, cho\u0107 nie\u00a0potrafi\u0105 nie\u00a0wiadomo ile, zawsze na\u00a0boisku zostawiaj\u0105 serce. Mam wra\u017cenie, \u017ce\u00a0w\u00a0Legii kim\u015b takim jest Patryk Kun. W\u00a0tym niezbyt porywaj\u0105cym meczu z\u00a0Rakowem, toczonym na\u00a0zasadzie \u201esystem na\u00a0system\u201d, w\u00a0dru\u017cynie gospodarzy podoba\u0142 si\u0119 najbardziej. Szarpa\u0142, dawa\u0142 z\u00a0siebie du\u017co. Nie\u00a0zawsze wychodzi\u0142o, ale\u00a0przynajmniej podrywa\u0142 koleg\u00f3w do\u00a0walki.<\/p>\n<p><img decoding=\"async\" class=\"aligncenter size-full wp-image-1426834\" src=\"https:\/\/www.europesays.com\/pl\/wp-content\/uploads\/2026\/03\/20260322toja4100-scaled.jpg\" alt=\"Patryk Kun\" width=\"2560\" height=\"1746\" loading=\"lazy\"  \/><\/p>\n<p style=\"text-align: center;\">Patryk Kun\u00a0<\/p>\n<p>Zobaczcie w\u00a0og\u00f3le, na\u00a0kogo przede wszystkim liczy dzi\u015b Legia. Na\u00a0Kuna, kt\u00f3ry\u00a0by\u0142 w\u00a0niej skre\u015blony. Na\u00a0Adamskiego, kt\u00f3ry\u00a0przyszed\u0142 z\u00a0pierwszoligowej Pogoni Grodzisk Mazowiecki i\u00a0pokaza\u0142 ju\u017c, jak wiele mo\u017ce da\u0107 dru\u017cynie Papszuna (bardzo dobre spotkanie w\u00a0Radomiu). Wreszcie \u2013 na\u00a0Nsame, kt\u00f3ry\u00a0przez\u00a0kilka miesi\u0119cy z\u00a0powodu urazu nie\u00a0m\u00f3g\u0142 gra\u0107 w\u00a0pi\u0142k\u0119, ale\u00a0jego powr\u00f3t mo\u017ce by\u0107 pi\u0142karskim zbawieniem. Na\u00a0Paw\u0142a Wszo\u0142ka, kt\u00f3rego\u00a0te\u017c troch\u0119 nie\u00a0by\u0142o i\u00a0kt\u00f3ry\u00a0w\u00a0spotkaniu z\u00a0Rakowem by\u0142 jaki\u015b taki przesadnie nakr\u0119cony, jakby troch\u0119 przemotywowany. Legia liczy te\u017c mocno na\u00a0zrywy Wahana Biczachczjana, kt\u00f3ry\u00a0po\u00a0przyj\u015bciu do\u00a0Warszawy te\u017c niekoniecznie by\u0142 pierwszym wyborem.<\/p>\n<p>Ale\u00a0si\u0119 porobi\u0142o.<\/p>\n<p>Legia ma\u00a0szcz\u0119\u015bcie, \u017ce\u00a0kilka dru\u017cyn Ekstraklasy jest teraz s\u0142abszych od\u00a0niej<\/p>\n<p>Poza tym, wydaje si\u0119, \u017ce\u00a0od\u00a0Legii jest w\u00a0tej\u00a0chwili w\u00a0lidze kilka s\u0142abszych dru\u017cyn. Bruk-Bet Termalica Nieciecza zdaje si\u0119 zna\u0107 swoje miejsce w\u00a0szeregu, o\u00a0czym \u015bwiadczy m.in.\u00a0wypowied\u017a Macieja Ambrosiewicza po\u00a0spotkaniu w\u00a0Poznaniu.<\/p>\n<p>Arka Gdynia znowu by\u0142a bardzo s\u0142aba na\u00a0wyje\u017adzie, ulegaj\u0105c Koronie. To\u00a0zesp\u00f3\u0142 o\u00a0mocno ograniczonym potencjale, z\u00a0kt\u00f3rego\u00a0Dawid Szwarga i\u00a0tak\u00a0ca\u0142kiem sporo wyci\u0105ga. Je\u017celi chcesz bi\u0107 si\u0119 o\u00a0pozostanie w\u00a0Ekstraklasie, musisz mie\u0107 jednak z\u00a0przodu go\u015bcia, gwarantuj\u0105cego gole, albo\u00a0chocia\u017c spory potencja\u0142 ofensywy. Sp\u00f3jrzcie \u2013 Lechia ma\u00a0Tomasa Bobcka, Motor Karola Czubaka, Korona \u2013 Mariusza St\u0119pi\u0144skiego. GKS ma\u00a0solidnego Ili\u0119 Szkuryna, a\u00a0obok Bartosza Nowaka. Pogo\u0144 \u2013 tak\u00a0si\u0119 wydaje \u2013 ma\u00a0za\u00a0du\u017c\u0105 si\u0142\u0119 w\u0142a\u015bnie w\u00a0ofensywie, \u017ceby\u00a0zlecie\u0107 z\u00a0ligi.<\/p>\n<p>Arka? Vladislavs Gutkovskis nie\u00a0wygl\u0105da na\u00a0go\u015bcia, kt\u00f3rego\u00a0kilka wa\u017cnych bramek mo\u017ce da\u0107 utrzymanie w\u00a0lidze, a\u00a0Sebastian Kerk to\u00a0najlepszy pi\u0142karz zespo\u0142u z\u00a0Gdyni, ale\u00a0najgro\u017aniejszy jest, gdy\u00a0kopie ze\u00a0stoj\u0105cej pi\u0142ki.<\/p>\n<p>Podobny problem ma\u00a0Radomiak, kt\u00f3ry\u00a0straci\u0142 Capit\u0119 i\u00a0po\u017cegna\u0142 si\u0119 z\u00a0Goncalo Feio, kt\u00f3ry\u00a0nawywija\u0142 tam pewnie wi\u0119cej, ni\u017c pojawia\u0142o si\u0119 w\u00a0opinii publicznej. Teraz w\u00a0dodatku w\u00a0Radomiu szukaj\u0105 trenera.<\/p>\n<p>No\u00a0i\u00a0wreszcie, Legia nie\u00a0powinna spa\u015b\u0107, bo\u00a0jest jeszcze Widzew. Rany, co\u00a0to\u00a0by\u0142 za\u00a0pokaz antyfutbolu z\u00a0G\u00f3rnikiem Zabrze. Lech w\u00a0samej pierwszej po\u0142owie z\u00a0Bruk-Betem odda\u0142 18 strza\u0142\u00f3w, a\u00a0zesp\u00f3\u0142 Aleksandara Vukovicia pierwsze uderzenie na\u00a0bramk\u0119 pokaza\u0142 nam w\u2026 76. minucie. Widzew to\u00a0troch\u0119 podobny przyk\u0142ad do\u00a0Legii \u2013 niby nie\u00a0przegra\u0142 \u017cadnego z\u00a0trzech mecz\u00f3w pod\u00a0wodz\u0105 Serba, ale\u00a0ten styl? Nawet w\u00a0wygranym spotkaniu z\u00a0Lechem mia\u0142 sporo minut bardzo s\u0142abego grania. Je\u017celi Widzew b\u0119dzie prezentowa\u0142 si\u0119 do\u00a0ko\u0144ca sezonu tak, jak z\u00a0G\u00f3rnikiem, to\u00a0po\u00a0prostu spadnie. Tam jednak co\u015b trzeba zmieni\u0107.<\/p>\n<p>Kibice Legii mog\u0105 czu\u0107 si\u0119 mocno zaniepokojeni. W\u00a0grze wiele si\u0119 nie\u00a0zgadza, teraz mecz z\u00a0Pogoni\u0105, w\u00a0kt\u00f3rym\u00a0faworytem b\u0119d\u0105 mocni na\u00a0w\u0142asnym boisku gospodarze. Zesp\u00f3\u0142 Marka Papszuna ma\u00a030 punkt\u00f3w i\u00a0\u017ceby\u00a0utrzyma\u0107 si\u0119 w\u00a0lidze, z\u00a0pozosta\u0142ych o\u015bmiu spotka\u0144 b\u0119dzie pewnie musia\u0142 wygra\u0107 trzy, ewentualnie jeszcze jedno zremisowa\u0107. Ale\u00a0gdy\u00a0patrz\u0119 w\u00a0terminarz, to\u00a0cho\u0107 nie\u00a0jest on\u00a0naj\u0142atwiejszy, wychodzi na\u00a0to, \u017ce\u00a0to\u00a0jednak powinno si\u0119 uda\u0107.<\/p>\n<p>Jest mecz z\u00a0Bruk-Betem. Spotkania z\u00a0G\u00f3rnikiem i\u00a0Widzewem u\u00a0siebie (ale\u00a0to\u00a0ostatnie b\u0119dzie toczone pod\u00a0napi\u0119ciem). Jest Motor Lublin przy \u0141azienkowskiej na\u00a0koniec sezonu.<\/p>\n<p>B\u0119d\u0119 mimo wszystko bardzo zaskoczony, je\u015bli Legia nie\u00a0utrzyma si\u0119 w\u00a0lidze.<\/p>\n<p>JAKUB RADOMSKI<\/p>\n<p>Fot.\u00a0Newspix.pl\u00a0<\/p>\n<p>WI\u0118CEJ O\u00a0LEGII NA\u00a0WESZ\u0141O:<br \/>\n                    <script async src=\"https:\/\/platform.twitter.com\/widgets.js\" charset=\"utf-8\"><\/script><\/p>\n","protected":false},"excerpt":{"rendered":"Nie\u00a0ukrywam, \u017ce\u00a0oczekiwa\u0142em troch\u0119 wi\u0119cej po\u00a0Legii w\u00a0meczu z\u00a0Rakowem. Stworzenia wi\u0119kszej liczby sytuacji. Przyci\u015bni\u0119cia rywala. Zaatakowania, wi\u0119kszej odwagi w\u00a0ostatnich kilkunastu&hellip;\n","protected":false},"author":2,"featured_media":321108,"comment_status":"","ping_status":"","sticky":false,"template":"","format":"standard","meta":{"footnotes":"","_share_on_mastodon":"0"},"categories":[24],"tags":[713,4700,42,38,40,39,41,41587,127,126],"class_list":["post-321107","post","type-post","status-publish","format-standard","has-post-thumbnail","category-sport","tag-legia-warszawa","tag-patryk-kun","tag-pl","tag-poland","tag-polish","tag-polska","tag-polski","tag-rafal-adamski","tag-sport","tag-sports"],"share_on_mastodon":{"url":"https:\/\/pubeurope.com\/@pl\/116277837000310372","error":""},"_links":{"self":[{"href":"https:\/\/www.europesays.com\/pl\/wp-json\/wp\/v2\/posts\/321107","targetHints":{"allow":["GET"]}}],"collection":[{"href":"https:\/\/www.europesays.com\/pl\/wp-json\/wp\/v2\/posts"}],"about":[{"href":"https:\/\/www.europesays.com\/pl\/wp-json\/wp\/v2\/types\/post"}],"author":[{"embeddable":true,"href":"https:\/\/www.europesays.com\/pl\/wp-json\/wp\/v2\/users\/2"}],"replies":[{"embeddable":true,"href":"https:\/\/www.europesays.com\/pl\/wp-json\/wp\/v2\/comments?post=321107"}],"version-history":[{"count":0,"href":"https:\/\/www.europesays.com\/pl\/wp-json\/wp\/v2\/posts\/321107\/revisions"}],"wp:featuredmedia":[{"embeddable":true,"href":"https:\/\/www.europesays.com\/pl\/wp-json\/wp\/v2\/media\/321108"}],"wp:attachment":[{"href":"https:\/\/www.europesays.com\/pl\/wp-json\/wp\/v2\/media?parent=321107"}],"wp:term":[{"taxonomy":"category","embeddable":true,"href":"https:\/\/www.europesays.com\/pl\/wp-json\/wp\/v2\/categories?post=321107"},{"taxonomy":"post_tag","embeddable":true,"href":"https:\/\/www.europesays.com\/pl\/wp-json\/wp\/v2\/tags?post=321107"}],"curies":[{"name":"wp","href":"https:\/\/api.w.org\/{rel}","templated":true}]}}