{"id":321184,"date":"2026-03-23T10:26:08","date_gmt":"2026-03-23T10:26:08","guid":{"rendered":"https:\/\/www.europesays.com\/pl\/321184\/"},"modified":"2026-03-23T10:26:08","modified_gmt":"2026-03-23T10:26:08","slug":"wyjazd-karola-nawrockiego-na-wegry-wiceminister-grzmi-zle-dla-polski","status":"publish","type":"post","link":"https:\/\/www.europesays.com\/pl\/321184\/","title":{"rendered":"Wyjazd Karola Nawrockiego na W\u0119gry. Wiceminister grzmi. &#8222;Z\u0142e dla Polski&#8221;"},"content":{"rendered":"<p class=\"Paragraph_desktopParagraph__U31Gm\"><a href=\"https:\/\/www.onet.pl\/informacje\/onetwiadomosci\/radoslaw-sikorski-komentuje-plany-karola-nawrockiego-mam-nadzieje\/mwgmmq9,79cfc278\" id=\"95b0566a-96d2-4f8a-a37f-27f065b81a0b\" rel=\"nofollow noopener\" target=\"_blank\">W poniedzia\u0142ek Karol Nawrocki przyjedzie do Budapesztu, by spotka\u0107 si\u0119 z Viktorem Orbanem<\/a>. Tego samego dnia w stolicy W\u0119gier odb\u0119dzie si\u0119 tzw. Wielkie Zgromadzenie skrajnie prawicowej koalicji Patrioci dla Europy. Maj\u0105 w nim wzi\u0105\u0107 udzia\u0142 m.in. znani w przesz\u0142o\u015bci z prokremlowskich sympatii Marine Le Pen z francuskiego Zjednoczenia Narodowego i wicepremier W\u0142och Matteo Salvini.<\/p>\n<p class=\"Paragraph_desktopParagraph__U31Gm\">Jan Szyszko w programie &#8222;Onet Rano&#8221; wprost stwierdzi\u0142, \u017ce poniedzia\u0142kowa wizyta prezydenta na W\u0119grzech jest przedwyborczym wsparciem dla Orbana. Odni\u00f3s\u0142 si\u0119 przy tym do doniesie\u0144 &#8222;Washington Post&#8221;, wed\u0142ug kt\u00f3rych <a href=\"https:\/\/wiadomosci.onet.pl\/swiat\/radoslaw-sikorski-reaguje-na-doniesienia-o-szefie-wegierskiego-msz\/l095cg0\" id=\"643cef07-b998-48dd-9439-60c780ff0bfc\" rel=\"nofollow noopener\" target=\"_blank\">szef w\u0119gierskiego MSZ Peter Szijjarto mia\u0142 przekazywa\u0107 informacje z posiedze\u0144 Rady Unii Europejskiej Moskwie<\/a>.<\/p>\n<p class=\"Paragraph_desktopParagraph__U31Gm\">\u2014 I polski prezydent takiego donosiciela idzie wesprze\u0107 w wyborach, bo istnieje ryzyko, \u017ce W\u0142adimir Putin straci swoj\u0105 &#8222;wtyk\u0119&#8221; w Europie. Wi\u0119c Nawrocki pr\u00f3buje pom\u00f3c Putinowi \u2014 powiedzia\u0142 wiceminister funduszy i polityki regionalnej.<\/p>\n<p>Prezydent Nawrocki spotka si\u0119 z Viktorem Orbanem. &#8222;Absolutny skandal&#8221; <\/p>\n<p class=\"Paragraph_desktopParagraph__U31Gm\">\u2014 Nie spos\u00f3b uargumentowa\u0107 wycieczk\u0119 na W\u0119gry i wsparcie takiego lidera rz\u0105du, jakim jest Viktor Orban. To jest po prostu z\u0142e dla Polski, \u017ceby w takie co\u015b si\u0119 anga\u017cowa\u0107 \u2014 doda\u0142 Szyszko.<\/p>\n<p class=\"Paragraph_desktopParagraph__U31Gm\">Polityk Polski 2050 podkre\u015bla\u0142, \u017ce on sam nie chcia\u0142by, \u017ceby na trzy tygodnie przed wyborami w Polsce przyje\u017cd\u017ca\u0142 do naszego kraju jakikolwiek premier lub prezydent innego pa\u0144stwa i m\u00f3wi\u0142 Polakom, na kogo maj\u0105 g\u0142osowa\u0107.<\/p>\n<p class=\"Paragraph_desktopParagraph__U31Gm\">Na W\u0119gry z przedwyborczym wsparciem dla Orbana ma przyjecha\u0107 tak\u017ce m.in. wiceprezydent USA J.D. Vance. \u2014 Ca\u0142y sojusz graj\u0105cy na rozbicie Europy i graj\u0105cy na os\u0142abienie Unii Europejskiej, wi\u0119c os\u0142abienie te\u017c Polski, spotyka si\u0119 w Budapeszcie. To b\u0119dzie festiwal przyjaci\u00f3\u0142 Kremla \u2014 komentowa\u0142 Szyszko.<\/p>\n<p class=\"Paragraph_desktopParagraph__U31Gm\">Jego zdaniem wizyta na W\u0119grzech zaszkodzi wizerunkowo Nawrockiemu. \u2014 Wydaje mi si\u0119, \u017ce Polacy nie lubi\u0105, jak si\u0119 wspiera donosicieli, a de facto to jest to, co robi prezydent Nawrocki. Idzie wspiera\u0107 donosiciela. To jest absolutny skandal \u2014 podsumowa\u0142.<\/p>\n","protected":false},"excerpt":{"rendered":"W poniedzia\u0142ek Karol Nawrocki przyjedzie do Budapesztu, by spotka\u0107 si\u0119 z Viktorem Orbanem. Tego samego dnia w stolicy&hellip;\n","protected":false},"author":2,"featured_media":321185,"comment_status":"","ping_status":"","sticky":false,"template":"","format":"standard","meta":{"footnotes":"","_share_on_mastodon":"0"},"categories":[12],"tags":[32,33,36,37,27,51342,240,34,35,28,31,53,25,3935,52,68,51,55,42,38,40,39,41,47,29,30,65,50,1233,1234,26,418],"class_list":["post-321184","post","type-post","status-publish","format-standard","has-post-thumbnail","category-polska","tag-breaking-news","tag-breakingnews","tag-featured-news","tag-featurednews","tag-headlines","tag-jan_szyszko","tag-karol_nawrocki_prezydent","tag-latest-news","tag-latestnews","tag-naglowki","tag-najwazniejsze-artykuly","tag-new_header","tag-news","tag-onet_rano_program_wideo","tag-onet3","tag-onet3d","tag-onet3d_2i","tag-phx","tag-pl","tag-poland","tag-polish","tag-polska","tag-polski","tag-screening_general","tag-top-stories","tag-topstories","tag-update_me","tag-v2021","tag-viktor_orban_wegierski_polityk","tag-wegry_wegier_wegierka_wegrzy","tag-wiadomosci","tag-wladimir_putin_rosyjski_prezydent"],"share_on_mastodon":{"url":"","error":"Validation failed: Text character limit of 500 exceeded"},"_links":{"self":[{"href":"https:\/\/www.europesays.com\/pl\/wp-json\/wp\/v2\/posts\/321184","targetHints":{"allow":["GET"]}}],"collection":[{"href":"https:\/\/www.europesays.com\/pl\/wp-json\/wp\/v2\/posts"}],"about":[{"href":"https:\/\/www.europesays.com\/pl\/wp-json\/wp\/v2\/types\/post"}],"author":[{"embeddable":true,"href":"https:\/\/www.europesays.com\/pl\/wp-json\/wp\/v2\/users\/2"}],"replies":[{"embeddable":true,"href":"https:\/\/www.europesays.com\/pl\/wp-json\/wp\/v2\/comments?post=321184"}],"version-history":[{"count":0,"href":"https:\/\/www.europesays.com\/pl\/wp-json\/wp\/v2\/posts\/321184\/revisions"}],"wp:featuredmedia":[{"embeddable":true,"href":"https:\/\/www.europesays.com\/pl\/wp-json\/wp\/v2\/media\/321185"}],"wp:attachment":[{"href":"https:\/\/www.europesays.com\/pl\/wp-json\/wp\/v2\/media?parent=321184"}],"wp:term":[{"taxonomy":"category","embeddable":true,"href":"https:\/\/www.europesays.com\/pl\/wp-json\/wp\/v2\/categories?post=321184"},{"taxonomy":"post_tag","embeddable":true,"href":"https:\/\/www.europesays.com\/pl\/wp-json\/wp\/v2\/tags?post=321184"}],"curies":[{"name":"wp","href":"https:\/\/api.w.org\/{rel}","templated":true}]}}