{"id":321374,"date":"2026-03-23T12:14:12","date_gmt":"2026-03-23T12:14:12","guid":{"rendered":"https:\/\/www.europesays.com\/pl\/321374\/"},"modified":"2026-03-23T12:14:12","modified_gmt":"2026-03-23T12:14:12","slug":"dzis-wieczorem-polacy-wlacza-polsat-swiatowy-hit-z-siedmioma-oscarami-po-raz-pierwszy-w-telewizji-rmf-fm","status":"publish","type":"post","link":"https:\/\/www.europesays.com\/pl\/321374\/","title":{"rendered":"Dzi\u015b wieczorem Polacy w\u0142\u0105cz\u0105 Polsat! \u015awiatowy hit z siedmioma Oscarami po raz pierwszy w telewizji :: RMF FM"},"content":{"rendered":"<p>W ten poniedzia\u0142kowy wiecz\u00f3r widzowie b\u0119d\u0105 mieli okazj\u0119 po raz pierwszy obejrze\u0107 w telewizji jeden z najg\u0142o\u015bniejszych film\u00f3w ostatnich lat. \u201eOppenheimer\u201d \u2013 nagrodzony siedmioma Oscarami obraz w re\u017cyserii Christophera Nolana \u2013 zadebiutuje na ma\u0142ym ekranie. To wyj\u0105tkowa szansa, by pozna\u0107 histori\u0119 cz\u0142owieka, kt\u00f3ry zmieni\u0142 losy \u015bwiata.&#13;\n<\/p>\n<p>&#13;<br \/>\n\tTelewidzowie nie b\u0119d\u0105 mogli dzi\u015b wieczorem narzeka\u0107 na nud\u0119! O godzinie 21:40 Telewizja Polsat po raz pierwszy wyemituje kinowy megahit pt. \u201eOppenheimer\u201d. Akcja filmu rozgrywa si\u0119 w samym centrum jednego z kluczowych i najbardziej budz\u0105cych emocje wydarze\u0144 XX wieku.<\/p>\n<p style=\"text-align: center;\">&#13;<br \/>\n\tCzytaj te\u017c:\u00a0<a href=\"https:\/\/www.rmf.fm\/rozrywka\/news,89760,tv4-pokaze-dzis-slynny-thriller-davida-finchera-w-roli-glownej-laureatka-dwoch-oscarow.html\" target=\"_blank\" rel=\"nofollow noopener\">TV4 poka\u017ce dzi\u015b s\u0142ynny thriller Davida Finchera. W roli g\u0142\u00f3wnej laureatka dw\u00f3ch Oscar\u00f3w!<\/a><\/p>\n<p>&#13;<br \/>\n\tRe\u017cyser,\u00a0Christopher Nolan, zaprosi\u0142 do wsp\u00f3\u0142pracy najwi\u0119ksze gwiazdy \u015bwiatowego formatu. Anga\u017c do g\u0142\u00f3wnej roli otrzyma\u0142 Cillian Murphy, a jego \u017cyciow\u0105 partnerk\u0119 gra Emily Blunt. Na ekranie pojawiaj\u0105 si\u0119 jeszcze: Matt Damon, Robert Downey Jr., Florence Pugh, Kenneth Branagh, Remi Malek, Josh Hartnett, Gary Oldman oraz Benny Safdie.\u00a0\u00a0<\/p>\n<p>&#13;<br \/>\n\tO czym jest film\u00a0\u201eOppenheimer\u201d?\u00a0<\/p>\n<p>&#13;<br \/>\n\tFabu\u0142a koncentruje si\u0119 na losach J. Roberta Oppenheimera, jego naukowych aspiracjach, wewn\u0119trznych rozterkach oraz prywatnych trudno\u015bciach. Obserwujemy go jako wybitnego fizyka, kt\u00f3ry zostaje wyznaczony do kierowania tajnym projektem ameryka\u0144skiego rz\u0105du w czasie II wojny \u015bwiatowej. Razem z grup\u0105 najzdolniejszych naukowc\u00f3w tamtych czas\u00f3w, Oppenheimer pracuje nad stworzeniem bomby maj\u0105cej zako\u0144czy\u0107 konflikt, lecz jednocze\u015bnie staje przed ogromnym ci\u0119\u017carem odpowiedzialno\u015bci za przysz\u0142o\u015b\u0107 ca\u0142ej ludzko\u015bci.\u00a0<\/p>\n<p><a href=\"https:\/\/www.rmf.fm\/rozrywka\/filmy-i-seriale\/news,89605,widzowie-ocenili-go-na-8610-uwielbiany-serial-za-moment-zniknie-z-netflixa.html\" rel=\"nofollow noopener\" target=\"_blank\"><img decoding=\"async\" src=\"https:\/\/www.europesays.com\/pl\/wp-content\/uploads\/2026\/03\/48cceb4667f06fc5147e4c2656ccf4df.jpg\" width=\"290\"\/><\/a><a href=\"https:\/\/www.rmf.fm\/rozrywka\/filmy-i-seriale\/news,89605,widzowie-ocenili-go-na-8610-uwielbiany-serial-za-moment-zniknie-z-netflixa.html\" rel=\"nofollow noopener\" target=\"_blank\">Widzowie ocenili go na 8,6\/10! Uwielbiany serial za moment zniknie z Netflixa<\/a><\/p>\n<p>Ten wyr\u00f3\u017cnia si\u0119 nie tylko oryginalnym pomys\u0142em, ale tak\u017ce mrocznym klimatem, czarnym humorem i \u015bwietnie napisanymi postaciami. Nic wi\u0119c dziwnego, \u017ce przez lata zyska\u0142 ogromn\u0105 popularno\u015b\u0107 i bardzo wysokie noty od ogl\u0105daj\u0105cych. Je\u015bli&#8230;<\/p>\n<p>&#13;<br \/>\n\tFilm nie tylko ods\u0142ania kulisy prac nad bomb\u0105 atomow\u0105, ale r\u00f3wnie\u017c wnika w psychik\u0119 g\u0142\u00f3wnego bohatera. M\u0119\u017cczyzna mierzy si\u0119 z naciskami ze strony polityk\u00f3w, rywalizacj\u0105 w \u015brodowisku naukowym oraz w\u0142asnymi dylematami etycznymi. Po zrzuceniu bomb na Hiroszim\u0119 i Nagasaki staje przed trudnym pytaniem: czy osi\u0105gni\u0119cie celu usprawiedliwia zastosowane \u015brodki? Jego powojenne \u017cycie to zmagania z konsekwencjami podj\u0119tych decyzji, uwik\u0142anie w polityczne rozgrywki oraz publiczne rozliczanie si\u0119 z przesz\u0142o\u015bci\u0105.<\/p>\n<p>&#13;<br \/>\n\t7 Oscar\u00f3w i zachwyt widz\u00f3w<\/p>\n<p>&#13;<br \/>\n\tProdukcja bardzo spodoba\u0142a si\u0119 widzom, kt\u00f3rzy na platformie Filmweb przyznali jej \u015bredni\u0105 7,9 na 10, a nota w serwisie IMDb jest jeszcze wy\u017csza i wynosi 8,2 w dziesi\u0119ciogwiazdkowej skali. Obraz Nolana doceni\u0142a tak\u017ce Akademia, kt\u00f3ra przyzna\u0142a mu a\u017c siedem Oscar\u00f3w. Produkcja wygra\u0142a mi\u0119dzy innymi w kategoriach najlepszy film, najlepsza muzyka oryginalna i najlepszy re\u017cyser. Swoje pierwsze Oscary dostali tak\u017ce aktorzy pierwszo- i drugoplanowi: Cillian Murphy oraz Robert Downey Jr.\u00a0<\/p>\n<blockquote class=\"instagram-media\" data-instgrm-captioned=\"\" data-instgrm-permalink=\"https:\/\/www.instagram.com\/p\/C4Wz-YbJQ9a\/?utm_source=ig_embed&amp;utm_campaign=loading\" data-instgrm-version=\"14\" style=\" background:#FFF; border:0; border-radius:3px; box-shadow:0 0 1px 0 rgba(0,0,0,0.5),0 1px 10px 0 rgba(0,0,0,0.15); margin: 1px; max-width:540px; min-width:326px; padding:0; width:99.375%; width:-webkit-calc(100% - 2px); width:calc(100% - 2px);\"\/>\n<blockquote class=\"instagram-media\" data-instgrm-captioned=\"\" data-instgrm-permalink=\"https:\/\/www.instagram.com\/p\/C4W2U2Xr1MF\/?utm_source=ig_embed&amp;utm_campaign=loading\" data-instgrm-version=\"14\" style=\" background:#FFF; border:0; border-radius:3px; box-shadow:0 0 1px 0 rgba(0,0,0,0.5),0 1px 10px 0 rgba(0,0,0,0.15); margin: 1px; max-width:540px; min-width:326px; padding:0; width:99.375%; width:-webkit-calc(100% - 2px); width:calc(100% - 2px);\"\/>\n<p>\t\t\t\t\t\t<script async src=\"\/\/www.instagram.com\/embed.js\"><\/script><\/p>\n","protected":false},"excerpt":{"rendered":"W ten poniedzia\u0142kowy wiecz\u00f3r widzowie b\u0119d\u0105 mieli okazj\u0119 po raz pierwszy obejrze\u0107 w telewizji jeden z najg\u0142o\u015bniejszych film\u00f3w&hellip;\n","protected":false},"author":2,"featured_media":321375,"comment_status":"","ping_status":"","sticky":false,"template":"","format":"standard","meta":{"footnotes":"","_share_on_mastodon":"0"},"categories":[22],"tags":[122,42,38,40,39,41,25068,25065,123],"class_list":["post-321374","post","type-post","status-publish","format-standard","has-post-thumbnail","category-rozrywka","tag-entertainment","tag-pl","tag-poland","tag-polish","tag-polska","tag-polski","tag-program-telewizyjny","tag-program-tv","tag-rozrywka"],"share_on_mastodon":{"url":"https:\/\/pubeurope.com\/@pl\/116278438361944523","error":""},"_links":{"self":[{"href":"https:\/\/www.europesays.com\/pl\/wp-json\/wp\/v2\/posts\/321374","targetHints":{"allow":["GET"]}}],"collection":[{"href":"https:\/\/www.europesays.com\/pl\/wp-json\/wp\/v2\/posts"}],"about":[{"href":"https:\/\/www.europesays.com\/pl\/wp-json\/wp\/v2\/types\/post"}],"author":[{"embeddable":true,"href":"https:\/\/www.europesays.com\/pl\/wp-json\/wp\/v2\/users\/2"}],"replies":[{"embeddable":true,"href":"https:\/\/www.europesays.com\/pl\/wp-json\/wp\/v2\/comments?post=321374"}],"version-history":[{"count":0,"href":"https:\/\/www.europesays.com\/pl\/wp-json\/wp\/v2\/posts\/321374\/revisions"}],"wp:featuredmedia":[{"embeddable":true,"href":"https:\/\/www.europesays.com\/pl\/wp-json\/wp\/v2\/media\/321375"}],"wp:attachment":[{"href":"https:\/\/www.europesays.com\/pl\/wp-json\/wp\/v2\/media?parent=321374"}],"wp:term":[{"taxonomy":"category","embeddable":true,"href":"https:\/\/www.europesays.com\/pl\/wp-json\/wp\/v2\/categories?post=321374"},{"taxonomy":"post_tag","embeddable":true,"href":"https:\/\/www.europesays.com\/pl\/wp-json\/wp\/v2\/tags?post=321374"}],"curies":[{"name":"wp","href":"https:\/\/api.w.org\/{rel}","templated":true}]}}