{"id":321771,"date":"2026-03-23T16:26:15","date_gmt":"2026-03-23T16:26:15","guid":{"rendered":"https:\/\/www.europesays.com\/pl\/321771\/"},"modified":"2026-03-23T16:26:15","modified_gmt":"2026-03-23T16:26:15","slug":"ignacy-liss-maria-sobocinska-i-kamil-studnicki-robia-furore-w-lille-owacje-na-stojaco","status":"publish","type":"post","link":"https:\/\/www.europesays.com\/pl\/321771\/","title":{"rendered":"Ignacy Liss, Maria Soboci\u0144ska i Kamil Studnicki robi\u0105 furor\u0119 w Lille. Owacje na stoj\u0105co"},"content":{"rendered":"<p class=\"Paragraph_desktopParagraph__U31Gm\">Odwa\u017cne historie, nowe twarze i polska reprezentacja na mi\u0119dzynarodowej arenie. W marcu oczy bran\u017cy serialowej skierowane s\u0105 na Lille we Francji, gdzie ponad 50 tytu\u0142\u00f3w z r\u00f3\u017cnych kraj\u00f3w walczy o uznanie widz\u00f3w i ekspert\u00f3w. W\u015br\u00f3d nich znalaz\u0142 si\u0119 serial &#8222;Proud&#8221;, kt\u00f3ry jako pierwsza od 10 lat polska produkcja zakwalifikowa\u0142 si\u0119 do konkursu g\u0142\u00f3wnego festiwalu Series Mania. Na zaproszenie HBO Max towarzyszyli\u015bmy ekipie z Polski podczas \u015bwiatowej premiery &#8222;Proud&#8221;.<\/p>\n<p class=\"Paragraph_desktopParagraph__U31Gm\">Nowy serial HBO Max opowiada histori\u0119 Filipa \u2014 m\u0142odego, nieodpowiedzialnego geja, kt\u00f3ry z pozoru jest panem w\u0142asnego losu. Pi\u0119kny, pewny siebie, a jednocze\u015bnie bezczelny i niecierpliwy, Filip rekompensuje swoje kompleksy arogancj\u0105 i podziwem otoczenia. Pracuje jako model, a \u015bwiat wydaje si\u0119 na wyci\u0105gni\u0119cie jego r\u0119ki \u2014 do czasu rodzinnej tragedii, kt\u00f3ra wywraca jego \u017cycie do g\u00f3ry nogami. Wtedy postanawia adoptowa\u0107 dziecko.<\/p>\n<p class=\"Paragraph_desktopParagraph__U31Gm\">Przed bohaterem najwa\u017cniejsza i najbardziej skomplikowana podr\u00f3\u017c, w kt\u00f3rej b\u0119dzie musia\u0142 zmierzy\u0107 si\u0119 nie tylko z w\u0142asnymi s\u0142abo\u015bciami i pora\u017ckami, ale tak\u017ce z uprzedzeniami spo\u0142ecznymi i wyrzutami sumienia.<\/p>\n<p>Polski serial &#8222;Proud&#8221; z owacjami na stoj\u0105co na festiwalu Series Mania w Lille <\/p>\n<p class=\"Paragraph_desktopParagraph__U31Gm\">W g\u0142\u00f3wn\u0105 rol\u0119 wciela si\u0119 <a href=\"https:\/\/plejada.pl\/temat\/ignacy-liss\/rg7p594\" id=\"be307aaa-5192-409f-8f09-5d8ec017d160\" rel=\"nofollow noopener\" target=\"_blank\">Ignacy Liss<\/a> \u2014 aktor m\u0142odego pokolenia, kt\u00f3rego kariera nabiera tempa. Znany z takich produkcji jak &#8222;Znachor&#8221;, &#8222;Marzec &#8217;68&#8221; czy &#8222;Otw\u00f3rz oczy&#8221;, Liss nie boi si\u0119 trudnych r\u00f3l i odwa\u017cnych temat\u00f3w. W ubieg\u0142ym roku otrzyma\u0142 nominacj\u0119 dla najlepszego aktora na festiwalu Mastercard OFF Camera za rol\u0119 w filmie &#8222;\u015awiat\u0142oczu\u0142a&#8221;. Serial &#8222;Proud&#8221; to kolejny wa\u017cny krok w jego artystycznej drodze.<\/p>\n<blockquote>\n<p class=\"Paragraph_desktopParagraph__U31Gm\">W tym serialu uj\u0119\u0142o mnie to, \u017ce on nie pr\u00f3buje ci wbija\u0107 \u0142opat\u0105 jakich\u015b pogl\u0105d\u00f3w do g\u0142owy, indoktrynowa\u0107, wskazywa\u0107, w jaki spos\u00f3b powinni\u015bmy my\u015ble\u0107, tylko pokazuje histori\u0119 cz\u0142owieka. Cz\u0142owieka, kt\u00f3ry chce kocha\u0107, troszczy si\u0119 o drugiego cz\u0142owieka i mierzy si\u0119 przez to z jakimi\u015b trudno\u015bciami<\/p>\n<\/blockquote>\n<p class=\"Paragraph_desktopParagraph__U31Gm\">\u2014 Mam do\u015b\u0107 historii, kt\u00f3re nas dziel\u0105, polaryzuj\u0105 spo\u0142ecze\u0144stwo, powinni\u015bmy szuka\u0107 dialogu i wydaje mi si\u0119, \u017ce ten serial w\u0142a\u015bnie taki jest. On nie ma na celu nikogo szokowa\u0107, bo gej chce adoptowa\u0107 dziecko, dla mnie to w og\u00f3le nie jest o tym. To historia ch\u0142opaka, kt\u00f3ry po prostu jest sob\u0105 i pr\u00f3buje jako\u015b odnale\u017a\u0107 si\u0119 w tym \u015bwiecie, \u017cy\u0107 najlepiej, jak tylko potrafi. Je\u015bli ta historia powinna do czego\u015b prowokowa\u0107, to do dyskusji \u2014 wskazuje Ignacy Liss w rozmowie z Plejad\u0105.<\/p>\n<p><img decoding=\"async\" class=\"Image_image__0tuHp Image_autoHeight__f2n87 \" height=\"587\" width=\"333\" src=\"https:\/\/www.europesays.com\/pl\/wp-content\/uploads\/2026\/03\/IKbk9kqTURBXy85MWI1MDY2Y2MxMmIyMTYxZWVmN2IyZWVkYTgyZmJkNS5qcGVnkpUCzQOsAMLDlQIAzQJLwsPeAAOhMAGhMQGhM.jpeg\" alt=\"Ignacy Liss na festiwalu Series Mania w Lille\" loading=\"lazy\" \/>Onet<\/p>\n<p>Ignacy Liss na festiwalu Series Mania w Lille<\/p>\n<p class=\"Paragraph_desktopParagraph__U31Gm\">Za re\u017cyseri\u0119 odpowiada Karol Klementewicz, autork\u0105 zdj\u0119\u0107 jest Weronika Bilska, a scenariusz stworzyli Karol Klementewicz i Monika P\u0119cikiewicz. Produkcj\u0119 nadzoruje Bogumi\u0142 Lipski, scenografi\u0119 przygotowa\u0142a Marcelina Pocz\u0105tek-Kunikowska, a o kostiumy zadba\u0142a Zofia Komasa. Za muzyk\u0119 odpowiada \u0141ukasz Targosz. W obsadzie znale\u017ali si\u0119 tak\u017ce m.in. Maria Soboci\u0144ska, Kamil Studnicki, <a href=\"https:\/\/plejada.pl\/temat\/maja-ostaszewska-aktorka\/n10h0ve\" id=\"f7051300-ebed-4948-a201-ccb4044dce4f\" rel=\"nofollow noopener\" target=\"_blank\">Maja Ostaszewska<\/a>, Tamara Arciuch i Joanna Kulig. Po pokazie trzech odcink\u00f3w na festiwalu Series Mania polscy tw\u00f3rcy otrzymali owacje na stoj\u0105co.<\/p>\n<p class=\"Paragraph_desktopParagraph__U31Gm\">\u2014 Nie spodziewa\u0142em si\u0119, \u017ce sala, w kt\u00f3rej odb\u0119dzie si\u0119 projekcja, b\u0119dzie a\u017c tak du\u017ca. Kiedy sko\u0144czy\u0142 si\u0119 trzeci odcinek, zapali\u0142y si\u0119 \u015bwiat\u0142a i zobaczy\u0142em, \u017ce ci wszyscy ludzie tam s\u0105, a na dodatek stoj\u0105 i bij\u0105 brawo, pomy\u015bla\u0142em sobie: to jest niemo\u017cliwe. Dopyta\u0142em i okazuje si\u0119, \u017ce to [owacje na stoj\u0105co] jest dosy\u0107 rzadkie, wi\u0119c nie wiem, co si\u0119 sta\u0142o. (\u015bmiech) M\u00f3wi\u0105c powa\u017cnie, jestem strasznie zadowolony i szcz\u0119\u015bliwy, \u017ce publiczno\u015b\u0107 we Francji zobaczy\u0142a nasz serial i go doceni\u0142a \u2014 komentuje Plejadzie Karol Klementewicz.<\/p>\n<blockquote>\n<p class=\"Paragraph_desktopParagraph__U31Gm\">Moja g\u0142owa nie jest w stanie tego pomie\u015bci\u0107, nasz serial mia\u0142 \u015bwiatow\u0105 premier\u0119 na tym samym festiwalu, na kt\u00f3rym swoj\u0105 \u015bwiatow\u0105 premier\u0119 mia\u0142a m.in. &#8222;Sukcesja&#8221;, wi\u0119c to jest big deal [ang. wielka sprawa]. Mieli\u015bmy owacje na stoj\u0105co, a dyrektorka festiwalu powiedzia\u0142a, \u017ce to nie zdarza si\u0119 zbyt cz\u0119sto, by\u0142o du\u017co pyta\u0144, dyskusji, serial poruszy\u0142 Francuz\u00f3w i nie tylko, mam nadziej\u0119<\/p>\n<\/blockquote>\n<p class=\"Paragraph_desktopParagraph__U31Gm\">\u2014 dodaje Kamil Studnicki, serialowy Olek.<\/p>\n<p class=\"Paragraph_desktopParagraph__U31Gm\">O\u015bmioodcinkowy serial &#8222;Proud&#8221; b\u0119dzie mo\u017cna zobaczy\u0107 w czerwcu na platformie HBO Max. \u2014 Mam takie marzenie i b\u0119dzie mi bardzo mi\u0142o, je\u015bli kto\u015b, kto obejrzy osiem odcink\u00f3w, na sekund\u0119 si\u0119 zastanowi, nie musi si\u0119 z tym obnosi\u0107, ale niech przez sekund\u0119 si\u0119 zastanowi. Spo\u0142ecze\u0144stwo jest r\u00f3\u017cne, wszystko si\u0119 zmienia, nabiera r\u00f3\u017cnej dynamiki, wi\u0119c mam nadziej\u0119, \u017ce w odpowiednim momencie t\u0119 histori\u0119 opowiadamy i ona da wiele wzrusze\u0144, jakiej\u015b refleksji \u2014 podsumowuje re\u017cyser.<\/p>\n<p><img decoding=\"async\" class=\"Image_image__0tuHp Image_autoHeight__f2n87 \" height=\"587\" width=\"440\" src=\"https:\/\/www.europesays.com\/pl\/wp-content\/uploads\/2026\/03\/SsEk9kqTURBXy82MDc4OWYzYTg2ZjQzNDhlYmIyYTg1YzBkODNhYzQwYy5qcGVnkpUCzQOsAMLDlQIAzQJLwsPeAAOhMAGhMQGhM.jpeg\" alt=\"Tw\u00f3rcy serialu &quot;Proud&quot;\" loading=\"lazy\" \/>Onet<\/p>\n<p>Tw\u00f3rcy serialu &#8222;Proud&#8221;<\/p>\n<p class=\"Paragraph_desktopParagraph__U31Gm\">Dzi\u0119kujemy, \u017ce przeczyta\u0142a\u015b\/e\u015b nasz artyku\u0142 do ko\u0144ca. W serwisie Plejada.pl ka\u017cdego dnia piszemy o najwa\u017cniejszych wydarzeniach show-biznesowych. B\u0105d\u017a na bie\u017c\u0105co!<a rel=\"nofollow noopener\" href=\"https:\/\/profile.google.com\/cp\/Cg0vZy8xMWJ6X19wdHBx\" id=\"ae5af580-f2a4-4e86-b8ac-72e4f2a4a9f9\" target=\"_blank\"> Obserwuj<\/a> Plejad\u0119 w Google. Odwied\u017a nas tak\u017ce na<a rel=\"nofollow noopener\" href=\"https:\/\/www.facebook.com\/plejadapl\" id=\"2ed5e22e-33a6-4f7a-8145-64848d601898\" target=\"_blank\"> Facebooku<\/a>,<a rel=\"nofollow noopener\" href=\"https:\/\/www.instagram.com\/plejadapl\/\" id=\"cc344d06-7f1d-4587-80d4-9d907fcdda5e\" target=\"_blank\"> Instagramie<\/a>,<a rel=\"nofollow noopener\" href=\"https:\/\/www.youtube.com\/c\/plejada\" id=\"e476308c-f2b3-473c-b7ff-92804429412a\" target=\"_blank\"> YouTubie<\/a> oraz<a rel=\"nofollow noopener\" href=\"https:\/\/www.tiktok.com\/@plejada_pl\" id=\"ae29de31-c4e5-457c-8252-614949914800\" target=\"_blank\"> TikToku<\/a>.<\/p>\n<p class=\"Paragraph_desktopParagraph__U31Gm\">Chcesz podzieli\u0107 si\u0119 ciekawym newsem lub zaproponowa\u0107 temat? Skontaktuj si\u0119 z nami, pisz\u0105c maila na adres: <a href=\"https:\/\/www.onet.pl\/styl-zycia\/plejada\/ignacy-liss-maria-sobocinska-i-kamil-studnicki-robia-furore-w-lille-owacje-na-stojaco\/mailto:plejada@redakcjaonet.pl\" id=\"1b8c7c76-aec7-43a9-849a-d8f64e1955ea\" rel=\"nofollow noopener\" target=\"_blank\">plejada@redakcjaonet.pl<\/a>.<\/p>\n<p><script async src=\"\/\/www.instagram.com\/embed.js\"><\/script><script async src=\"\/\/www.tiktok.com\/embed.js\"><\/script><\/p>\n","protected":false},"excerpt":{"rendered":"Odwa\u017cne historie, nowe twarze i polska reprezentacja na mi\u0119dzynarodowej arenie. W marcu oczy bran\u017cy serialowej skierowane s\u0105 na&hellip;\n","protected":false},"author":2,"featured_media":321772,"comment_status":"","ping_status":"","sticky":false,"template":"","format":"standard","meta":{"footnotes":"","_share_on_mastodon":"0"},"categories":[22],"tags":[122,51400,261,53,52,68,51,55,42,38,40,39,41,123,47,7581,49962,341,338,65,50],"class_list":["post-321771","post","type-post","status-publish","format-standard","has-post-thumbnail","category-rozrywka","tag-entertainment","tag-ignacy_liss","tag-kultura","tag-new_header","tag-onet3","tag-onet3d","tag-onet3d_2i","tag-phx","tag-pl","tag-poland","tag-polish","tag-polska","tag-polski","tag-rozrywka","tag-screening_general","tag-serial_seriale","tag-sg_cleanup_sem_tst1","tag-tylko_w_onecie","tag-tylko_w_plejadzie","tag-update_me","tag-v2021"],"share_on_mastodon":{"url":"https:\/\/pubeurope.com\/@pl\/116279429559220681","error":""},"_links":{"self":[{"href":"https:\/\/www.europesays.com\/pl\/wp-json\/wp\/v2\/posts\/321771","targetHints":{"allow":["GET"]}}],"collection":[{"href":"https:\/\/www.europesays.com\/pl\/wp-json\/wp\/v2\/posts"}],"about":[{"href":"https:\/\/www.europesays.com\/pl\/wp-json\/wp\/v2\/types\/post"}],"author":[{"embeddable":true,"href":"https:\/\/www.europesays.com\/pl\/wp-json\/wp\/v2\/users\/2"}],"replies":[{"embeddable":true,"href":"https:\/\/www.europesays.com\/pl\/wp-json\/wp\/v2\/comments?post=321771"}],"version-history":[{"count":0,"href":"https:\/\/www.europesays.com\/pl\/wp-json\/wp\/v2\/posts\/321771\/revisions"}],"wp:featuredmedia":[{"embeddable":true,"href":"https:\/\/www.europesays.com\/pl\/wp-json\/wp\/v2\/media\/321772"}],"wp:attachment":[{"href":"https:\/\/www.europesays.com\/pl\/wp-json\/wp\/v2\/media?parent=321771"}],"wp:term":[{"taxonomy":"category","embeddable":true,"href":"https:\/\/www.europesays.com\/pl\/wp-json\/wp\/v2\/categories?post=321771"},{"taxonomy":"post_tag","embeddable":true,"href":"https:\/\/www.europesays.com\/pl\/wp-json\/wp\/v2\/tags?post=321771"}],"curies":[{"name":"wp","href":"https:\/\/api.w.org\/{rel}","templated":true}]}}