{"id":321805,"date":"2026-03-23T16:47:10","date_gmt":"2026-03-23T16:47:10","guid":{"rendered":"https:\/\/www.europesays.com\/pl\/321805\/"},"modified":"2026-03-23T16:47:10","modified_gmt":"2026-03-23T16:47:10","slug":"anna-kalczynska-odchodzi-z-tvp-world-w-kwietniu-zmienia-stacje","status":"publish","type":"post","link":"https:\/\/www.europesays.com\/pl\/321805\/","title":{"rendered":"Anna Kalczy\u0144ska odchodzi z TVP World. W kwietniu zmienia stacj\u0119"},"content":{"rendered":"\n<p>&#13;<br \/>\nPod koniec pa\u017adziernika 2024 roku serwis Wirtualne Media potwierdzi\u0142, \u017ce\u00a0<a href=\"https:\/\/rozrywka.dorzeczy.pl\/film-i-telewizja\/678447\/anna-kalczynska-niewpuszczona-do-budynku-tvp-skomentowala.html\" rel=\"nofollow noopener\" target=\"_blank\">Anna Kalczy\u0144ska do\u0142\u0105cza do\u00a0zespo\u0142u TVP World<\/a>, gdzie pojawi\u0142a si\u0119 w\u00a0dw\u00f3ch programach: &#8222;World News Tonight&#8221; oraz\u00a0&#8222;Face to\u00a0Face&#8221;. Wcze\u015bniej dziennikarka zerwa\u0142a wsp\u00f3\u0142prac\u0119 z\u00a0portalem Goniec.pl. \u2013\u00a0Wracam do\u00a0telewizji na\u00a0100 proc. Dosta\u0142am propozycj\u0119, z\u00a0kt\u00f3rej trudno nie\u00a0skorzysta\u0107, poniewa\u017c po\u00a0pierwsze to\u00a0telewizja, czyli moje macierzyste \u015brodowisko, z\u00a0kt\u00f3rego si\u0119 wywodz\u0119, a\u00a0po drugie telewizja newsowa, do\u00a0kt\u00f3rej z\u00a0rado\u015bci\u0105 wracam \u2013\u00a0m\u00f3wi\u0142a w\u00f3wczas w\u00a0rozmowie z\u00a0portalem. \u2013\u00a0Mam wra\u017cenie, \u017ce\u00a0po\u00a0poszukiwaniach, kt\u00f3re troch\u0119 trwa\u0142y, po\u00a0rozstaniu z\u00a0&#8222;Dzie\u0144 Dobry TVN&#8221; i\u00a0z\u00a0TVN-em, trafi\u0142am do\u00a0doskona\u0142ego miejsca. W\u0142a\u015bciwie nie\u00a0wyobra\u017cam sobie lepszego, bior\u0105c pod\u00a0uwag\u0119 moje zainteresowania, czyli polityk\u0119 zagraniczn\u0105, sprawy mi\u0119dzynarodowe, \u015bledzenie dynamicznych zmian w\u00a0\u015bwiecie \u2013\u00a0dodawa\u0142a. &#13;\n<\/p>\n<p>&#13;<br \/>\nPo niemal dw\u00f3ch latach pracy w\u00a0stacji, dziennikarka og\u0142osi\u0142a niespodziewanie, \u017ce\u00a0zmienia prac\u0119. &#13;\n<\/p>\n<p>Anna Kalczy\u0144ska znika z\u00a0TVP World. &#8222;W\u00a0kwietniu spotkamy si\u0119 ju\u017c na\u00a0nowej antenie&#8221;<\/p>\n<p>&#13;<br \/>\nW najnowszym nagraniu w\u00a0mediach spo\u0142eczno\u015bciowych Anna Kalczy\u0144ska poinformowa\u0142a, \u017ce\u00a0\u017cegna si\u0119 z\u00a0TVP World. Z\u00a0jej o\u015bwiadczenia nie\u00a0wynika jednak, czy\u00a0wci\u0105\u017c b\u0119dzie wsp\u00f3\u0142pracowa\u0142a z\u00a0publicznym nadawc\u0105, czy\u00a0jednak postawi\u0142a na\u00a0konkurencyjn\u0105 stacj\u0119. &#13;\n<\/p>\n<p>&#13;<br \/>\n\u2013 W\u00a0grudniu podj\u0119\u0142am decyzj\u0119 o\u00a0odej\u015bciu ze\u00a0stacji. By\u0142 to\u00a0bardzo dobry okres w\u00a0moim \u017cyciu, (&#8230;) ale\u00a0czas na\u00a0nowe. Mimo \u017ce\u00a0zostawiam za\u00a0sob\u0105 dynamiczny zesp\u00f3\u0142 i\u00a0dobre wspomnienia, t\u0119skni\u0119 za\u00a0polsk\u0105 publiczno\u015bci\u0105. Dlatego w\u00a0kwietniu spotkamy si\u0119 ju\u017c na\u00a0nowej antenie \u2013\u00a0tym razem w\u00a0j\u0119zyku polskim \u2013\u00a0o\u015bwiadczy\u0142a dziennikarka. &#13;\n<\/p>\n<p>&#13;<br \/>\n&#8222;Zawodowo, nudy nie\u00a0ma! Nie\u00a0umiem przymyka\u0107 oko na\u00a0to, czego nie\u00a0mog\u0119 zmieni\u0107, wi\u0119c zmieniam anten\u0119. Od\u00a0kwietnia zapraszam was w\u00a0nowe miejsce&#8221; \u2013\u00a0doda\u0142a w\u00a0opisie. &#13;\n<\/p>\n<p>&#13;<br \/>\nCzytaj te\u017c:<br \/><a href=\"https:\/\/rozrywka.dorzeczy.pl\/film-i-telewizja\/863557\/meller-ujawnia-kulisy-odejscia-z-kanalu-zero-zaprzecza-stanowskiemu.html\" rel=\"follow nofollow noopener\" data-schema=\"DORZECZY\" data-image=\"https:\/\/img.dorzeczy.pl\/_thumb\/3c\/ac\/413121a0858f502b28dc49242341.jpeg\" target=\"_blank\">&#8222;W\u00a0Kanale Zero by\u0142o wi\u0119cej wolno\u015bci ni\u017c\u00a0w\u00a0TVN24&#8221;. Dziennikarz ujawnia kulisy odej\u015bcia<\/a>Czytaj te\u017c:<br \/><a href=\"https:\/\/rozrywka.dorzeczy.pl\/film-i-telewizja\/863527\/slubowski-odchodzi-z-kanalu-zero-krytykowal-wiernikowska.html\" rel=\"follow nofollow noopener\" data-schema=\"DORZECZY\" data-image=\"https:\/\/img.dorzeczy.pl\/_thumb\/ef\/d5\/7c6738ebdea814c1283b25fd2915.jpeg\" target=\"_blank\">Znany dziennikarz odchodzi z\u00a0Kana\u0142u Zero. Krytykowa\u0142 g\u0142o\u015bny reporta\u017c<\/a>&#13;<\/p>\n","protected":false},"excerpt":{"rendered":"&#13; Pod koniec pa\u017adziernika 2024 roku serwis Wirtualne Media potwierdzi\u0142, \u017ce\u00a0Anna Kalczy\u0144ska do\u0142\u0105cza do\u00a0zespo\u0142u TVP World, gdzie pojawi\u0142a&hellip;\n","protected":false},"author":2,"featured_media":321806,"comment_status":"","ping_status":"","sticky":false,"template":"","format":"standard","meta":{"footnotes":"","_share_on_mastodon":"0"},"categories":[22],"tags":[51404,98,16345,122,288,291,287,42,38,40,39,41,51405,123,290,224,506,51403],"class_list":["post-321805","post","type-post","status-publish","format-standard","has-post-thumbnail","category-rozrywka","tag-anna-kalczynska","tag-dorzeczy","tag-dziennikarka","tag-entertainment","tag-film-i-telewizja","tag-historia","tag-malgorzata-puzyr","tag-pl","tag-poland","tag-polish","tag-polska","tag-polski","tag-praca-w-mediach","tag-rozrywka","tag-rozrywka-do-rzeczy","tag-telewizja","tag-tvp","tag-tvp-world"],"share_on_mastodon":{"url":"https:\/\/pubeurope.com\/@pl\/116279511811225204","error":""},"_links":{"self":[{"href":"https:\/\/www.europesays.com\/pl\/wp-json\/wp\/v2\/posts\/321805","targetHints":{"allow":["GET"]}}],"collection":[{"href":"https:\/\/www.europesays.com\/pl\/wp-json\/wp\/v2\/posts"}],"about":[{"href":"https:\/\/www.europesays.com\/pl\/wp-json\/wp\/v2\/types\/post"}],"author":[{"embeddable":true,"href":"https:\/\/www.europesays.com\/pl\/wp-json\/wp\/v2\/users\/2"}],"replies":[{"embeddable":true,"href":"https:\/\/www.europesays.com\/pl\/wp-json\/wp\/v2\/comments?post=321805"}],"version-history":[{"count":0,"href":"https:\/\/www.europesays.com\/pl\/wp-json\/wp\/v2\/posts\/321805\/revisions"}],"wp:featuredmedia":[{"embeddable":true,"href":"https:\/\/www.europesays.com\/pl\/wp-json\/wp\/v2\/media\/321806"}],"wp:attachment":[{"href":"https:\/\/www.europesays.com\/pl\/wp-json\/wp\/v2\/media?parent=321805"}],"wp:term":[{"taxonomy":"category","embeddable":true,"href":"https:\/\/www.europesays.com\/pl\/wp-json\/wp\/v2\/categories?post=321805"},{"taxonomy":"post_tag","embeddable":true,"href":"https:\/\/www.europesays.com\/pl\/wp-json\/wp\/v2\/tags?post=321805"}],"curies":[{"name":"wp","href":"https:\/\/api.w.org\/{rel}","templated":true}]}}