{"id":321954,"date":"2026-03-23T18:28:11","date_gmt":"2026-03-23T18:28:11","guid":{"rendered":"https:\/\/www.europesays.com\/pl\/321954\/"},"modified":"2026-03-23T18:28:11","modified_gmt":"2026-03-23T18:28:11","slug":"wybory-we-francji-skrajna-prawica-ogasza-najwiekszy-przelom-w-swojej-historii","status":"publish","type":"post","link":"https:\/\/www.europesays.com\/pl\/321954\/","title":{"rendered":"Wybory we Francji. Skrajna prawica ogasza najwi\u0119kszy prze\u0142om w swojej historii"},"content":{"rendered":"<p>Og\u00f3lnie rzecz bior\u0105c, by\u0142a to noc pe\u0142na wzlot\u00f3w i upadk\u00f3w dla skrajnej prawicy. Najwi\u0119ksze zwyci\u0119stwo odnotowa\u0142a na Riwierze, gdzie jeden z jej sojusznik\u00f3w wygra\u0142 w Nicei, pi\u0105tym co do wielko\u015bci mie\u015bcie Francji. Zjednoczenie Narodowe prowadzi\u0142o r\u00f3wnie\u017c intensywn\u0105 kampani\u0119 w innych wa\u017cnych po\u0142udniowych miastach, takich jak Marsylia, Tulon i Nimes. We wszystkich tych miastach osi\u0105gn\u0119\u0142o dobre wyniki, ale ostatecznie zaj\u0119\u0142o drugie miejsce.<\/p>\n<p>W Tulonie i Nimes wyniki by\u0142y bardzo wyr\u00f3wnane, a partia Le Pen zdoby\u0142a 40 proc. g\u0142os\u00f3w w Marsylii \u2014 co stanowi znacz\u0105cy wynik w tym zr\u00f3\u017cnicowanym i kosmopolitycznym drugim co do wielko\u015bci mie\u015bcie Francji.<\/p>\n<p>Patrz\u0105c na wyniki z pozytywnej strony, przyw\u00f3dcy partii podkre\u015blali, \u017ce wygrali w wielu mniejszych i \u015brednich miastach, zw\u0142aszcza w swoich po\u0142udniowych bastionach, takich jak Carcassonne, Agde i Menton \u2014 co stanowi bonus do zwyci\u0119stwa w pierwszej turze w Perpignan w zesz\u0142ym tygodniu.<\/p>\n<p>Przewodnicz\u0105cy Zjednoczenia Narodowego Jordan Bardella powiedzia\u0142 zwolennikom w Pary\u017cu, \u017ce skrajna prawica osi\u0105gn\u0119\u0142a &#8222;najwi\u0119kszy prze\u0142om w swojej historii&#8221; i wykorzystuje &#8222;silny impet&#8221;, kt\u00f3ry sygnalizuje &#8222;koniec starego \u015bwiata, kt\u00f3remu ko\u0144czy si\u0119 para&#8221;.<\/p>\n<p>Liderka po\u0142udniowych Le Pen pochwali\u0142a natomiast &#8222;dziesi\u0105tki&#8221; zwyci\u0119stw regionalnych oraz &#8222;strategi\u0119 lokalnej implantacji&#8221;, kt\u00f3ra si\u0119 sprawdza.<\/p>\n<p>      <img decoding=\"async\" src=\"https:\/\/www.europesays.com\/pl\/wp-content\/uploads\/2026\/03\/O5rk9lBaHR0cHM6Ly9vY2RuLmV1L3B1bHNjbXMvTURBXy80ODMzMDI5OWE4ZDVkYzc2YmJjMjMzOWQ5YTQwOGYwZC5qcGeRlQLNB.jpeg\" height=\"627\" width=\"940\" alt=\"Przewodnicz\u0105cy Zjednoczenia Narodowego Jordan Bardella (L), kandydat partii na burmistrza Chalons Achille Bisiaux (\u015a) i MArine Le Pen podczas wiecu zorganizowanego po og\u0142oszeniu wynik\u00f3w pierwszej tury wybor\u00f3w samorz\u0105dowych we Francji, 18 marca 2026 r. \" loading=\"lazy\" class=\"ods-c-image__img ods-c-image__img--viewport-width\"\/> <\/p>\n<p>Przewodnicz\u0105cy Zjednoczenia Narodowego Jordan Bardella (L), kandydat partii na burmistrza Chalons Achille Bisiaux (\u015a) i MArine Le Pen podczas wiecu zorganizowanego po og\u0142oszeniu wynik\u00f3w pierwszej tury wybor\u00f3w samorz\u0105dowych we Francji, 18 marca 2026 r.Sameer Al-DOUMY \/ AFP \/ AFP<\/p>\n<p> Silni w ca\u0142ym kraju, s\u0142absi w du\u017cych miastach<\/p>\n<p>Argumentem Zjednoczenia Narodowego jest to, \u017ce tradycyjne partie, zw\u0142aszcza lewicowe, s\u0105 silne w du\u017cych miastach, ale nie odzwierciedla to w pe\u0142ni szerszych krajowych trend\u00f3w politycznych, kt\u00f3re zmierzaj\u0105 w kierunku prawicy.<\/p>\n<p>Na przyk\u0142ad w Pary\u017cu kandydat Zjednoczenia Narodowego i eurodeputowany Thierry Mariani uzyska\u0142 w pierwszej turze 15 marca zaledwie 1,6 proc. g\u0142os\u00f3w, ale w skali kraju Bardella nadal jest faworytem przysz\u0142orocznych wybor\u00f3w prezydenckich.<\/p>\n<p>Sonda\u017c Harris Interactive przeprowadzony po niedzielnych wyborach samorz\u0105dowych potwierdzi\u0142 pozycj\u0119 Bardelli jako faworyta przed wyborami w 2027 r. Wed\u0142ug ankiety Bardella uzyska\u0142by 35 proc. g\u0142os\u00f3w w pierwszej turze, wyprzedzaj\u0105c o 17 p. p. kandydata centroprawicy, by\u0142ego premiera Edouarda Philippe&#8217;a.<\/p>\n<p>Jednak wyniki wybor\u00f3w samorz\u0105dowych z pewno\u015bci\u0105 ponownie rozbudz\u0105 obawy strateg\u00f3w Zjednoczenia Narodowego co do tego, czy naprawd\u0119 s\u0105 w stanie wygra\u0107 w drugiej turze w przysz\u0142ym roku, bior\u0105c pod uwag\u0119, \u017ce w niedziel\u0119 w pe\u0142ni ujawni\u0142a si\u0119 tradycja jednoczenia si\u0119 przeciwko skrajnej prawicy w drugiej turze \u2014 co\u015b, co pomog\u0142o pokona\u0107 prezydenckie ambicje Le Pen w 2017 i 2022 r.<\/p>\n<p>W \u015br\u00f3dziemnomorskim mie\u015bcie portowym Tulon Laure Lavalette, znana polityczka Zjednoczenia Narodowego i bliska sojuszniczka Le Pen, mia\u0142a obiecuj\u0105cy start w pierwszej turze wybor\u00f3w, zdobywaj\u0105c 42 proc. g\u0142os\u00f3w, czyli 13 p. p. wi\u0119cej ni\u017c urz\u0119duj\u0105ca konserwatywna mer Josee Massi. Jednak w niedzielnej drugiej turze Massi wysun\u0119\u0142a si\u0119 na prowadzenie, korzystaj\u0105c na wycofaniu si\u0119 konserwatywnego kandydata.<\/p>\n<p>Zjednoczenie Narodowe mia\u0142o nadziej\u0119, \u017ce rosn\u0105ce poparcie pozwoli prze\u0142ama\u0107 t\u0119 &#8222;pi\u0119t\u0119 achillesow\u0105&#8221; drugiej tury w wyborach samorz\u0105dowych, ale ta odwieczna s\u0142abo\u015b\u0107 wyborcza \u2014 polegaj\u0105ca na tym, \u017ce to partia, przeciwko kt\u00f3rej wszyscy si\u0119 sprzymierzaj\u0105 \u2014 wydaje si\u0119 utrzymywa\u0107.<\/p>\n<p>Brak wytchnienia dla rywali Bardelli<\/p>\n<p>Rywale Zjednoczenia Narodowego z pewno\u015bci\u0105 nie lekcewa\u017c\u0105 skrajnej prawicy z powodu jej pora\u017cek w wi\u0119kszych miastach w niedziel\u0119.<\/p>\n<p>Gabriel Attal, kandydat na prezydenta i lider partii Odrodzenie <a href=\"https:\/\/wiadomosci.onet.pl\/politico\/emmanuel-macron-nadchodzi-era-nuklearna-nasi-partnerzy-sa-gotowi-wsrod-nich-polska\/8nh6g3s\" id=\"bfabdb46-18bc-4ca8-9576-f073ea213f21\" rel=\"nofollow noopener\" target=\"_blank\">prezydenta Emmanuela Macrona<\/a>, powiedzia\u0142, \u017ce wyniki niedzielnych wybor\u00f3w wskazuj\u0105 na wzrost popularno\u015bci skrajnych ugrupowa\u0144, odnosz\u0105c si\u0119 nie tylko do skrajnie prawicowego Zjednoczenia Narodowego, ale tak\u017ce do skrajnie lewicowej partii Francja Niepokorna, kt\u00f3ra zwyci\u0119\u017cy\u0142a w p\u00f3\u0142nocno-wschodnim mie\u015bcie Roubaix oraz w paryskiej dzielnicy Saint-Denis.     <\/p>\n<p>\u2014 To sygna\u0142 ostrzegawczy. Coraz wi\u0119cej obywateli, kt\u00f3rzy na nich g\u0142osowali, chce zmian i to szybszych \u2014 m\u00f3wi.<\/p>\n<p>Dla konserwatywnej partii Republikanie niedzielne wybory mia\u0142y s\u0142odko-gorzki smak. Prawica zdoby\u0142a stanowiska mer\u00f3w w kilku \u015bredniej wielko\u015bci miastach, w tym w Limoges, Tulle, Bre\u015bcie i Clermont-Ferrand. W czwartym co do wielko\u015bci mie\u015bcie Francji, Tuluzie, by\u0142y konserwatysta Jean-Luc Moudenc pokona\u0142 skrajnie lewicowego rywala z partii Francja Niepokorna, popieranego przez lewicow\u0105 koalicj\u0119.<\/p>\n<p>Lider Republikan\u00f3w Bruno Retailleau stwierdzi\u0142 w niedziel\u0119, \u017ce prawica jest &#8222;najwi\u0119ksz\u0105 si\u0142\u0105 polityczn\u0105 na szczeblu lokalnym&#8221; we Francji.<\/p>\n<p>Jednak ponios\u0142a ona sromotn\u0105 pora\u017ck\u0119 w Pary\u017cu, gdzie <a href=\"https:\/\/wiadomosci.onet.pl\/swiat\/to-on-bedzie-rzadzil-paryzem-sa-pierwsze-doniesienia-po-wyborach-we-francji\/1qsqjwb\" id=\"f1ff991f-d9d9-4823-94d8-0c6e93f5e95b\" rel=\"nofollow noopener\" target=\"_blank\">by\u0142a minister kultury Rachida Dati przegra\u0142a z socjalist\u0105 Emmanuelem Gregoire&#8217;em<\/a>. W trzecim co do wielko\u015bci mie\u015bcie Francji, Lyonie, konserwatywny kandydat Jean-Michel Aulas, by\u0142y w\u0142a\u015bciciel klubu pi\u0142karskiego, przegra\u0142 niewielk\u0105 r\u00f3\u017cnic\u0105 g\u0142os\u00f3w z urz\u0119duj\u0105cym merem z partii Zielonych.      Dalszy ci\u0105g artyku\u0142u pod materia\u0142em wideo <\/p>\n<p>Retailleau stara\u0142 si\u0119 przedstawi\u0107 konserwatyst\u00f3w jako si\u0142\u0119, kt\u00f3ra mo\u017ce przem\u00f3wi\u0107 do wyborc\u00f3w pragn\u0105cych odci\u0105\u0107 si\u0119 od skrajno\u015bci, i ostro skrytykowa\u0142 Zjednoczenie Narodowe, nazywaj\u0105c jego cz\u0142onk\u00f3w &#8222;demagogami&#8221;.<\/p>\n<p>Istnieje &#8222;francuski spos\u00f3b, wyra\u017cany przez miliony wsp\u00f3\u0142obywateli, kt\u00f3rzy nie chc\u0105 ani spo\u0142ecznego chaosu [Francji Niepokornej], ani ba\u0142aganu bud\u017cetowego, jaki spowodowa\u0142by program gospodarczy [Zjednoczenia Narodowego]&#8221; \u2014 powiedzia\u0142.<\/p>\n<p>Jednak partia Republikanie ma kilku kandydat\u00f3w na prezydenta, za to brakuje jej jasnej \u015bcie\u017cki, aby zdecydowa\u0107, kt\u00f3ry z nich b\u0119dzie j\u0105 reprezentowa\u0142 w wyborach prezydenckich. W niedziel\u0119 konserwatywni potentaci wzywali ju\u017c prawic\u0119 do uzgodnienia kandydata przeciwko Bardelli.<\/p>\n<p>Wy\u015bcig o wy\u0142onienie jednego kandydata z centrum sceny politycznej prawdopodobnie r\u00f3wnie\u017c przyspieszy, poniewa\u017c by\u0142y premier Philippe, podbudowany zwyci\u0119stwem nad silnym komunistycznym rywalem w Hawrze w Normandii, b\u0119dzie teraz stara\u0142 si\u0119 promowa\u0107 swoj\u0105 kandydatur\u0119.<\/p>\n<p>Bardella natomiast po prostu pr\u00f3bowa\u0142 przedstawi\u0107 post\u0119p w drodze Zjednoczenia Narodowego w kierunku Pa\u0142acu Elizejskiego jako nieunikniony.<\/p>\n<p>Cytuj\u0105c fraz\u0119 z kampanii by\u0142ego prezydenta Francoisa Mitterranda z 1981 r., maj\u0105cej na celu zako\u0144czenie dominacji prawicy we Francji, Bardella powiedzia\u0142, \u017ce Ruch Narodowy jest teraz &#8222;si\u0142\u0105 spokoju&#8221;. \u2014 Nasze sukcesy nie s\u0105 osi\u0105gni\u0119ciem, ale pocz\u0105tkiem \u2014 powiedzia\u0142.<\/p>\n","protected":false},"excerpt":{"rendered":"Og\u00f3lnie rzecz bior\u0105c, by\u0142a to noc pe\u0142na wzlot\u00f3w i upadk\u00f3w dla skrajnej prawicy. Najwi\u0119ksze zwyci\u0119stwo odnotowa\u0142a na Riwierze,&hellip;\n","protected":false},"author":2,"featured_media":321955,"comment_status":"","ping_status":"","sticky":false,"template":"","format":"standard","meta":{"footnotes":"","_share_on_mastodon":"0"},"categories":[14],"tags":[56,32,33,51418,96,51417,27,10060,34,35,11501,28,31,48,25,46,40,1314,41,51416,47,80,29,30,48835,26,82,83,84],"class_list":["post-321954","post","type-post","status-publish","format-standard","has-post-thumbnail","category-swiat","tag-article_premium","tag-breaking-news","tag-breakingnews","tag-bruno_retailleau","tag-francja","tag-gabriel_attal","tag-headlines","tag-jordan_bardella","tag-latest-news","tag-latestnews","tag-marine_le_pen","tag-naglowki","tag-najwazniejsze-artykuly","tag-nat_styl","tag-news","tag-omp","tag-polish","tag-politico","tag-polski","tag-rachida_dati","tag-screening_general","tag-swiat","tag-top-stories","tag-topstories","tag-tst_floating_paywall","tag-wiadomosci","tag-world","tag-world-news","tag-worldnews"],"share_on_mastodon":{"url":"https:\/\/pubeurope.com\/@pl\/116279909065263017","error":""},"_links":{"self":[{"href":"https:\/\/www.europesays.com\/pl\/wp-json\/wp\/v2\/posts\/321954","targetHints":{"allow":["GET"]}}],"collection":[{"href":"https:\/\/www.europesays.com\/pl\/wp-json\/wp\/v2\/posts"}],"about":[{"href":"https:\/\/www.europesays.com\/pl\/wp-json\/wp\/v2\/types\/post"}],"author":[{"embeddable":true,"href":"https:\/\/www.europesays.com\/pl\/wp-json\/wp\/v2\/users\/2"}],"replies":[{"embeddable":true,"href":"https:\/\/www.europesays.com\/pl\/wp-json\/wp\/v2\/comments?post=321954"}],"version-history":[{"count":0,"href":"https:\/\/www.europesays.com\/pl\/wp-json\/wp\/v2\/posts\/321954\/revisions"}],"wp:featuredmedia":[{"embeddable":true,"href":"https:\/\/www.europesays.com\/pl\/wp-json\/wp\/v2\/media\/321955"}],"wp:attachment":[{"href":"https:\/\/www.europesays.com\/pl\/wp-json\/wp\/v2\/media?parent=321954"}],"wp:term":[{"taxonomy":"category","embeddable":true,"href":"https:\/\/www.europesays.com\/pl\/wp-json\/wp\/v2\/categories?post=321954"},{"taxonomy":"post_tag","embeddable":true,"href":"https:\/\/www.europesays.com\/pl\/wp-json\/wp\/v2\/tags?post=321954"}],"curies":[{"name":"wp","href":"https:\/\/api.w.org\/{rel}","templated":true}]}}