{"id":322303,"date":"2026-03-23T23:04:08","date_gmt":"2026-03-23T23:04:08","guid":{"rendered":"https:\/\/www.europesays.com\/pl\/322303\/"},"modified":"2026-03-23T23:04:08","modified_gmt":"2026-03-23T23:04:08","slug":"oskar-pietuszewski-po-prostu-fenomen-nawet-lewandowski-moze-mu-zazdroscic","status":"publish","type":"post","link":"https:\/\/www.europesays.com\/pl\/322303\/","title":{"rendered":"Oskar Pietuszewski &#8211; po prostu fenomen. Nawet Lewandowski mo\u017ce mu zazdro\u015bci\u0107"},"content":{"rendered":"\n<p class=\"contentpart contentpart--default contentpart--text\" data-position=\"0\"><a href=\"https:\/\/sportowefakty.wp.pl\/pilka-nozna\/oskar-pietuszewski\" rel=\"nofollow noopener\" target=\"_blank\">Oskar Pietuszewski<\/a>\u00a0jest zjawiskiem, jakiego w polskim futbolu dot\u0105d nie by\u0142o. M\u00f3wimy o pi\u0142karzu, kt\u00f3ry jest m\u0142odszy&#8230; ni\u017c reprezentacyjny sta\u017c <a href=\"https:\/\/sportowefakty.wp.pl\/pilka-nozna\/kamil-grosicki\" rel=\"nofollow noopener\" target=\"_blank\">Kamila Grosickiego<\/a>, a teraz wsp\u00f3lnie mog\u0105 zagra\u0107 w dru\u017cynie narodowej.<\/p>\n<p class=\"contentpart contentpart--default contentpart--text\" data-position=\"1\">Wychowanek Jagiellonii (<a href=\"https:\/\/sportowefakty.wp.pl\/pilka-nozna\/1240581\/zdecydowanie-zasluzyl-wyjatkowy-debiutant-wreszcie-w-reprezentacji-polski\" rel=\"nofollow noopener\" target=\"blank\">wi\u0119cej o jego pocz\u0105tkach w klubie TUTAJ<\/a>) urodzi\u0142 si\u0119 20 maja 2008 roku, czyli 108 dni po reprezentacyjnym debiucie &#8222;Grosika&#8221;. A kiedy w kadrze debiutowa\u0142 <a href=\"https:\/\/sportowefakty.wp.pl\/pilka-nozna\/robert-lewandowski\" rel=\"nofollow noopener\" target=\"_blank\">Robert Lewandowski<\/a>, Pietuszewski mia\u0142 nieca\u0142e cztery miesi\u0105ce.<\/p>\n<p>  <img decoding=\"async\" src=\"https:\/\/v.wpimg.pl\/X3dwLnN2d1IFFTpdYUl6R0ZNbgcnEHQREVV2TGEGbUtRT2MdOlZ2RBQUKABgQjQcDRotCStBd1IAAWMeIlM7VgwYIAorQAdEFFk_GCkQJQ\" alt=\"\" width=\"45\" height=\"58\" loading=\"lazy\"\/>  <\/p>\n<p class=\"contentpart contentpart--default contentpart--text\" data-position=\"2\">Fenomen<\/p>\n<p class=\"contentpart contentpart--default contentpart--text\" data-position=\"3\">Czego\u015b takiego jeszcze nie by\u0142o, by w Bia\u0142o-Czerwonych gra\u0142 pi\u0142karz, kt\u00f3ry przyszed\u0142 na \u015bwiat w roku debiutu koleg\u00f3w z szatni reprezentacji. To jednak tylko &#8211; potwierdzaj\u0105ca fenomen Pietuszewskiego, ale wci\u0105\u017c &#8211; ciekawostka. Najwi\u0119ksze wra\u017cenie robi tempo, w jakim 17-latek wspina si\u0119 po szczeblach kariery.<\/p>\n<p class=\"contentpart contentpart--default contentpart--text\" data-position=\"4\">ZOBACZ WIDEO: Trzy s\u0142owa na koszulce. Ju\u017c wiadomo, sk\u0105d si\u0119 to wzi\u0119\u0142o<\/p>\n<p class=\"contentpart contentpart--default contentpart--text\" data-position=\"6\">Od pocz\u0105tku robi to ruchem jednostajnie przyspieszonym. Ju\u017c jako 16-latek gra\u0142 w pierwszej dru\u017cynie Jagiellonii, zbieraj\u0105c coraz wi\u0119cej pochwa\u0142 i zwracaj\u0105c na siebie uwag\u0119 coraz wi\u0119kszych klub\u00f3w z Zachodu. W maju 2025 roku zosta\u0142 jej najm\u0142odszym strzelcem gola w PKO Ekstraklasie (16 lat i 349 dni).<\/p>\n<p>  <img decoding=\"async\" src=\"https:\/\/v.wpimg.pl\/X3dwLnN2d1IFFTpdYUl6R0ZNbgcnEHQREVV2TGEGbUtRT2MdOlZ2RBQUKABgQjQcDRotCStBd1IAAWMeIlM7VgwYIAorQAdEFFk_GCkQJQ\" alt=\"\" width=\"45\" height=\"58\" loading=\"lazy\"\/>  <\/p>\n<p class=\"contentpart contentpart--default contentpart--text\" data-position=\"7\">Cztery miesi\u0105ce p\u00f3\u017aniej &#8211; najm\u0142odszym zdobywc\u0105 bramki w historii reprezentacji Polski U-21 (17 lat i 108 dni). Jesieni\u0105 by\u0142 wiod\u0105c\u0105 postaci\u0105 dru\u017cyny <a href=\"https:\/\/sportowefakty.wp.pl\/pilka-nozna\/jerzy-brzeczek\" rel=\"nofollow noopener\" target=\"_blank\">Jerzego Brz\u0119czka<\/a>\u00a0w eliminacjach ME U-21, cho\u0107 by\u0142 cztery lata m\u0142odszy od rywali (w tych rozgrywkach mog\u0105 wyst\u0119powa\u0107 pi\u0142karze urodzeni w 2004 roku i m\u0142odsi).<\/p>\n<p class=\"contentpart contentpart--default contentpart--text\" data-position=\"8\">Jasne by\u0142o, \u017ce Bia\u0142ystok i PKO Ekstraklasa robi\u0105 si\u0119 za niego ciasne. Od nazw klub\u00f3w, kt\u00f3re go obserwowa\u0142y, mog\u0142o mu si\u0119 zakr\u0119ci\u0107 w g\u0142owie, ale dalszy kierunek rozwoju wybra\u0142 rozs\u0105dnie. Nie rzuci\u0142 si\u0119 na g\u0142\u0119bok\u0105 wod\u0119 w TOP5, tylko w drodze do elity zdecydowa\u0142 si\u0119 na podr\u00f3\u017c z przesiadk\u0105.<\/p>\n<p class=\"contentpart contentpart--default contentpart--text\" data-position=\"9\">Estadio do Dragao to dzi\u015b jedna z najs\u0142ynniejszych pi\u0142karskich witryn, przez kt\u00f3r\u0105 na pi\u0142karskie brylanty zerkaj\u0105 najbogatsze kluby Europy. A teraz &#8222;Z\u0142ote dziecko&#8221; z Polski jest jednym z najcenniejszych diament\u00f3w w kolekcji Smok\u00f3w.<\/p>\n<p class=\"contentpart contentpart--default contentpart--text\" data-position=\"10\">Wej\u015bcie Smoka<\/p>\n<p class=\"contentpart contentpart--default contentpart--text\" data-position=\"11\">FC Porto wyda\u0142o na niego 10\u00a0mln euro. Nie zosta\u0142 najdro\u017cszym pi\u0142karzem w historii PKO Ekstraklasy, ale <a href=\"https:\/\/sportowefakty.wp.pl\/pilka-nozna\/1228297\/rekord-za-rekordem-takiego-transferu-dotad-nie-bylo\" rel=\"nofollow noopener\" target=\"blank\">jego transfer z Jagiellonii na Estadio do Dragao i tak by\u0142 rekordowy w kilku kategoriach<\/a>. Przede wszystkim jednak powszechnie znane ze sprowadzeniach utalentowanych pi\u0142karzy Smoki nigdy wcze\u015bniej nie wyda\u0142y takiej kwoty na niepe\u0142noletniego zawodnika.<\/p>\n<p>  <img decoding=\"async\" src=\"https:\/\/v.wpimg.pl\/X3dwLnN2d1IFFTpdYUl6R0ZNbgcnEHQREVV2TGEGbUtRT2MdOlZ2RBQUKABgQjQcDRotCStBd1IAAWMeIlM7VgwYIAorQAdEFFk_GCkQJQ\" alt=\"\" width=\"45\" height=\"58\" loading=\"lazy\"\/>  <\/p>\n<p class=\"contentpart contentpart--default contentpart--text\" data-position=\"12\">Dot\u0105d rekordzist\u0105 pod tym wzgl\u0119dem by\u0142 Anderson. 8-krotny reprezentant Brazylii trafi\u0142 na Estadio do Dragao jako 17-latek za 8 mln euro z Gremio Porto Alegre. P\u00f3\u0142tora roku p\u00f3\u017aniej Smoki sprzeda\u0142y go Man Utd za 31 mln euro. Ba,\u00a0\u017caden inny portugalski klub nie zap\u0142aci\u0142 tyle za pi\u0142karza poni\u017cej 18. roku \u017cycia.<\/p>\n<p class=\"contentpart contentpart--default contentpart--text\" data-position=\"13\">&#8211; Sama kwota transferu \u015bwiadczy o tym, \u017ce w Porto traktuj\u0105 ten transfer powa\u017cnie. To nie angielski rynek, gdzie takie pieni\u0105dze nie s\u0105 czym\u015b nadzwyczajnym &#8211; m\u00f3wi\u0142 nam reprezentuj\u0105cy Pietuszewskiego Mariusz Piekarski. <a href=\"https:\/\/sportowefakty.wp.pl\/pilka-nozna\/1228301\/agent-zdradza-kulisy-oskara-pietuszewskiego-chcial-hiszpanski-gigant\" rel=\"nofollow noopener\" target=\"_blank\">Wi\u0119cej o kulisach transferu TUTAJ<\/a>.<\/p>\n<p class=\"contentpart contentpart--default contentpart--text\" data-position=\"14\">Pietuszewski w Porto wskoczy\u0142 na trampolin\u0119 do wielkiej kariery. I to w stylu, jakiego nie powstydzi\u0142by si\u0119 Leszek Blanik.\u00a0W my\u015bl zasady, \u017ce szans\u0119 na zrobienie dobrego pierwszego wra\u017cenia ma si\u0119 tylko jedn\u0105,<a href=\"https:\/\/sportowefakty.wp.pl\/pilka-nozna\/1230099\/zobacz-blysk-pietuszewskiego-tak-zostal-bohaterem-fc-porto\" rel=\"nofollow noopener\" target=\"blank\"> potrzebowa\u0142 raptem siedmiu minut w debiucie, by wywalczy\u0107 rzut karny i porwa\u0107 kibic\u00f3w swoj\u0105 gr\u0105<\/a>.<\/p>\n<p class=\"contentpart contentpart--default contentpart--text\" data-position=\"16\">Mistrz \u015bwiata na kolanach<\/p>\n<p class=\"contentpart contentpart--default contentpart--text\" data-position=\"17\">Mia\u0142 &#8222;wej\u015bcie Smoka&#8221;, a potem by\u0142o jeszcze lepiej. Co mecz, to historia. Zosta\u0142 najm\u0142odszym cudzoziemcem, kt\u00f3ry wyszed\u0142 w pierwszej &#8222;11&#8221; FC Porto, najm\u0142odszym strzelcem gola dla klubu, <a href=\"https:\/\/sportowefakty.wp.pl\/pilka-nozna\/1237054\/kolejny-rekord-pietuszewskiego-17-latek-pisze-piekna-historie\" rel=\"nofollow noopener\" target=\"blank\">autorem najszybszej bramki w historii Smok\u00f3w<\/a> i <a href=\"https:\/\/sportowefakty.wp.pl\/pilka-nozna\/1234899\/pietuszewski-przeszedl-do-historii-pobil-rekord\" rel=\"nofollow noopener\" target=\"blank\">najm\u0142odszym zdobywc\u0105 bramki w klasyku z Benfic\u0105<\/a>.<\/p>\n<p>  <img decoding=\"async\" src=\"https:\/\/v.wpimg.pl\/X3dwLnN2d1IFFTpdYUl6R0ZNbgcnEHQREVV2TGEGbUtRT2MdOlZ2RBQUKABgQjQcDRotCStBd1IAAWMeIlM7VgwYIAorQAdEFFk_GCkQJQ\" alt=\"\" width=\"45\" height=\"58\" loading=\"lazy\"\/>  <\/p>\n<p class=\"contentpart contentpart--default contentpart--text\" data-position=\"18\">W pi\u0119ciu ostatnich meczach ligowych strzeli\u0142 trzy gole i mia\u0142 dwie asysty. Jego wizyt\u00f3wk\u0105 sta\u0142 si\u0119 wspomniany gol z Benfic\u0105, kiedy wkr\u0119ci\u0142 w ziemi\u0119 samego <a href=\"https:\/\/sportowefakty.wp.pl\/pilka-nozna\/nicolas-otamendi\" rel=\"nofollow noopener\" target=\"_blank\">Nicolasa Otamendiego<\/a>, czyli aktualnego mistrza \u015bwiata. <a href=\"https:\/\/sportowefakty.wp.pl\/pilka-nozna\/1238572\/genialna-akcja-pietuszewskiego-co-za-bramka-w-hicie\" rel=\"nofollow noopener\" target=\"blank\">Wi\u0119cej TUTAJ<\/a>.<\/p>\n<p class=\"contentpart contentpart--default contentpart--text\" data-position=\"20\">Nic dziwnego, \u017ce nie schodzi z ok\u0142adek portugalskiej prasy, a polscy kibice i eksperci odmieniaj\u0105 jego nazwiska przez wszystkie przypadki. Zreszt\u0105 ekscytuj\u0105 si\u0119 nim nie tylko Polacy.<\/p>\n<p class=\"contentpart contentpart--default contentpart--text\" data-position=\"21\">&#8211; Jest kreatywny. Nie boi si\u0119 bra\u0107 na siebie odpowiedzialno\u015bci. Pi\u0142karze w tym typie potrafi\u0105 odmieni\u0107 mecz jednym zagraniem. Tacy zawodnicy s\u0105 dzi\u015b potrzebni bardziej ni\u017c kiedykolwiek. Dzisiejsza pi\u0142ka jest, jaka jest&#8230; i takich graczy jak on brakuje &#8211; <a href=\"https:\/\/sportowefakty.wp.pl\/pilka-nozna\/1241211\/poszlo-w-swiat-co-za-slowa-legendy-o-17-latku-z-polski\" rel=\"nofollow noopener\" target=\"blank\">powiedzia\u0142 teraz w &#8222;Recordzie&#8221; Ricardo Quaresma, jeden z najlepszych portugalskich skrzyd\u0142owych w historii<\/a>.<\/p>\n<p class=\"contentpart contentpart--default contentpart--text\" data-position=\"22\">Pietuszewski rozpali\u0142 wyobra\u017ani\u0119 kibic\u00f3w i ekspert\u00f3w, kt\u00f3rzy t\u0119skni\u0105 za &#8222;polskim Yamalem&#8221;. Jest zjawiskiem, jakiego polscy fani nie widzieli od pokole\u0144. A mo\u017ce nigdy?\u00a0Wystarczy spojrze\u0107\u00a0na to, w jakim punkcie swoich karier by\u0142y w jego wieku obecne i by\u0142e gwiazdy reprezentacji Polski w XXI wieku, a zobaczymy, \u017ce mamy do czynienia ze zjawiskiem.<\/p>\n<p>  <img decoding=\"async\" src=\"https:\/\/v.wpimg.pl\/X3dwLnN2d1IFFTpdYUl6R0ZNbgcnEHQREVV2TGEGbUtRT2MdOlZ2RBQUKABgQjQcDRotCStBd1IAAWMeIlM7VgwYIAorQAdEFFk_GCkQJQ\" alt=\"\" width=\"45\" height=\"58\" loading=\"lazy\"\/>  <\/p>\n<p class=\"contentpart contentpart--default contentpart--text\" data-position=\"23\">Od junior\u00f3w po okr\u0119g\u00f3wk\u0119<\/p>\n<p class=\"contentpart contentpart--default contentpart--text\" data-position=\"24\">Starsi koledzy mog\u0105 tylko pozazdro\u015bci\u0107 mu miejsca, w kt\u00f3rym znalaz\u0142 si\u0119 w tak m\u0142odym wieku.\u00a0<a href=\"https:\/\/sportowefakty.wp.pl\/pilka-nozna\/robert-lewandowski\" rel=\"nofollow noopener\" target=\"_blank\">Robert Lewandowski<\/a>\u00a0dwa miesi\u0105ce przed 18. urodzinami by\u0142 odrzucony przez Legi\u0119, w kt\u00f3rej gra\u0142 tylko w rezerwach. Przy \u0141azienkowskiej 3 nie wr\u00f3\u017cyli mu specjalnej kariery ze wzgl\u0119d\u00f3w zdrowotnych. Do formy fizycznej i psychicznej musia\u0142 p\u00f3\u017aniej wraca\u0107 w III-ligowym Zniczu Pruszk\u00f3w. <a href=\"https:\/\/sportowefakty.wp.pl\/pilka-nozna\/973094\/czarny-charakter-ktory-uratowal-kariere-roberta-lewandowskiego\" rel=\"nofollow noopener\" target=\"blank\">Wi\u0119cej TUTAJ<\/a>.<\/p>\n<p class=\"contentpart contentpart--default contentpart--text\" data-position=\"25\"><a href=\"https:\/\/sportowefakty.wp.pl\/pilka-nozna\/jakub-blaszczykowski\" rel=\"nofollow noopener\" target=\"_blank\">Jakub B\u0142aszczykowski<\/a>\u00a0wyst\u0119powa\u0142 w IV-ligowym KS-ie Cz\u0119stochowa po nieudanej aklimatyzacji w akademii G\u00f3rnika Zabrze. Polska mia\u0142a o nim us\u0142ysze\u0107 dopiero za p\u00f3\u0142tora roku. <a href=\"https:\/\/sportowefakty.wp.pl\/pilka-nozna\/kamil-glik\" rel=\"nofollow noopener\" target=\"_blank\">Kamil Glik<\/a>\u00a0stawia\u0142 w tym wieku pierwsze seniorskie kroki w &#8222;okr\u0119g\u00f3wce&#8221; w Silesii Lubomia.\u00a0<a href=\"https:\/\/sportowefakty.wp.pl\/pilka-nozna\/grzegorz-krychowiak\" rel=\"nofollow noopener\" target=\"_blank\">Grzegorz Krychowiak<\/a>\u00a0by\u0142 natomiast jeszcze w juniorach Girondins Bordeaux.<\/p>\n<p class=\"contentpart contentpart--default contentpart--text\" data-position=\"26\"><a href=\"https:\/\/sportowefakty.wp.pl\/nicola-zalewski\" rel=\"nofollow noopener\" target=\"_blank\">Nicola Zalewski<\/a>\u00a0i <a href=\"https:\/\/sportowefakty.wp.pl\/pilka-nozna\/piotr-zielinski\" rel=\"nofollow noopener\" target=\"_blank\">Piotr Zieli\u0144ski<\/a>,\u00a0cho\u0107 zacz\u0119li gra\u0107 w Serie A w m\u0142odym wieku, to dwa miesi\u0105ce przed 18. urodzinami wyst\u0119powali jedynie we w\u0142oskiej Primaverze (pierwowzorze M\u0142odej Ekstraklasy). Jedynie <a href=\"https:\/\/sportowefakty.wp.pl\/pilka-nozna\/kacper-urbanski\" rel=\"nofollow noopener\" target=\"_blank\">Kacper Urba\u0144ski<\/a>\u00a0by\u0142 ju\u017c po debiucie w mocnej europejskiej lidze, ale to by\u0142 symboliczny wyst\u0119p w Serie A w wieku niespe\u0142na 17 lat. Regularnie zacz\u0105\u0142 gra\u0107 w Bologni dopiero jako 19-latek.<\/p>\n<p class=\"contentpart contentpart--default contentpart--text\" data-position=\"27\"><a href=\"https:\/\/sportowefakty.wp.pl\/pilka-nozna\/kamil-grosicki\" rel=\"nofollow noopener\" target=\"_blank\">Kamil Grosicki<\/a>\u00a0by\u0142 jeszcze przed debiutem w Ekstraklasie. <a href=\"https:\/\/sportowefakty.wp.pl\/pilka-nozna\/arkadiusz-milik\" rel=\"nofollow noopener\" target=\"_blank\">Arkadiusz Milik<\/a>\u00a0w niej ju\u017c gra\u0142, ale nie mia\u0142 na koncie jeszcze ani jednego gola. <a href=\"https:\/\/sportowefakty.wp.pl\/pilka-nozna\/bartosz-kapustka\" rel=\"nofollow noopener\" target=\"_blank\">Bartosz Kapustka<\/a>\u00a0jako 18-latek\u00a0przebojem wdar\u0142 si\u0119 do dru\u017cyny <a href=\"https:\/\/sportowefakty.wp.pl\/pilka-nozna\/adam-nawalka\" rel=\"nofollow noopener\" target=\"_blank\">Adama Nawa\u0142ki<\/a>, ale w wieku Pietuszewskiego mia\u0142 na koncie dopiero pi\u0119\u0107 wyst\u0119p\u00f3w w PKO Ekstraklasie.<\/p>\n<p class=\"contentpart contentpart--default contentpart--text\" data-position=\"28\">Owszem, byli w XXI wieku m\u0142odsi od Pietuszewskiego reprezentanci Polski, ale zar\u00f3wno <a href=\"https:\/\/sportowefakty.wp.pl\/pilka-nozna\/mariusz-stepinski\" rel=\"nofollow noopener\" target=\"_blank\">Mariusz St\u0119pi\u0144ski<\/a>, jak i <a href=\"https:\/\/sportowefakty.wp.pl\/pilka-nozna\/kacper-kozlowski\" rel=\"nofollow noopener\" target=\"_blank\">Kacper Koz\u0142owski<\/a>\u00a0zadebiutowali w niej jako gracze klub\u00f3w ESA, a po wyje\u017adzie za granic\u0119 przepadli jak kamie\u0144 w wod\u0119. Podobnie jak wspomniany Kapustka czy na pocz\u0105tku swojej emigracji Milik.<\/p>\n<p class=\"contentpart contentpart--default contentpart--text\" data-position=\"29\">Dzieje si\u0119 historia<\/p>\n<p class=\"contentpart contentpart--default contentpart--text\" data-position=\"30\">Dalej w g\u0142\u0105b historii nie b\u0119dziemy si\u0119 zapuszcza\u0107, poniewa\u017c trudno zestawi\u0107 Pietuszewskiego z objawieniami znanymi z poprzedniego stulecia, bo te nie mia\u0142y takich samych warunk\u00f3w. Nie sprawdzimy, jak w Europie poradziliby sobie nastoletni W\u0142odzimierz Luba\u0144ski czy Andrzej Iwan (najm\u0142odszy polski pi\u0142karz, kt\u00f3ry zagra\u0142 na M\u015a), bo w PRL pi\u0142karze nie mogli swobodnie wyje\u017cd\u017ca\u0107 z kraju.<\/p>\n<p class=\"contentpart contentpart--default contentpart--text\" data-position=\"31\">Po 1989 roku drzwi na Zach\u00f3d uchyli\u0142y si\u0119 dla Polak\u00f3w, ale na o\u015bcie\u017c otworzy\u0142o je dopiero wej\u015bcie polski do Unii Europejskiej w 2004 roku. Od tego czasu (ale te\u017c nigdy wcze\u015bniej) \u017caden Polak nie mia\u0142 takiego wej\u015bcia do czo\u0142owej ligi Europy, a portugalska tak\u0105 jest (w rankingu UEFA to sz\u00f3sta si\u0142a Starego Kontynentu) jak Pietuszewski. Nawet bez podzia\u0142u na kategorie wiekowe.<\/p>\n<p class=\"contentpart contentpart--default contentpart--text\" data-position=\"32\">Rewelacyjny 17-latek kroki milowe w karierze stawia nie tylko szybciej, ale i efektowniej od najlepszych polskich pi\u0142karzy w historii najnowszej. A w czwartek mo\u017ce postawi\u0107 kolejny, poniewa\u017c <a href=\"https:\/\/sportowefakty.wp.pl\/pilka-nozna\/jan-urban\" rel=\"nofollow noopener\" target=\"_blank\">Jan Urban<\/a>\u00a0<a href=\"https:\/\/sportowefakty.wp.pl\/pilka-nozna\/1241289\/pietuszewski-w-pierwszym-skladzie-urban-nie-wyklucza\" rel=\"nofollow noopener\" target=\"blank\">nie wyklucza jego szybkiego debiutu wobec absencji za kartki Zalewskiego<\/a>.<\/p>\n<p class=\"contentpart contentpart--default contentpart--text\" data-position=\"33\">Historia pisze si\u0119 na naszych oczach.<\/p>\n<p class=\"contentpart contentpart--default contentpart--text\" data-position=\"34\">Maciej Kmita, dziennikarz WP SportoweFakty<\/p>\n","protected":false},"excerpt":{"rendered":"Oskar Pietuszewski\u00a0jest zjawiskiem, jakiego w polskim futbolu dot\u0105d nie by\u0142o. M\u00f3wimy o pi\u0142karzu, kt\u00f3ry jest m\u0142odszy&#8230; ni\u017c reprezentacyjny&hellip;\n","protected":false},"author":2,"featured_media":322304,"comment_status":"","ping_status":"","sticky":false,"template":"","format":"standard","meta":{"footnotes":"","_share_on_mastodon":"0"},"categories":[24],"tags":[13401,5436,10225,30276,6997,9088,541,11176,11249,34154,900,7575,269,2821,6587,42,38,40,39,41,537,539,273,127,126],"class_list":["post-322303","post","type-post","status-publish","format-standard","has-post-thumbnail","category-sport","tag-arkadiusz-milik","tag-fc-porto","tag-grzegorz-krychowiak","tag-jakub-blaszczykowski","tag-jakub-kaminski","tag-kacper-kozlowski","tag-kadra-polski","tag-kamil-glik","tag-kamil-grosicki","tag-mariusz-stepinski","tag-nicola-zalewski","tag-oskar-pietuszewski","tag-pilka-nozna","tag-pilka-nozna-we-wloszech","tag-piotr-zielinski","tag-pl","tag-poland","tag-polish","tag-polska","tag-polski","tag-reprezentacja-polski","tag-reprezentacje","tag-robert-lewandowski","tag-sport","tag-sports"],"share_on_mastodon":{"url":"https:\/\/pubeurope.com\/@pl\/116280994617398713","error":""},"_links":{"self":[{"href":"https:\/\/www.europesays.com\/pl\/wp-json\/wp\/v2\/posts\/322303","targetHints":{"allow":["GET"]}}],"collection":[{"href":"https:\/\/www.europesays.com\/pl\/wp-json\/wp\/v2\/posts"}],"about":[{"href":"https:\/\/www.europesays.com\/pl\/wp-json\/wp\/v2\/types\/post"}],"author":[{"embeddable":true,"href":"https:\/\/www.europesays.com\/pl\/wp-json\/wp\/v2\/users\/2"}],"replies":[{"embeddable":true,"href":"https:\/\/www.europesays.com\/pl\/wp-json\/wp\/v2\/comments?post=322303"}],"version-history":[{"count":0,"href":"https:\/\/www.europesays.com\/pl\/wp-json\/wp\/v2\/posts\/322303\/revisions"}],"wp:featuredmedia":[{"embeddable":true,"href":"https:\/\/www.europesays.com\/pl\/wp-json\/wp\/v2\/media\/322304"}],"wp:attachment":[{"href":"https:\/\/www.europesays.com\/pl\/wp-json\/wp\/v2\/media?parent=322303"}],"wp:term":[{"taxonomy":"category","embeddable":true,"href":"https:\/\/www.europesays.com\/pl\/wp-json\/wp\/v2\/categories?post=322303"},{"taxonomy":"post_tag","embeddable":true,"href":"https:\/\/www.europesays.com\/pl\/wp-json\/wp\/v2\/tags?post=322303"}],"curies":[{"name":"wp","href":"https:\/\/api.w.org\/{rel}","templated":true}]}}