{"id":322512,"date":"2026-03-24T03:54:25","date_gmt":"2026-03-24T03:54:25","guid":{"rendered":"https:\/\/www.europesays.com\/pl\/322512\/"},"modified":"2026-03-24T03:54:25","modified_gmt":"2026-03-24T03:54:25","slug":"seat-arona-fr-1-5-tsi-test-jak-wypada-nowa-wersja-po-liftingu","status":"publish","type":"post","link":"https:\/\/www.europesays.com\/pl\/322512\/","title":{"rendered":"Seat Arona FR 1.5 TSI \u2013 test. Jak wypada nowa wersja po liftingu?"},"content":{"rendered":"<p>Seat Arona ma nowy prz\u00f3d ze zmienionymi reflektorami i zderzakami, a elementem, kt\u00f3ry odr\u00f3\u017cnia model 2026 od poprzednika, jest sze\u015bciok\u0105tny wlot powietrza z grub\u0105 kratk\u0105 r\u00f3wnie\u017c o sze\u015bciok\u0105tnych oczkach. Nowe s\u0105 wzory felg, od\u015bwie\u017cono tak\u017ce wn\u0119trze. To pierwsze wra\u017cenie, zanim jeszcze zajmiemy miejsce za kierownic\u0105.<\/p>\n<p>Seat Arona \u2014 miejski crossover<\/p>\n<p>Arona jest do\u015b\u0107 zgrabnym autem miejskim, kt\u00f3re teraz nazywa si\u0119 bardziej \u015bwiatowo \u2014 miejskim crossoverem. Ma 4164 mm d\u0142ugo\u015bci, 1780 mm szeroko\u015bci i 1530 mm wysoko\u015bci.<\/p>\n<p> <img decoding=\"async\" src=\"https:\/\/www.europesays.com\/pl\/wp-content\/uploads\/2026\/03\/3Hgk9lBaHR0cHM6Ly9vY2RuLmV1L3B1bHNjbXMvTURBXy85OTE2YzE3ZTUxZDM5N2RkMWM4ZjZmNjA2NzQ1ZDkwYS5qcGeRlQLNB.jpeg\" height=\"705\" width=\"940\" alt=\"Seat Arona FR 2026\" loading=\"lazy\" class=\"ods-c-image__img ods-c-image__img--viewport-width\"\/> <\/p>\n<p>Seat Arona FR 2026Roman D\u0119becki \/ Auto \u015awiat<\/p>\n<p>Rozstaw osi to 2566 mm \u2014 i ten parametr jest najwa\u017cniejszy, bo warunkuje ilo\u015b\u0107 miejsca w kabinie, przede wszystkim na tylnej kanapie. Ilo\u015b\u0107 miejsca na fotelach przednich jest zadowalaj\u0105ca, nawet osoby wysokie, o wzro\u015bcie nieco ponad 180 cm nie b\u0119d\u0105 narzeka\u0142y.<\/p>\n<p>      <img decoding=\"async\" src=\"https:\/\/www.europesays.com\/pl\/wp-content\/uploads\/2026\/03\/6AVk9lBaHR0cHM6Ly9vY2RuLmV1L3B1bHNjbXMvTURBXy80ZmI4M2U2NDAyOGM0NzYwNTFlYmU5ZGUzYzQzZWY3My5qcGeRlQLNB.jpeg\" height=\"705\" width=\"940\" alt=\"Seat Arona FR 2026\" loading=\"lazy\" class=\"ods-c-image__img ods-c-image__img--viewport-width\"\/> <\/p>\n<p>Seat Arona FR 2026Roman D\u0119becki \/ Auto \u015awiat<\/p>\n<p>Przednie fotele maj\u0105 regulacj\u0119 wysoko\u015bci (d\u017awigni\u0105), kierownic\u0119 mo\u017cna regulowa\u0107 na wysoko\u015b\u0107 i wzd\u0142u\u017cnie \u2014 pozwala to na optymalne dopasowanie. Przednie fotele s\u0105 obszerne, wygodne, kube\u0142kowe, w testowanej wersji FR maj\u0105 zintegrowane zag\u0142\u00f3wki z oparciami. Pod\u0142okietnik mi\u0119dzy przednimi fotelami jest kr\u00f3tki, niewygodny.<\/p>\n<p>Z ty\u0142u na kanapie s\u0105 teoretycznie trzy miejsca, ale jak w wi\u0119kszo\u015bci miejskich aut \u015brodkowe jest niewygodne i nale\u017cy je traktowa\u0107 jako &#8222;awaryjne&#8221;, gdy musimy przewie\u017a\u0107 na kanapie trzy osoby na kr\u00f3tkim dystansie. Z ty\u0142u osoby o wzro\u015bcie powy\u017cej 180 cm b\u0119d\u0105 narzeka\u0107 na ma\u0142o miejsca na nogi.<\/p>\n<p>Seat Arona \u2014 przyjazne wn\u0119trze bez udziwnie\u0144<\/p>\n<p>Wn\u0119trze nowej Arony jest spokojne, przejrzy\u015bcie zaprojektowane, bez udziwnie\u0144 i ekstrawagancji. Dotykowy ekran o przek\u0105tnej 9,2 cala s\u0142u\u017cy do obs\u0142ugi m.in. multimedi\u00f3w i nawigacji. Obs\u0142uga jest prosta, intuicyjna. Na pochwa\u0142\u0119 zas\u0142uguje kamera cofania \u2014 obraz jest wyra\u017any, a dodatkowe linie pomagaj\u0105 kierowa\u0107 szczeg\u00f3lnie podczas cofania<\/p>\n<p>  <img decoding=\"async\" src=\"https:\/\/www.europesays.com\/pl\/wp-content\/uploads\/2026\/03\/o6Yk9lBaHR0cHM6Ly9vY2RuLmV1L3B1bHNjbXMvTURBXy82OGM1MzQzYjAyYWI0ODYzZjVmODMxYWVmZGEwYmJkMS5qcGeRlQLNB.jpeg\" height=\"705\" width=\"940\" alt=\"Seat Arona FR 2026\" loading=\"lazy\" class=\"ods-c-image__img ods-c-image__img--viewport-width\"\/> <\/p>\n<p>Seat Arona FR 2026Roman D\u0119becki \/ Auto \u015awiat<\/p>\n<p>W testowanej wersji by\u0142 tak\u017ce (opcjonalny) wirtualny ekran o przek\u0105tnej 10,25 cala \u2014 kierowca mo\u017ce wybra\u0107 jeden z trzech sposob\u00f3w wy\u015bwietlania informacji na nim.<\/p>\n<p>Deska rozdzielcza wykonana jest z dw\u00f3ch rodzaj\u00f3w plastiku \u2014 g\u00f3ra w delikatny wzorek, d\u00f3\u0142 z g\u0142adkiego, ale twardego plastiku. Wloty powietrza maj\u0105 charakterystyczne pier\u015bcienie w jasnym kolorze i &#8222;z\u0105bkami&#8221;. Tu mam w\u0105tpliwo\u015bci, czy z czasem nie b\u0119dzie si\u0119 na nich zbiera\u0142 kurz, a jego usuni\u0119cie b\u0119dzie utrudnione.<\/p>\n<p>Seat Arona \u2014 silnik 1.5 TSI rozwija 150 KM<\/p>\n<p>Testowana wersja mia\u0142a silnik 1.5 TSI o mocy 150 KM skonfigurowany ze skrzyni\u0105 automatyczn\u0105, 7-biegow\u0105 DSG. Sterowa\u0107 ni\u0105 mo\u017cna na kilka sposob\u00f3w: wybieraj\u0105c D, czyli tryb automatyczny, wybieraj\u0105c M, co pozwala zmienia\u0107 biegi r\u0119cznie, mo\u017cna te\u017c sterowa\u0107 biegami za pomoc\u0105 \u0142opatek przy kierownicy.<\/p>\n<p> <img decoding=\"async\" src=\"https:\/\/www.europesays.com\/pl\/wp-content\/uploads\/2026\/03\/U8Tk9lBaHR0cHM6Ly9vY2RuLmV1L3B1bHNjbXMvTURBXy81NWJmYWQxNDkwMGViNjZlY2IyZDg2ZTZkMTIyODMxNy5qcGeRlQLNB.jpeg\" height=\"705\" width=\"940\" alt=\"Seat Arona FR 2026\" loading=\"lazy\" class=\"ods-c-image__img ods-c-image__img--viewport-width\"\/> <\/p>\n<p>Seat Arona FR 2026Roman D\u0119becki \/ Auto \u015awiat<\/p>\n<p>Wersja automatyczna ma jeszcze tryb S, czyli sportowy. W tym trybie silnik, skrzynia i zawieszenie staj\u0105 si\u0119 bardziej dynamiczne, obroty silnika wzrastaj\u0105 o ok. 500\/min w por\u00f3wnaniu z trybem w pe\u0142ni automatycznym. R\u00f3\u017cnica w zachowaniu auta jest wyra\u017anie odczuwalna. Oczywi\u015bcie idzie za tym tak\u017ce zwi\u0119kszone zu\u017cycie paliwa. \u015arednie zu\u017cycie w trybie Normal na dystansie ok. 500 km wynios\u0142o 7,3 l\/100 km.<\/p>\n<p>      <img decoding=\"async\" src=\"https:\/\/www.europesays.com\/pl\/wp-content\/uploads\/2026\/03\/xyfk9lBaHR0cHM6Ly9vY2RuLmV1L3B1bHNjbXMvTURBXy9kY2E0ZDkwZGY4NGUyMjNkZmU5MmQ2NmViYjljZjg0NC5qcGeRlQLNB.jpeg\" height=\"705\" width=\"940\" alt=\"Seat Arona FR 2026\" loading=\"lazy\" class=\"ods-c-image__img ods-c-image__img--viewport-width\"\/> <\/p>\n<p>Seat Arona FR 2026Roman D\u0119becki \/ Auto \u015awiat<\/p>\n<p> Seat Arona \u2014 baga\u017cnik o poj. 400 litr\u00f3w<\/p>\n<p>Na dobr\u0105 ocen\u0119 zas\u0142uguje baga\u017cnik Arony \u2014 ma pojemno\u015b\u0107 400 l, regularne kszta\u0142ty, przy z\u0142o\u017conych oparciach kanapy i fotelu przedniego pasa\u017cera przesuni\u0119tym maksymalnie do przodu mo\u017cna przewie\u017a\u0107 przedmiot o d\u0142ugo\u015bci 150 cm. Oczywi\u015bcie o szeroko\u015bci oparcia fotela pasa\u017cera, czyli ok. 50 cm. Szersze przedmioty, kt\u00f3re musz\u0105 zmie\u015bci\u0107 si\u0119 za fotelem kierowcy, mog\u0105 mie\u0107 maksymaln\u0105 d\u0142ugo\u015b\u0107 ok. 140 cm. Gdy kanapa jest zaj\u0119ta i oparcia nie mo\u017cna z\u0142o\u017cy\u0107, do baga\u017cnika w\u0142o\u017cymy przedmioty o d\u0142ugo\u015bci 50-55 cm.<\/p>\n<p> <img decoding=\"async\" src=\"https:\/\/www.europesays.com\/pl\/wp-content\/uploads\/2026\/03\/hR-k9lBaHR0cHM6Ly9vY2RuLmV1L3B1bHNjbXMvTURBXy84ZjM5OGZiYzljMGQ1NWMzYjUzMTE3ZTU0OTM1ZWQ4Yi5qcGeRlQLNB.jpeg\" height=\"705\" width=\"940\" alt=\"Seat Arona FR 2026\" loading=\"lazy\" class=\"ods-c-image__img ods-c-image__img--viewport-width\"\/> <\/p>\n<p>Seat Arona FR 2026Roman D\u0119becki \/ Auto \u015awiat<\/p>\n<p> Seat Arona \u2014 topowa wersja jest droga, ale podstawowa b\u0119dzie o 36 tys. z\u0142 ta\u0144sza<\/p>\n<p>Testowany egzemplarz Arony FR 1.5\/150 KM z 7-biegow\u0105 skrzyni\u0105 DSG kosztuje (po uwzgl\u0119dnieniu 10-tysi\u0119cznego rabatu) nieco ponad 121 tys. z\u0142. Wersja podstawowa z trzycylindrowym silnikiem 1.0\/95 KM i manualn\u0105 skrzyni\u0105 bieg\u00f3w jest znacznie ta\u0144sza \u2014 kosztuje 85 tys. 300 z\u0142.<\/p>\n<p>Seat Arona FR 1.5 TSI \u2014 dane techniczne  <\/p>\n<tr class=\"ods-m-table__row\">\n<td class=\"ods-a-table__cell\">Silnik<\/td>\n<td class=\"ods-a-table__cell\">benzynowy TSI, 1498 ccm<\/td>\n<\/tr>\n<tr class=\"ods-m-table__row\">\n<td class=\"ods-a-table__cell\">Moc maksymalna<\/td>\n<td class=\"ods-a-table__cell\">150 KM<\/td>\n<\/tr>\n<tr class=\"ods-m-table__row\">\n<td class=\"ods-a-table__cell\">Maks. moment obrotowy<\/td>\n<td class=\"ods-a-table__cell\">250 Nm<\/td>\n<\/tr>\n<tr class=\"ods-m-table__row\">\n<td class=\"ods-a-table__cell\">Pr\u0119dko\u015b\u0107 maksymalna<\/td>\n<td class=\"ods-a-table__cell\">212 km\/h<\/td>\n<\/tr>\n<tr class=\"ods-m-table__row\">\n<td class=\"ods-a-table__cell\">Przyspieszenie 0-100 km\/h<\/td>\n<td class=\"ods-a-table__cell\">8,3 s<\/td>\n<\/tr>\n<tr class=\"ods-m-table__row\">\n<td class=\"ods-a-table__cell\">Zu\u017cycie paliwa (\u015brednie) dane prod.<\/td>\n<td class=\"ods-a-table__cell\">5,6-6,0 l\/100 km<\/td>\n<\/tr>\n<tr class=\"ods-m-table__row\">\n<td class=\"ods-a-table__cell\">Wymiary (d\u0142.\/szer.\/wys.), rozstaw osi<\/td>\n<td class=\"ods-a-table__cell\">4164\/1780\/1530 mm, 2566 mm<\/td>\n<\/tr>\n<tr class=\"ods-m-table__row\">\n<td class=\"ods-a-table__cell\">Pojemno\u015b\u0107 baga\u017cnika<\/td>\n<td class=\"ods-a-table__cell\">400 l<\/td>\n<\/tr>\n<tr class=\"ods-m-table__row\">\n<td class=\"ods-a-table__cell\">Ko\u0142a<\/td>\n<td class=\"ods-a-table__cell\">215\/45 R18<\/td>\n<\/tr>\n<p>     1\/18 Seat Arona FR 2026       <img class=\"ods-a-photo ods-a-photo--background\" src=\"https:\/\/www.europesays.com\/pl\/wp-content\/uploads\/2026\/03\/Qxek9lBaHR0cHM6Ly9vY2RuLmV1L3B1bHNjbXMvTURBXy81ZmZjYTIxN2QyY2RmNGIyOTJlNmQ1NmYzMzM1MDhiYi5qcGeRkwXNB.jpeg\" height=\"705\" width=\"940\" alt=\"Seat Arona FR 2026\" loading=\"lazy\" fetchpriority=\"auto\" decoding=\"auto\"\/>    <\/p>\n<p>Roman D\u0119becki \/ Auto \u015awiat<\/p>\n<p>         2\/18 Seat Arona FR 2026       <img class=\"ods-a-photo ods-a-photo--background\" src=\"https:\/\/www.europesays.com\/pl\/wp-content\/uploads\/2026\/03\/oI7k9lBaHR0cHM6Ly9vY2RuLmV1L3B1bHNjbXMvTURBXy85OTE2YzE3ZTUxZDM5N2RkMWM4ZjZmNjA2NzQ1ZDkwYS5qcGeRkwXNB.jpeg\" height=\"705\" width=\"940\" alt=\"Seat Arona FR 2026\" loading=\"lazy\" fetchpriority=\"auto\" decoding=\"auto\"\/>    <\/p>\n<p>Roman D\u0119becki \/ Auto \u015awiat<\/p>\n<p>                3\/18 Seat Arona FR 2026       <img class=\"ods-a-photo ods-a-photo--background\" src=\"https:\/\/www.europesays.com\/pl\/wp-content\/uploads\/2026\/03\/xjGk9lBaHR0cHM6Ly9vY2RuLmV1L3B1bHNjbXMvTURBXy8yZTFjZTg4Y2VkODQ4NDM3NGFjMTUwNDk0ZjFmOGE3MC5qcGeRkwXNB.jpeg\" height=\"705\" width=\"940\" alt=\"Seat Arona FR 2026\" loading=\"lazy\" fetchpriority=\"auto\" decoding=\"auto\"\/>    <\/p>\n<p>Roman D\u0119becki \/ Auto \u015awiat<\/p>\n<p>         4\/18 Seat Arona FR 2026       <img class=\"ods-a-photo ods-a-photo--background\" src=\"https:\/\/www.europesays.com\/pl\/wp-content\/uploads\/2026\/03\/whnk9lBaHR0cHM6Ly9vY2RuLmV1L3B1bHNjbXMvTURBXy8zMWQyNTY5NjIyZDZmZGIyYTQ3ZGEwN2M3ZDk1ODAzNi5qcGeRkwXNB.jpeg\" height=\"705\" width=\"940\" alt=\"Seat Arona FR 2026\" loading=\"lazy\" fetchpriority=\"auto\" decoding=\"auto\"\/>    <\/p>\n<p>Roman D\u0119becki \/ Auto \u015awiat<\/p>\n<p>                5\/18 Seat Arona FR 2026       <img class=\"ods-a-photo ods-a-photo--background\" src=\"https:\/\/www.europesays.com\/pl\/wp-content\/uploads\/2026\/03\/YvMk9lBaHR0cHM6Ly9vY2RuLmV1L3B1bHNjbXMvTURBXy85ZTMzNzlkYzQ4NzgzY2EyMjM3ZjQ2ZGNjNmNhZGQxOC5qcGeRkwXNB.jpeg\" height=\"705\" width=\"940\" alt=\"Seat Arona FR 2026\" loading=\"lazy\" fetchpriority=\"auto\" decoding=\"auto\"\/>    <\/p>\n<p>Roman D\u0119becki \/ Auto \u015awiat<\/p>\n<p>         6\/18 Seat Arona FR 2026       <img class=\"ods-a-photo ods-a-photo--background\" src=\"https:\/\/www.europesays.com\/pl\/wp-content\/uploads\/2026\/03\/WNIk9lBaHR0cHM6Ly9vY2RuLmV1L3B1bHNjbXMvTURBXy9lNDIwZDcwMjM1YmEzMzkzOGVlNjYzNTAwMzI0NDcyZi5qcGeRkwXNB.jpeg\" height=\"705\" width=\"940\" alt=\"Seat Arona FR 2026\" loading=\"lazy\" fetchpriority=\"auto\" decoding=\"auto\"\/>    <\/p>\n<p>Roman D\u0119becki \/ Auto \u015awiat<\/p>\n<p>                7\/18 Seat Arona FR 2026       <img class=\"ods-a-photo ods-a-photo--background\" src=\"https:\/\/www.europesays.com\/pl\/wp-content\/uploads\/2026\/03\/ABuk9lBaHR0cHM6Ly9vY2RuLmV1L3B1bHNjbXMvTURBXy8zZGI0MzdjMzUxYjYzZTliNWExOWJiNzI2OTQ0MWMyNS5qcGeRkwXNB.jpeg\" height=\"705\" width=\"940\" alt=\"Seat Arona FR 2026\" loading=\"lazy\" fetchpriority=\"auto\" decoding=\"auto\"\/>    <\/p>\n<p>Roman D\u0119becki \/ Auto \u015awiat<\/p>\n<p>         8\/18 Seat Arona FR 2026       <img class=\"ods-a-photo ods-a-photo--background\" src=\"https:\/\/www.europesays.com\/pl\/wp-content\/uploads\/2026\/03\/m9Ak9lBaHR0cHM6Ly9vY2RuLmV1L3B1bHNjbXMvTURBXy8zOTQ4MjI1MDUxMDE2YjU0MTIwYmU1Y2U5ODEyOTZkZS5qcGeRkwXNB.jpeg\" height=\"705\" width=\"940\" alt=\"Seat Arona FR 2026\" loading=\"lazy\" fetchpriority=\"auto\" decoding=\"auto\"\/>    <\/p>\n<p>Roman D\u0119becki \/ Auto \u015awiat<\/p>\n<p>                9\/18 Seat Arona FR 2026       <img class=\"ods-a-photo ods-a-photo--background\" src=\"https:\/\/www.europesays.com\/pl\/wp-content\/uploads\/2026\/03\/reAk9lBaHR0cHM6Ly9vY2RuLmV1L3B1bHNjbXMvTURBXy9iYmYyMTg5ZWU4ZmYwMjZlODFlYTYyMzZlOWIyZGIwOC5qcGeRkwXNB.jpeg\" height=\"705\" width=\"940\" alt=\"Seat Arona FR 2026\" loading=\"lazy\" fetchpriority=\"auto\" decoding=\"auto\"\/>    <\/p>\n<p>Roman D\u0119becki \/ Auto \u015awiat<\/p>\n<p>         10\/18 Seat Arona FR 2026       <img class=\"ods-a-photo ods-a-photo--background\" src=\"https:\/\/www.europesays.com\/pl\/wp-content\/uploads\/2026\/03\/O5Rk9lBaHR0cHM6Ly9vY2RuLmV1L3B1bHNjbXMvTURBXy81NDBkYWIzOWY5MmI5OTZmMDBiYmZhMzZlMTcyZGU0Yi5qcGeRkwXNB.jpeg\" height=\"705\" width=\"940\" alt=\"Seat Arona FR 2026\" loading=\"lazy\" fetchpriority=\"auto\" decoding=\"auto\"\/>    <\/p>\n<p>Roman D\u0119becki \/ Auto \u015awiat<\/p>\n<p>                11\/18 Seat Arona FR 2026       <img class=\"ods-a-photo ods-a-photo--background\" src=\"https:\/\/www.europesays.com\/pl\/wp-content\/uploads\/2026\/03\/DXqk9lBaHR0cHM6Ly9vY2RuLmV1L3B1bHNjbXMvTURBXy9kMDA4NzlmODg3MjZkMWNiZWQyMzk5N2Q4YjczNzc1NS5qcGeRkwXNB.jpeg\" height=\"705\" width=\"940\" alt=\"Seat Arona FR 2026\" loading=\"lazy\" fetchpriority=\"auto\" decoding=\"auto\"\/>    <\/p>\n<p>Roman D\u0119becki \/ Auto \u015awiat<\/p>\n<p>         12\/18 Seat Arona FR 2026       <img class=\"ods-a-photo ods-a-photo--background\" src=\"https:\/\/www.europesays.com\/pl\/wp-content\/uploads\/2026\/03\/n-3k9lBaHR0cHM6Ly9vY2RuLmV1L3B1bHNjbXMvTURBXy8yY2RmMzcxZmM1N2U5YWJlN2ExOGY1YzhmNzcxNGYzZS5qcGeRkwXNB.jpeg\" height=\"705\" width=\"940\" alt=\"Seat Arona FR 2026\" loading=\"lazy\" fetchpriority=\"auto\" decoding=\"auto\"\/>    <\/p>\n<p>Roman D\u0119becki \/ Auto \u015awiat<\/p>\n<p>                13\/18 Seat Arona FR 2026       <img class=\"ods-a-photo ods-a-photo--background\" src=\"https:\/\/www.europesays.com\/pl\/wp-content\/uploads\/2026\/03\/CB2k9lBaHR0cHM6Ly9vY2RuLmV1L3B1bHNjbXMvTURBXy9hYTg5ZTA5YzQ0MzI1N2E4M2IzZDYyMDViYzAxZmI4YS5qcGeRkwXNB.jpeg\" height=\"705\" width=\"940\" alt=\"Seat Arona FR 2026\" loading=\"lazy\" fetchpriority=\"auto\" decoding=\"auto\"\/>    <\/p>\n<p>Roman D\u0119becki \/ Auto \u015awiat<\/p>\n<p>         14\/18 Seat Arona FR 2026       <img class=\"ods-a-photo ods-a-photo--background\" src=\"https:\/\/www.europesays.com\/pl\/wp-content\/uploads\/2026\/03\/PMsk9lBaHR0cHM6Ly9vY2RuLmV1L3B1bHNjbXMvTURBXy8xNDYwNDM5YTlhMjliZDIyZGVkYzg1NjE5NTRmMmVlNy5qcGeRkwXNB.jpeg\" height=\"705\" width=\"940\" alt=\"Seat Arona FR 2026\" loading=\"lazy\" fetchpriority=\"auto\" decoding=\"auto\"\/>    <\/p>\n<p>Roman D\u0119becki \/ Auto \u015awiat<\/p>\n<p>                15\/18 Seat Arona FR 2026       <img class=\"ods-a-photo ods-a-photo--background\" src=\"https:\/\/www.europesays.com\/pl\/wp-content\/uploads\/2026\/03\/hn6k9lBaHR0cHM6Ly9vY2RuLmV1L3B1bHNjbXMvTURBXy84ZjM5OGZiYzljMGQ1NWMzYjUzMTE3ZTU0OTM1ZWQ4Yi5qcGeRkwXNB.jpeg\" height=\"705\" width=\"940\" alt=\"Seat Arona FR 2026\" loading=\"lazy\" fetchpriority=\"auto\" decoding=\"auto\"\/>    <\/p>\n<p>Roman D\u0119becki \/ Auto \u015awiat<\/p>\n<p>         16\/18 Seat Arona FR 2026       <img class=\"ods-a-photo ods-a-photo--background\" src=\"https:\/\/www.europesays.com\/pl\/wp-content\/uploads\/2026\/03\/BZek9lBaHR0cHM6Ly9vY2RuLmV1L3B1bHNjbXMvTURBXy9iZTZlMmRhOWFkNmRkYjI1MDNlMDc0ODBiNmNiOGJhMS5qcGeRkwXNB.jpeg\" height=\"705\" width=\"940\" alt=\"Seat Arona FR 2026\" loading=\"lazy\" fetchpriority=\"auto\" decoding=\"auto\"\/>    <\/p>\n<p>Roman D\u0119becki \/ Auto \u015awiat<\/p>\n<p>                17\/18 Seat Arona FR 2026       <img class=\"ods-a-photo ods-a-photo--background\" src=\"https:\/\/www.europesays.com\/pl\/wp-content\/uploads\/2026\/03\/BfCk9lBaHR0cHM6Ly9vY2RuLmV1L3B1bHNjbXMvTURBXy82NDZmOTY1MDllOGRhNTE2ZTg1NWE3OWNlYTZiMDJlNi5qcGeRkwXNB.jpeg\" height=\"705\" width=\"940\" alt=\"Seat Arona FR 2026\" loading=\"lazy\" fetchpriority=\"auto\" decoding=\"auto\"\/>    <\/p>\n<p>Roman D\u0119becki \/ Auto \u015awiat<\/p>\n<p>         18\/18 Seat Arona FR 2026       <img class=\"ods-a-photo ods-a-photo--background\" src=\"https:\/\/www.europesays.com\/pl\/wp-content\/uploads\/2026\/03\/YObk9lBaHR0cHM6Ly9vY2RuLmV1L3B1bHNjbXMvTURBXy81NWJmYWQxNDkwMGViNjZlY2IyZDg2ZTZkMTIyODMxNy5qcGeRkwXNB.jpeg\" height=\"705\" width=\"940\" alt=\"Seat Arona FR 2026\" loading=\"lazy\" fetchpriority=\"auto\" decoding=\"auto\"\/>    <\/p>\n<p>Roman D\u0119becki \/ Auto \u015awiat<\/p>\n","protected":false},"excerpt":{"rendered":"Seat Arona ma nowy prz\u00f3d ze zmienionymi reflektorami i zderzakami, a elementem, kt\u00f3ry odr\u00f3\u017cnia model 2026 od poprzednika,&hellip;\n","protected":false},"author":2,"featured_media":322513,"comment_status":"","ping_status":"","sticky":false,"template":"","format":"standard","meta":{"footnotes":"","_share_on_mastodon":"0"},"categories":[16],"tags":[113,112,20184,8538,48,46,102,42,38,40,39,41,47,18402,18403,3355,3356],"class_list":["post-322512","post","type-post","status-publish","format-standard","has-post-thumbnail","category-biznes","tag-biznes","tag-business","tag-crossover","tag-lifting","tag-nat_styl","tag-omp","tag-opinie","tag-pl","tag-poland","tag-polish","tag-polska","tag-polski","tag-screening_general","tag-seat","tag-seat_arona","tag-testy","tag-testy_nowych_samochodow"],"share_on_mastodon":{"url":"https:\/\/pubeurope.com\/@pl\/116282135175662180","error":""},"_links":{"self":[{"href":"https:\/\/www.europesays.com\/pl\/wp-json\/wp\/v2\/posts\/322512","targetHints":{"allow":["GET"]}}],"collection":[{"href":"https:\/\/www.europesays.com\/pl\/wp-json\/wp\/v2\/posts"}],"about":[{"href":"https:\/\/www.europesays.com\/pl\/wp-json\/wp\/v2\/types\/post"}],"author":[{"embeddable":true,"href":"https:\/\/www.europesays.com\/pl\/wp-json\/wp\/v2\/users\/2"}],"replies":[{"embeddable":true,"href":"https:\/\/www.europesays.com\/pl\/wp-json\/wp\/v2\/comments?post=322512"}],"version-history":[{"count":0,"href":"https:\/\/www.europesays.com\/pl\/wp-json\/wp\/v2\/posts\/322512\/revisions"}],"wp:featuredmedia":[{"embeddable":true,"href":"https:\/\/www.europesays.com\/pl\/wp-json\/wp\/v2\/media\/322513"}],"wp:attachment":[{"href":"https:\/\/www.europesays.com\/pl\/wp-json\/wp\/v2\/media?parent=322512"}],"wp:term":[{"taxonomy":"category","embeddable":true,"href":"https:\/\/www.europesays.com\/pl\/wp-json\/wp\/v2\/categories?post=322512"},{"taxonomy":"post_tag","embeddable":true,"href":"https:\/\/www.europesays.com\/pl\/wp-json\/wp\/v2\/tags?post=322512"}],"curies":[{"name":"wp","href":"https:\/\/api.w.org\/{rel}","templated":true}]}}