{"id":322546,"date":"2026-03-24T05:05:09","date_gmt":"2026-03-24T05:05:09","guid":{"rendered":"https:\/\/www.europesays.com\/pl\/322546\/"},"modified":"2026-03-24T05:05:09","modified_gmt":"2026-03-24T05:05:09","slug":"izraelski-atak-na-iranska-flote-na-morzu-kaspijskim-mial-chronic-azerbejdzan-media-wskazuja-na-tajna-umowe-onet","status":"publish","type":"post","link":"https:\/\/www.europesays.com\/pl\/322546\/","title":{"rendered":"Izraelski atak na ira\u0144sk\u0105 flot\u0119 na Morzu Kaspijskim mia\u0142 chroni\u0107 Azerbejd\u017can. Media wskazuj\u0105 na tajn\u0105 umow\u0119 &#8211; Onet"},"content":{"rendered":"<ol>\n<li><a href=\"https:\/\/news.google.com\/rss\/articles\/CBMivAFBVV95cUxQY1lfSEVlQ19aZnRVUHJaWElfbXdDM3BxamY0QVk1aUxLUVd0UndMVDVWbnMyNmZFMmFtVGFtRDVQME9EbFdveF9zWlQ5SXUtWnBYNERudjNVSDV0bVU3elRHZ3NvMVEwRTJOSFpQa29vRFhHUXRYbnNxcmo1Rzg3dVV1aENMNzhObWR4YVdySEkyQWJZU2lLU29VQk02WnhON1I1VUVLWWh5eC1mMWVMOW9vZE1wbVF3NklGTQ?oc=5\" target=\"_blank\" rel=\"nofollow noopener\">Izraelski atak na ira\u0144sk\u0105 flot\u0119 na Morzu Kaspijskim mia\u0142 chroni\u0107 Azerbejd\u017can. Media wskazuj\u0105 na tajn\u0105 umow\u0119<\/a>&nbsp;&nbsp;Onet<\/li>\n<li><a href=\"https:\/\/news.google.com\/rss\/articles\/CBMioAFBVV95cUxOR0lVWmpGeTVlSmZucjFONThleXhObVk2MG5zejBYdElIWHYyLWhJQVIwZ2ZmRENBM1p3T0NvbThfZS1adklRZXJoUUNvaHVNbzFubTRLRFNNb0RBV0R6U2Z3M2hxdTRYbWtEX3BqOEZMb0tueGZsOWIzcEdOZ3c0WTdqcmVGZVJ0aUM0WllEQWNyVlVKQ2ExSGhtR2tZZ08t?oc=5\" target=\"_blank\" rel=\"nofollow noopener\">Fala uderze\u0144 w Iranie. Czerwie\u0144 zalewa gie\u0142dy<\/a>&nbsp;&nbsp;Money.pl<\/li>\n<li><a href=\"https:\/\/news.google.com\/rss\/articles\/CBMiwAFBVV95cUxQWVhadjY3QmY5bnpMaUo5cWxrTTYtZ1VKUW0xeXZTNFNZUjlra1ltcm1qaTgyemFWeGlwZDk3enZ0WHFQZE8yUmZ5d1JEVmt1a2w2Z0E5TXB1MGpEWWRTSEdXMVU2blFoUTZReW53UHVldHo0eVI5MFhHWXdRSjZhRmZCZWQ4YjZJUG1Ba1IwMGNWdkc2VlJlYXNLQTF5QVdySDhKZ1FsV1lqV3o3MXlYVkFhOExsQUxFdXdPRVBZeWY?oc=5\" target=\"_blank\" rel=\"nofollow noopener\">Pot\u0119\u017cne eksplozje w Iranie. Teheran pod ostrza\u0142em<\/a>&nbsp;&nbsp;RMF24<\/li>\n<li><a href=\"https:\/\/news.google.com\/rss\/articles\/CBMimgFBVV95cUxNQ0c4TE1vaDRVZ0ZzTWI3V0N6anZSNmdVWTNPNk9hai0wLUJUZWNmd0VuVHBWRFRfaUpsdE9Ddk50RFFvT0hrMFJOR1YwM1ZXLVk3Tk5kcXBlWUREcERZd0xFMFM5OW9PaFgxT2hRWmU1aFlHM19fdXZ2Zm5pOWx6S2Yxb1paVVdmOFItYUVDa3FySGpGQjZTR09B?oc=5\" target=\"_blank\" rel=\"nofollow noopener\">Dzia\u0142o si\u0119 w nocy. &#8222;Bezprecedensowe&#8221; ataki w Teheranie<\/a>&nbsp;&nbsp;WP Wiadomo\u015bci<\/li>\n<li><a href=\"https:\/\/news.google.com\/rss\/articles\/CBMinwFBVV95cUxOeElkSFNHWjVDSGItazVESEZaM2VGUFR6bDZvOC1RYW9Ub2kwdVN6MkdfZkNpbkNuZi04dk1LMWdJQXpyd0g3ck9WLWtFYzdTNU1MVVFpZTFBNFI4OUlnUktHUk1CSVRCNHlGVkNqUE1xWThjby1yRXJIWWw2VjdPME1GTnJkM1FoY2lOOWROQTNmS2VKSS1ONFNiYlBSZzQ?oc=5\" target=\"_blank\" rel=\"nofollow noopener\">Atak Izraela na Morzu Kaspijskim. Media wskazuj\u0105 na tajn\u0105 umow\u0119<\/a>&nbsp;&nbsp;Wiadomo\u015bci Onet<\/li>\n<\/ol>\n","protected":false},"excerpt":{"rendered":"Izraelski atak na ira\u0144sk\u0105 flot\u0119 na Morzu Kaspijskim mia\u0142 chroni\u0107 Azerbejd\u017can. Media wskazuj\u0105 na tajn\u0105 umow\u0119&nbsp;&nbsp;Onet Fala uderze\u0144&hellip;\n","protected":false},"author":2,"featured_media":322547,"comment_status":"","ping_status":"","sticky":false,"template":"","format":"standard","meta":{"footnotes":"","_share_on_mastodon":"0"},"categories":[14],"tags":[990,32,33,27,307,234,34,35,11709,28,31,53,25,52,68,51,55,40,41,47,1998,80,29,30,65,50,26,82,83,84],"class_list":["post-322546","post","type-post","status-publish","format-standard","has-post-thumbnail","category-swiat","tag-azerbejdzan","tag-breaking-news","tag-breakingnews","tag-headlines","tag-iran_kraj","tag-izrael_izraelczyk_izraelka_izraelczycy","tag-latest-news","tag-latestnews","tag-morze_kaspijskie","tag-naglowki","tag-najwazniejsze-artykuly","tag-new_header","tag-news","tag-onet3","tag-onet3d","tag-onet3d_2i","tag-phx","tag-polish","tag-polski","tag-screening_general","tag-short_news","tag-swiat","tag-top-stories","tag-topstories","tag-update_me","tag-v2021","tag-wiadomosci","tag-world","tag-world-news","tag-worldnews"],"share_on_mastodon":{"url":"","error":"Validation failed: Text character limit of 500 exceeded"},"_links":{"self":[{"href":"https:\/\/www.europesays.com\/pl\/wp-json\/wp\/v2\/posts\/322546","targetHints":{"allow":["GET"]}}],"collection":[{"href":"https:\/\/www.europesays.com\/pl\/wp-json\/wp\/v2\/posts"}],"about":[{"href":"https:\/\/www.europesays.com\/pl\/wp-json\/wp\/v2\/types\/post"}],"author":[{"embeddable":true,"href":"https:\/\/www.europesays.com\/pl\/wp-json\/wp\/v2\/users\/2"}],"replies":[{"embeddable":true,"href":"https:\/\/www.europesays.com\/pl\/wp-json\/wp\/v2\/comments?post=322546"}],"version-history":[{"count":0,"href":"https:\/\/www.europesays.com\/pl\/wp-json\/wp\/v2\/posts\/322546\/revisions"}],"wp:featuredmedia":[{"embeddable":true,"href":"https:\/\/www.europesays.com\/pl\/wp-json\/wp\/v2\/media\/322547"}],"wp:attachment":[{"href":"https:\/\/www.europesays.com\/pl\/wp-json\/wp\/v2\/media?parent=322546"}],"wp:term":[{"taxonomy":"category","embeddable":true,"href":"https:\/\/www.europesays.com\/pl\/wp-json\/wp\/v2\/categories?post=322546"},{"taxonomy":"post_tag","embeddable":true,"href":"https:\/\/www.europesays.com\/pl\/wp-json\/wp\/v2\/tags?post=322546"}],"curies":[{"name":"wp","href":"https:\/\/api.w.org\/{rel}","templated":true}]}}