{"id":322588,"date":"2026-03-24T05:47:10","date_gmt":"2026-03-24T05:47:10","guid":{"rendered":"https:\/\/www.europesays.com\/pl\/322588\/"},"modified":"2026-03-24T05:47:10","modified_gmt":"2026-03-24T05:47:10","slug":"atak-izraela-na-morzu-kaspijskim-mial-chronic-azerbejdzan","status":"publish","type":"post","link":"https:\/\/www.europesays.com\/pl\/322588\/","title":{"rendered":"Atak Izraela na Morzu Kaspijskim. Mia\u0142 chroni\u0107 Azerbejd\u017can"},"content":{"rendered":"\n<p>Jakie s\u0105 przyczyny konfliktu?<\/p>\n<p>Iran od dawna traktuje Azerbejd\u017can jako cz\u0119\u015b\u0107 swojej strefy wp\u0142yw\u00f3w, pr\u00f3buj\u0105c ingerowa\u0107 w jego polityk\u0119 oraz bezpiecze\u0144stwo. Przyk\u0142adem by\u0142a pr\u00f3ba utworzenia w Azerbejd\u017canie organizacji Huseyniyun, wzorowanej na Hezbollahu, oraz atak na ambasad\u0119 Azerbejd\u017canu w Teheranie w 2023 r. Baku stanowczo sprzeciwia si\u0119 takim dzia\u0142aniom i szuka wsparcia w Izraelu i Turcji.<\/p>\n","protected":false},"excerpt":{"rendered":"Jakie s\u0105 przyczyny konfliktu? Iran od dawna traktuje Azerbejd\u017can jako cz\u0119\u015b\u0107 swojej strefy wp\u0142yw\u00f3w, pr\u00f3buj\u0105c ingerowa\u0107 w jego&hellip;\n","protected":false},"author":2,"featured_media":322589,"comment_status":"","ping_status":"","sticky":false,"template":"","format":"standard","meta":{"footnotes":"","_share_on_mastodon":"0"},"categories":[14],"tags":[990,32,33,27,663,91,34,35,11709,28,31,48,25,46,40,41,47,80,29,30,48835,70,26,82,83,84],"class_list":["post-322588","post","type-post","status-publish","format-standard","has-post-thumbnail","category-swiat","tag-azerbejdzan","tag-breaking-news","tag-breakingnews","tag-headlines","tag-iran","tag-izrael","tag-latest-news","tag-latestnews","tag-morze_kaspijskie","tag-naglowki","tag-najwazniejsze-artykuly","tag-nat_styl","tag-news","tag-omp","tag-polish","tag-polski","tag-screening_general","tag-swiat","tag-top-stories","tag-topstories","tag-tst_floating_paywall","tag-w_skrocie","tag-wiadomosci","tag-world","tag-world-news","tag-worldnews"],"share_on_mastodon":{"url":"https:\/\/pubeurope.com\/@pl\/116282579025257750","error":""},"_links":{"self":[{"href":"https:\/\/www.europesays.com\/pl\/wp-json\/wp\/v2\/posts\/322588","targetHints":{"allow":["GET"]}}],"collection":[{"href":"https:\/\/www.europesays.com\/pl\/wp-json\/wp\/v2\/posts"}],"about":[{"href":"https:\/\/www.europesays.com\/pl\/wp-json\/wp\/v2\/types\/post"}],"author":[{"embeddable":true,"href":"https:\/\/www.europesays.com\/pl\/wp-json\/wp\/v2\/users\/2"}],"replies":[{"embeddable":true,"href":"https:\/\/www.europesays.com\/pl\/wp-json\/wp\/v2\/comments?post=322588"}],"version-history":[{"count":0,"href":"https:\/\/www.europesays.com\/pl\/wp-json\/wp\/v2\/posts\/322588\/revisions"}],"wp:featuredmedia":[{"embeddable":true,"href":"https:\/\/www.europesays.com\/pl\/wp-json\/wp\/v2\/media\/322589"}],"wp:attachment":[{"href":"https:\/\/www.europesays.com\/pl\/wp-json\/wp\/v2\/media?parent=322588"}],"wp:term":[{"taxonomy":"category","embeddable":true,"href":"https:\/\/www.europesays.com\/pl\/wp-json\/wp\/v2\/categories?post=322588"},{"taxonomy":"post_tag","embeddable":true,"href":"https:\/\/www.europesays.com\/pl\/wp-json\/wp\/v2\/tags?post=322588"}],"curies":[{"name":"wp","href":"https:\/\/api.w.org\/{rel}","templated":true}]}}