{"id":322816,"date":"2026-03-24T08:04:11","date_gmt":"2026-03-24T08:04:11","guid":{"rendered":"https:\/\/www.europesays.com\/pl\/322816\/"},"modified":"2026-03-24T08:04:11","modified_gmt":"2026-03-24T08:04:11","slug":"media-pilkarz-barcelony-kuszony-atrakcyjnymi-zarobkami-zdecyduje-latem","status":"publish","type":"post","link":"https:\/\/www.europesays.com\/pl\/322816\/","title":{"rendered":"Media. Pi\u0142karz Barcelony kuszony atrakcyjnymi zarobkami. Zdecyduje latem"},"content":{"rendered":"\n<p class=\"contentpart contentpart--default contentpart--text\" data-position=\"0\">Tym zawodnikiem jest <a href=\"https:\/\/sportowefakty.wp.pl\/pilka-nozna\/marc-casado\" rel=\"nofollow noopener\" target=\"_blank\">Marc Casado.<\/a>\u00a0Pomocnik <a href=\"https:\/\/sportowefakty.wp.pl\/pilka-nozna\/fc-barcelona\" rel=\"nofollow noopener\" target=\"_blank\">FC Barcelony<\/a>\u00a0nie ma miejsca w wyj\u015bciowym sk\u0142adzie zespo\u0142u prowadzonego przez Hansiego Flicka. Najcz\u0119\u015bciej rozpoczyna mecze na \u0142awce rezerwowych.<\/p>\n<p class=\"contentpart contentpart--default contentpart--text\" data-position=\"1\">&#8222;Mundo Deportivo&#8221; przekaza\u0142o, \u017ce zawodnik w Arabii Saudysjkiej m\u00f3g\u0142by liczy\u0107 na bardzo atrakcyjne zarobki. Na razie jednak skupia si\u0119 na pracy dla swojego klubu. Jego celem jest wsparcie zespo\u0142u w walce o mistrzostwo La Ligi i triumf w Lidze Mistrz\u00f3w, co obecnie stanowi priorytet.<\/p>\n<p>  <img decoding=\"async\" src=\"https:\/\/v.wpimg.pl\/X3dwLnN2d1IFFTpdYUl6R0ZNbgcnEHQREVV2TGEGbUtRT2MdOlZ2RBQUKABgQjQcDRotCStBd1IAAWMeIlM7VgwYIAorQAdEFFk_GCkQJQ\" alt=\"\" width=\"45\" height=\"58\" loading=\"lazy\"\/>  <\/p>\n<p class=\"contentpart contentpart--default contentpart--text\" data-position=\"2\">ZOBACZ WIDEO: Najbardziej spektakularna interwencja? Fabia\u0144ski wskaza\u0142 na mecz kadry<\/p>\n<p class=\"contentpart contentpart--default contentpart--text\" data-position=\"4\">Jego czas na boisku zosta\u0142 ograniczony przez powr\u00f3t do gry po kontuzji Marca Bernala. Kontrakt Casado z Barcelon\u0105 obowi\u0105zuje do 30 czerwca 2028 r. i zawiera klauzul\u0119 odst\u0119pnego wynosz\u0105c\u0105 100 mln euro.<\/p>\n<p class=\"contentpart contentpart--default contentpart--text\" data-position=\"5\">Oferty z innych klub\u00f3w b\u0119d\u0105 brane przez gracza pod uwag\u0119 po zako\u0144czeniu sezonu, kiedy to podejmie decyzj\u0119 o swojej przysz\u0142o\u015bci, analizuj\u0105c potencjalne mo\u017cliwo\u015bci transferowe.<\/p>\n<p class=\"contentpart contentpart--default contentpart--text\" data-position=\"6\">W ostatnim meczu Barcelona pokona\u0142a 1:0 Rayo Vallecano. Casado rozpocz\u0105\u0142 to spotkanie na \u0142awce, a na boisku pojawi\u0142 si\u0119 w 61. minucie rywalizacji. 22-latek zmieni\u0142 w\u00f3wczas Bernala.<\/p>\n","protected":false},"excerpt":{"rendered":"Tym zawodnikiem jest Marc Casado.\u00a0Pomocnik FC Barcelony\u00a0nie ma miejsca w wyj\u015bciowym sk\u0142adzie zespo\u0142u prowadzonego przez Hansiego Flicka. Najcz\u0119\u015bciej&hellip;\n","protected":false},"author":2,"featured_media":322817,"comment_status":"","ping_status":"","sticky":false,"template":"","format":"standard","meta":{"footnotes":"","_share_on_mastodon":"0"},"categories":[24],"tags":[4494,1157,272,267,538,51476,989,269,540,278,42,38,40,39,41,21256,127,126,4680],"class_list":["post-322816","post","type-post","status-publish","format-standard","has-post-thumbnail","category-sport","tag-arabia-saudyjska","tag-barcelona","tag-fc-barcelona","tag-hiszpania","tag-la-liga","tag-marc-casado","tag-pilka-na-swiecie","tag-pilka-nozna","tag-pilka-nozna-w-hiszpanii","tag-pilka-w-europie","tag-pl","tag-poland","tag-polish","tag-polska","tag-polski","tag-saudi-pro-league","tag-sport","tag-sports","tag-spotify-camp-nou-w-barcelonie"],"share_on_mastodon":{"url":"https:\/\/pubeurope.com\/@pl\/116283117642416504","error":""},"_links":{"self":[{"href":"https:\/\/www.europesays.com\/pl\/wp-json\/wp\/v2\/posts\/322816","targetHints":{"allow":["GET"]}}],"collection":[{"href":"https:\/\/www.europesays.com\/pl\/wp-json\/wp\/v2\/posts"}],"about":[{"href":"https:\/\/www.europesays.com\/pl\/wp-json\/wp\/v2\/types\/post"}],"author":[{"embeddable":true,"href":"https:\/\/www.europesays.com\/pl\/wp-json\/wp\/v2\/users\/2"}],"replies":[{"embeddable":true,"href":"https:\/\/www.europesays.com\/pl\/wp-json\/wp\/v2\/comments?post=322816"}],"version-history":[{"count":0,"href":"https:\/\/www.europesays.com\/pl\/wp-json\/wp\/v2\/posts\/322816\/revisions"}],"wp:featuredmedia":[{"embeddable":true,"href":"https:\/\/www.europesays.com\/pl\/wp-json\/wp\/v2\/media\/322817"}],"wp:attachment":[{"href":"https:\/\/www.europesays.com\/pl\/wp-json\/wp\/v2\/media?parent=322816"}],"wp:term":[{"taxonomy":"category","embeddable":true,"href":"https:\/\/www.europesays.com\/pl\/wp-json\/wp\/v2\/categories?post=322816"},{"taxonomy":"post_tag","embeddable":true,"href":"https:\/\/www.europesays.com\/pl\/wp-json\/wp\/v2\/tags?post=322816"}],"curies":[{"name":"wp","href":"https:\/\/api.w.org\/{rel}","templated":true}]}}