{"id":323228,"date":"2026-03-24T11:59:09","date_gmt":"2026-03-24T11:59:09","guid":{"rendered":"https:\/\/www.europesays.com\/pl\/323228\/"},"modified":"2026-03-24T11:59:09","modified_gmt":"2026-03-24T11:59:09","slug":"najodwazniejszy-narod-niebezpieczna-strategia-orbana-wybral-scenariusz-gruzinski","status":"publish","type":"post","link":"https:\/\/www.europesays.com\/pl\/323228\/","title":{"rendered":"&#8222;Najodwa\u017cniejszy nar\u00f3d&#8221;. Niebezpieczna strategia Orbana. Wybra\u0142 scenariusz gruzi\u0144ski"},"content":{"rendered":"<p>Premier Gruzji Irakli Kobachidze wykorzysta\u0142 swoje wyst\u0105pienie na konferencji Conservative Political Action Conference (CPAC) na W\u0119grzech, by pochwali\u0107 premiera W\u0119gier Viktora Orbana za jego &#8222;odwa\u017cn\u0105 walk\u0119 z Bruksel\u0105&#8221; oraz &#8222;niezmienne wsparcie dla Gruzji&#8221;. <a href=\"https:\/\/www.onet.pl\/informacje\/onetwiadomosci\/wybory-na-wegrzech-juz-niebawem-nowy-sondaz-nie-pozostawia-zludzen\/mdgps19,79cfc278\" id=\"d70a001e-11f6-41f0-a473-694cea34a7e1\" rel=\"nofollow noopener\" target=\"_blank\">Zbli\u017caj\u0105ce si\u0119 wybory parlamentarne na W\u0119grzech<\/a> nazwa\u0142 prze\u0142omowym momentem nie tylko dla tego kraju, ale i dla ca\u0142ej Europy.<\/p>\n<p>Orban, kt\u00f3ry pojawi\u0142 si\u0119 na scenie chwil\u0119 p\u00f3\u017aniej, odwzajemni\u0142 pochwa\u0142y, nazywaj\u0105c gruzi\u0144skiego premiera &#8222;patriotycznym bohaterem&#8221;, oskar\u017caj\u0105c UE i libera\u0142\u00f3w o pr\u00f3by os\u0142abienia Gruzji oraz dodaj\u0105c, \u017ce &#8222;najodwa\u017cniejszym narodem w dzisiejszej Europie jest nar\u00f3d gruzi\u0144ski&#8221;.<\/p>\n<p>Za tymi pochwa\u0142ami kryje si\u0119 co\u015b wi\u0119cej. Oba kraje sta\u0142y si\u0119 niepisanymi sojusznikami.<\/p>\n<p>Ukraina jako temat wyborczyUkraina sta\u0142a si\u0119 jednym z g\u0142\u00f3wnych element\u00f3w kampanii reelekcyjnej Orbana. Zamiast skupia\u0107 si\u0119 na sprawach wewn\u0119trznych kraju lub <a href=\"https:\/\/www.onet.pl\/informacje\/onetwiadomosci\/bruksela-zagra-orbanowi-na-nosie-jest-inny-sposob-na-wsparcie-ukrainy\/4h66e6s,79cfc278\" id=\"d917b2f4-7661-4d12-8a78-0c97b97479bb\" rel=\"nofollow noopener\" target=\"_blank\">sporach z Bruksel\u0105<\/a>, jego prawicowa partia Fidesz stara si\u0119 przekszta\u0142ci\u0107 wybory parlamentarne w emocjonaln\u0105 rywalizacj\u0119, w kt\u00f3rej stawk\u0105 jest pok\u00f3j i przetrwanie narodu. Prezydenta Ukrainy Wo\u0142odymyra Ze\u0142enskiego przedstawia natomiast jako jednego z g\u0142\u00f3wnych przeciwnik\u00f3w politycznych Orbana.<\/p>\n<p>W\u0119gierski premier wielokrotnie powtarza\u0142, \u017ce Ukraina nie jest w stanie wygra\u0107 wojny z Rosj\u0105, a wsparcie, kt\u00f3rego udziela jej Zach\u00f3d, tylko przed\u0142u\u017ca jej cierpienia. Wykorzysta\u0142 ten argument, by uzasadni\u0107 nieanga\u017cowanie si\u0119 W\u0119gier w &#8222;cudze wojny&#8221; i przedstawi\u0107 siebie jako jedynego gwaranta pokoju i stabilno\u015bci gospodarczej.<\/p>\n<p>Narracj\u0119 t\u0119 wzmocni\u0142y dzia\u0142ania dezinformacyjne powi\u0105zane z Rosj\u0105. W sieci kr\u0105\u017c\u0105 filmy szerz\u0105ce fa\u0142szywe twierdzenia, jakoby rzekome gro\u017aby kierowane pod adresem Orbana mia\u0142y zwi\u0105zek z Ukrain\u0105 i Ze\u0142enskim.<\/p>\n<p> <img decoding=\"async\" src=\"https:\/\/www.europesays.com\/pl\/wp-content\/uploads\/2026\/03\/id-k9lBaHR0cHM6Ly9vY2RuLmV1L3B1bHNjbXMvTURBXy85NDVmNTg5NzQ5ZGZjZmZlN2JlNjZhMDRjMGNiN2U3My5qcGeRlQLNB.jpeg\" height=\"626\" width=\"940\" alt=\"Billboard z wizerunkami Ursuli von der Leyen, Wo\u0142odymyra Ze\u0142enskiego i Manfreda Webera oraz napis: &quot;wiadomo\u015b\u0107 dla Brukseli: nie zap\u0142acimy\u201d, Budapeszt, 9 marca 2026 r.\" loading=\"lazy\" class=\"ods-c-image__img ods-c-image__img--viewport-width\"\/> <\/p>\n<p>Billboard z wizerunkami Ursuli von der Leyen, Wo\u0142odymyra Ze\u0142enskiego i Manfreda Webera oraz napis: &#8222;wiadomo\u015b\u0107 dla Brukseli: nie zap\u0142acimy\u201d, Budapeszt, 9 marca 2026 r.NurPhoto \/ Contributor \/ Getty Images<\/p>\n<p> Podobnie by\u0142o w Gruzji. W 2024 r., w okresie poprzedzaj\u0105cym wybory w tym kraju, rz\u0105dz\u0105ca partia Gruzi\u0144skie Marzenie cz\u0119sto m\u00f3wi\u0142a o si\u0142ach zewn\u0119trznych pr\u00f3buj\u0105cych wci\u0105gn\u0105\u0107 Gruzj\u0119 w wojn\u0119. Po wyborach wykorzysta\u0142a ten sam przekaz \u2014 <a href=\"https:\/\/wiadomosci.onet.pl\/swiat\/uciekajcie-uciekajcie-rozpoczela-sie-rewolucja-w-gruzji-rozgrywa-sie-dramat-nie\/rz421d6\" id=\"d6e8523f-47ec-4452-a837-6d0c6e1fdb94\" rel=\"nofollow noopener\" target=\"_blank\">protesty rozlewaj\u0105ce si\u0119 w kraju<\/a> przedstawi\u0142a jako pr\u00f3b\u0119 stworzenia kolorowej rewolucji wspieranej z zagranicy w celu destabilizacji kraju.<\/p>\n<p>Pod koniec 2024 r. Gruzi\u0144skie Marzenie rozpocz\u0119\u0142o kontrowersyjn\u0105 kampani\u0119 billboardow\u0105. Czarno-bia\u0142e zdj\u0119cia zniszczonych ukrai\u0144skich miast zestawi\u0142o z kolorowymi zdj\u0119ciami spokojnych gruzi\u0144skich budynk\u00f3w i opatrzy\u0142a to wymownym has\u0142em: &#8222;nie dla wojny, wybierz pok\u00f3j&#8221;.<\/p>\n<p>Oba rz\u0105dy \u2014 gruzi\u0144ski i w\u0119gierski \u2014 przedstawiaj\u0105 wojn\u0119 w Ukrainie nie jako walk\u0119 o wolno\u015b\u0107 i przetrwanie tego narodu, a jako niebezpieczn\u0105 pu\u0142apk\u0119 zastawion\u0105 przez Zach\u00f3d. Jednocze\u015bnie opowiadaj\u0105 si\u0119 za przyj\u0119ciem \u0142agodniejszego podej\u015bcia do Moskwy w imi\u0119 &#8222;pragmatycznego pokoju&#8221;.<\/p>\n<p>Podr\u0119cznik kolorowej rewolucji<\/p>\n<p>Analitycy coraz cz\u0119\u015bciej zwracaj\u0105 uwag\u0119 na to, \u017ce kampania wyborcza Orbana przypomina metody stosowane przez Gruzi\u0144skie Marzenie \u2014 do tego stopnia, \u017ce niekt\u00f3rzy m\u00f3wi\u0105 o &#8222;orbanizacji&#8221; Gruzji lub &#8222;gruzinizacji&#8221; W\u0119gier.<\/p>\n<p>Elementem wsp\u00f3lnym jest narracja o &#8222;kolorowych rewolucjach&#8221;. W jej \u015bwietle gruzi\u0144ska Rewolucja r\u00f3\u017c z 2003 r. [pokojowe protesty, kt\u00f3re doprowadzi\u0142y do ust\u0105pienia prezydenta Eduarda Szewardnadze i zast\u0105pienia go przez prozachodniego Micheila Saakaszwilego] i <a href=\"https:\/\/wiadomosci.onet.pl\/swiat\/pomaranczowa-rewolucja-na-ukrainie-w-2004-r-zmienia-geopolityke\/9qczq\" id=\"3c70cb95-0779-43b0-a6a2-906ec42b3bb1\" rel=\"nofollow noopener\" target=\"_blank\">ukrai\u0144ska Pomara\u0144czowa rewolucja z 2004 r.<\/a> [seria masowych, pokojowych protest\u00f3w przeciwko sfa\u0142szowaniu wybor\u00f3w prezydenckich przez prorosyjski ob\u00f3z Wiktora Janukowycza] s\u0105 przedstawiane nie jako autentyczne ruchy oddolne, ale jako wspierane przez Zach\u00f3d operacje zmiany re\u017cimu.      Dalszy ci\u0105g artyku\u0142u pod materia\u0142em wideo <\/p>\n<p>Zar\u00f3wno kierownictwo Gruzi\u0144skiego Marzenia, jak i rz\u0105d Viktora Orbana wykorzystuj\u0105 t\u0119 narracj\u0119, twierdz\u0105c, \u017ce Zach\u00f3d pr\u00f3buje ingerowa\u0107 w sprawy ich kraj\u00f3w. Przyw\u00f3dcy Gruzji \u2014 w tym Kobachidze i za\u0142o\u017cyciel partii Bidzina Iwaniszwili \u2014 cz\u0119sto m\u00f3wili o tzw. Globalnej Partii Wojennej \u2014 rzekomej sile Zachodu, kt\u00f3ra chce otworzy\u0107 w Gruzji &#8222;drugi front&#8221; przeciwko Rosji. W tej narracji protesty i dzia\u0142alno\u015b\u0107 opozycji s\u0105 przedstawiane nie jako normalny element demokracji, ale jako cz\u0119\u015b\u0107 wspieranych z zagranicy wysi\u0142k\u00f3w maj\u0105cych na celu os\u0142abienie rz\u0105du.<\/p>\n<p>Na W\u0119grzech Orban forsowa\u0142 podobny przekaz. Mimo \u017ce nie dosz\u0142o w tym kraju do klasycznej kolorowej rewolucji, od dawna przedstawia\u0142 on protesty wewn\u0119trzne, presj\u0119 ze strony Brukseli oraz dzia\u0142ania grup finansowanych z zagranicy jako ingerencj\u0119 zewn\u0119trzn\u0105 maj\u0105c\u0105 na celu zast\u0105pi\u0107 jego rz\u0105d bardziej prozachodnim odpowiednikiem.<\/p>\n<p>     Organizacje pozarz\u0105dowe i &#8222;zagraniczni agenci&#8221;<\/p>\n<p>Kolejny wsp\u00f3lny element narracji \u0142\u0105cz\u0105cej oba kraje dotyczy spo\u0142ecze\u0144stwa obywatelskiego. Oba rz\u0105dy twierdz\u0105, \u017ce organizacje pozarz\u0105dowe, media finansowane z zagranicy oraz grupy aktywist\u00f3w mog\u0105 by\u0107 wykorzystywane przez si\u0142y zewn\u0119trzne do ingerowania w polityk\u0119 wewn\u0119trzn\u0105 ich kraj\u00f3w.<\/p>\n<p>Takie my\u015blenie doprowadzi\u0142o do uchwalenia podobnych ustaw. W Gruzji partia rz\u0105dz\u0105ca uchwali\u0142a ustaw\u0119 o wp\u0142ywach zagranicznych wymierzon\u0105 w organizacje pozarz\u0105dowe i media otrzymuj\u0105ce fundusze z zagranicy. Krytycy <a href=\"https:\/\/wiadomosci.onet.pl\/swiat\/gruzinska-prezydent-zawetowala-ustawe-o-zagranicznych-agentach\/dle9j5e\" id=\"1e10ca0b-10de-4956-a4de-9df082838fc3\" rel=\"nofollow noopener\" target=\"_blank\">nazwali j\u0105 &#8222;rosyjsk\u0105 ustaw\u0105&#8221;<\/a>, bo w swojej tre\u015bci przypomina ona ustawodwstwo Kremla wymierzone w spo\u0142ecze\u0144stwo obywatelskie. Na W\u0119grzech rz\u0105d Orbana przeforsowa\u0142 w\u0142asn\u0105 ustaw\u0119 o &#8222;ochronie suwerenno\u015bci narodowej&#8221;, argumentuj\u0105c, \u017ce zagraniczne interesy wykorzystuj\u0105 lokalne grupy do podwa\u017cania autorytetu pa\u0144stwa.     <\/p>\n<p>W obu przypadkach uzasadnienie jest niemal identyczne \u2014 zagraniczne mocarstwa wykorzystuj\u0105 spo\u0142ecze\u0144stwo obywatelskie do wywo\u0142ywania niepokoj\u00f3w, os\u0142abiania suwerenno\u015bci narodowej i przygotowywania gruntu pod zmian\u0119 re\u017cimu.<\/p>\n<p>Od czasu wygrania wybor\u00f3w w 2024 r. <a href=\"https:\/\/wiadomosci.onet.pl\/swiat\/demokratyczny-regres-ue-wstrzymuje-proces-akcesyjny-gruzji\/680h2c7\" id=\"b57da732-2433-47a8-b195-8d7a8df14406\" rel=\"nofollow noopener\" target=\"_blank\">Gruzi\u0144skie Marzenie skutecznie wstrzyma\u0142o proces integracji Gruzji z UE<\/a>, zawieszaj\u0105c rozmowy akcesyjne do 2028 r. Kwesti\u0105 otwart\u0105 jest, czy Tbilisi pozostanie na tej \u015bcie\u017cce samo, czy zyska nowego sojusznika \u2014 to b\u0119dzie zale\u017ca\u0142o w du\u017cej mierze od wyniku wybor\u00f3w, kt\u00f3re odb\u0119d\u0105 si\u0119 na W\u0119grzech 12 kwietnia.<\/p>\n","protected":false},"excerpt":{"rendered":"Premier Gruzji Irakli Kobachidze wykorzysta\u0142 swoje wyst\u0105pienie na konferencji Conservative Political Action Conference (CPAC) na W\u0119grzech, by pochwali\u0107&hellip;\n","protected":false},"author":2,"featured_media":323229,"comment_status":"","ping_status":"","sticky":false,"template":"","format":"standard","meta":{"footnotes":"","_share_on_mastodon":"0"},"categories":[14],"tags":[56,32,33,9667,27,9668,34,35,28,31,48,25,46,40,41,47,80,29,30,48835,2669,2670,26,82,83,84],"class_list":["post-323228","post","type-post","status-publish","format-standard","has-post-thumbnail","category-swiat","tag-article_premium","tag-breaking-news","tag-breakingnews","tag-gruzja","tag-headlines","tag-irakli_kobachidze","tag-latest-news","tag-latestnews","tag-naglowki","tag-najwazniejsze-artykuly","tag-nat_styl","tag-news","tag-omp","tag-polish","tag-polski","tag-screening_general","tag-swiat","tag-top-stories","tag-topstories","tag-tst_floating_paywall","tag-viktor_orban","tag-wegry","tag-wiadomosci","tag-world","tag-world-news","tag-worldnews"],"share_on_mastodon":{"url":"https:\/\/pubeurope.com\/@pl\/116284041952944254","error":""},"_links":{"self":[{"href":"https:\/\/www.europesays.com\/pl\/wp-json\/wp\/v2\/posts\/323228","targetHints":{"allow":["GET"]}}],"collection":[{"href":"https:\/\/www.europesays.com\/pl\/wp-json\/wp\/v2\/posts"}],"about":[{"href":"https:\/\/www.europesays.com\/pl\/wp-json\/wp\/v2\/types\/post"}],"author":[{"embeddable":true,"href":"https:\/\/www.europesays.com\/pl\/wp-json\/wp\/v2\/users\/2"}],"replies":[{"embeddable":true,"href":"https:\/\/www.europesays.com\/pl\/wp-json\/wp\/v2\/comments?post=323228"}],"version-history":[{"count":0,"href":"https:\/\/www.europesays.com\/pl\/wp-json\/wp\/v2\/posts\/323228\/revisions"}],"wp:featuredmedia":[{"embeddable":true,"href":"https:\/\/www.europesays.com\/pl\/wp-json\/wp\/v2\/media\/323229"}],"wp:attachment":[{"href":"https:\/\/www.europesays.com\/pl\/wp-json\/wp\/v2\/media?parent=323228"}],"wp:term":[{"taxonomy":"category","embeddable":true,"href":"https:\/\/www.europesays.com\/pl\/wp-json\/wp\/v2\/categories?post=323228"},{"taxonomy":"post_tag","embeddable":true,"href":"https:\/\/www.europesays.com\/pl\/wp-json\/wp\/v2\/tags?post=323228"}],"curies":[{"name":"wp","href":"https:\/\/api.w.org\/{rel}","templated":true}]}}