{"id":323769,"date":"2026-03-24T17:36:09","date_gmt":"2026-03-24T17:36:09","guid":{"rendered":"https:\/\/www.europesays.com\/pl\/323769\/"},"modified":"2026-03-24T17:36:09","modified_gmt":"2026-03-24T17:36:09","slug":"nowe-przepisy-juz-za-tydzien-kierowcy-masowo-potraca-prawa-jazdy","status":"publish","type":"post","link":"https:\/\/www.europesays.com\/pl\/323769\/","title":{"rendered":"Nowe przepisy ju\u017c za tydzie\u0144. Kierowcy masowo potrac\u0105 prawa jazdy?"},"content":{"rendered":"<ul class=\"list-summary__items summary\">\n<li>Jakie wykroczenia skutkuj\u0105 obligatoryjnym zatrzymaniem prawa jazdy.<\/li>\n<li>Jakie kary finansowe i punkty karne gro\u017c\u0105 za drift i jazd\u0119 na jednym kole.<\/li>\n<li>Jakie s\u0105 bezpieczne alternatywy do \u0107wiczenia po\u015blizgu i techniki jazdy.<\/li>\n<\/ul>\n<p>    <a name=\"eztoc38437171_0_5\" id=\"eztoc38437171_0_5\"\/>Od 30 marca drastyczne zmiany dla kierowc\u00f3w. Drift i jazda na jednym kole ko\u0144cz\u0105 si\u0119 utrat\u0105 prawa jazdy<\/p>\n<p>Od poniedzia\u0142ku 30 marca 2026 roku w polskim prawie drogowym wchodz\u0105 w \u017cycie kolejne zaostrzenia, kt\u00f3re mog\u0105 szczeg\u00f3lnie dotkn\u0105\u0107 m\u0142odych kierowc\u00f3w i motocyklist\u00f3w. Nowe przepisy przewiduj\u0105 obligatoryjne zatrzymanie prawa jazdy na trzy miesi\u0105ce za celowe wywo\u0142ywanie po\u015blizgu k\u00f3\u0142, czyli drift, oraz za jazd\u0119 na jednym kole na motocyklu lub motorowerze.<\/p>\n<p>Rozszerzenie artyku\u0142u 102 Ustawy o kieruj\u0105cych pojazdami oznacza, \u017ce od ko\u0144ca marca policjant b\u0119dzie zobowi\u0105zany do natychmiastowego zatrzymania prawa jazdy, je\u015bli kierowca celowo spowoduje po\u015blizg k\u00f3\u0142 lub utrat\u0119 przyczepno\u015bci cho\u0107by jednego z nich. Przepisy wy\u0142\u0105czaj\u0105 jedynie osie podnoszone w pojazdach kategorii N2, N3 i M3.<\/p>\n<p>Nowe regulacje wpisuj\u0105 si\u0119 w szerszy trend zaostrzania prawa drogowego w 2026 roku. Ju\u017c od 29 stycznia obowi\u0105zuj\u0105 definicje driftu i jazdy na jednym kole wraz z wysokimi karami finansowymi \u2013 minimum 1500 z\u0142, a gdy wykroczenie stwarza zagro\u017cenie, co najmniej 2500 z\u0142. Dodatkowo kierowca mo\u017ce otrzyma\u0107 nawet 22 punkty karne z jednego zdarzenia.<\/p>\n<p>\t\t\t\t                                    \t<a name=\"eztoc38437171_0_6\" id=\"eztoc38437171_0_6\"\/>Przekroczenie pr\u0119dko\u015bci r\u00f3wnie\u017c gro\u017ane<\/p>\n<p>To nie koniec zmian. Od 3 marca 2026 roku obowi\u0105zuje r\u00f3wnie\u017c obowi\u0105zkowe zatrzymanie prawa jazdy za przekroczenie dopuszczalnej pr\u0119dko\u015bci o ponad 50 km\/h poza obszarem zabudowanym na drodze jednojezdniowej, dwukierunkowej.<\/p>\n<p>Od 2022 roku liczba zatrzyma\u0144 dokument\u00f3w w Polsce utrzymywa\u0142a si\u0119 na poziomie 25\u201327 tys. rocznie. Zdaniem ekspert\u00f3w, w 2026 roku liczba ta mo\u017ce znacznie wzrosn\u0105\u0107 z powodu nowych przepis\u00f3w.<\/p>\n<p>Policja i specjali\u015bci podkre\u015blaj\u0105, \u017ce infrastruktura drogowa nie jest przystosowana do nielegalnych pokaz\u00f3w czy driftu. Nawierzchnia, brak zabezpiecze\u0144 i przeszkody sprawiaj\u0105, \u017ce nawet kontrolowany po\u015blizg mo\u017ce sko\u0144czy\u0107 si\u0119 powa\u017cnym wypadkiem. Jedynym bezpiecznym miejscem do doskonalenia umiej\u0119tno\u015bci s\u0105 profesjonalne tory wy\u015bcigowe i o\u015brodki doskonalenia techniki jazdy, kt\u00f3re oferuj\u0105 odpowiednie zabezpieczenia i nadz\u00f3r instruktor\u00f3w.<\/p>\n<p>\u0179r\u00f3d\u0142o: Radio ZET<\/p>\n<p>By\u0142e\u015b \u015bwiadkiem czego\u015b niespodziewanego? Masz temat, kt\u00f3rym powinni\u015bmy si\u0119 zaj\u0105\u0107?<\/p>\n<p>Zg\u0142o\u015b spraw\u0119 przez <a href=\"https:\/\/wiadomosci.radiozet.pl\/czerwony-telefon\" target=\"_blank\" title=\"Czerwony telefon Radia Zet\" rel=\"nofollow noopener\">Czerwony telefon Radia ZET<\/a><\/p>\n","protected":false},"excerpt":{"rendered":"Jakie wykroczenia skutkuj\u0105 obligatoryjnym zatrzymaniem prawa jazdy. Jakie kary finansowe i punkty karne gro\u017c\u0105 za drift i jazd\u0119&hellip;\n","protected":false},"author":2,"featured_media":323770,"comment_status":"","ping_status":"","sticky":false,"template":"","format":"standard","meta":{"footnotes":"","_share_on_mastodon":"0"},"categories":[12],"tags":[32,33,36,37,27,34,35,1366,28,31,25,42,38,414,40,39,41,13306,29,30,26],"class_list":["post-323769","post","type-post","status-publish","format-standard","has-post-thumbnail","category-polska","tag-breaking-news","tag-breakingnews","tag-featured-news","tag-featurednews","tag-headlines","tag-latest-news","tag-latestnews","tag-mandat","tag-naglowki","tag-najwazniejsze-artykuly","tag-news","tag-pl","tag-poland","tag-policja","tag-polish","tag-polska","tag-polski","tag-prawo-jazdy","tag-top-stories","tag-topstories","tag-wiadomosci"],"share_on_mastodon":{"url":"https:\/\/pubeurope.com\/@pl\/116285366870476463","error":""},"_links":{"self":[{"href":"https:\/\/www.europesays.com\/pl\/wp-json\/wp\/v2\/posts\/323769","targetHints":{"allow":["GET"]}}],"collection":[{"href":"https:\/\/www.europesays.com\/pl\/wp-json\/wp\/v2\/posts"}],"about":[{"href":"https:\/\/www.europesays.com\/pl\/wp-json\/wp\/v2\/types\/post"}],"author":[{"embeddable":true,"href":"https:\/\/www.europesays.com\/pl\/wp-json\/wp\/v2\/users\/2"}],"replies":[{"embeddable":true,"href":"https:\/\/www.europesays.com\/pl\/wp-json\/wp\/v2\/comments?post=323769"}],"version-history":[{"count":0,"href":"https:\/\/www.europesays.com\/pl\/wp-json\/wp\/v2\/posts\/323769\/revisions"}],"wp:featuredmedia":[{"embeddable":true,"href":"https:\/\/www.europesays.com\/pl\/wp-json\/wp\/v2\/media\/323770"}],"wp:attachment":[{"href":"https:\/\/www.europesays.com\/pl\/wp-json\/wp\/v2\/media?parent=323769"}],"wp:term":[{"taxonomy":"category","embeddable":true,"href":"https:\/\/www.europesays.com\/pl\/wp-json\/wp\/v2\/categories?post=323769"},{"taxonomy":"post_tag","embeddable":true,"href":"https:\/\/www.europesays.com\/pl\/wp-json\/wp\/v2\/tags?post=323769"}],"curies":[{"name":"wp","href":"https:\/\/api.w.org\/{rel}","templated":true}]}}