{"id":324049,"date":"2026-03-24T21:07:08","date_gmt":"2026-03-24T21:07:08","guid":{"rendered":"https:\/\/www.europesays.com\/pl\/324049\/"},"modified":"2026-03-24T21:07:08","modified_gmt":"2026-03-24T21:07:08","slug":"dlaczego-udzial-saudow-w-konflikcie-bylby-tak-niebezpieczny-grozi-efekt-domina","status":"publish","type":"post","link":"https:\/\/www.europesays.com\/pl\/324049\/","title":{"rendered":"Dlaczego udzia\u0142 Saud\u00f3w w konflikcie by\u0142by tak niebezpieczny? Grozi efekt domina"},"content":{"rendered":"<p>&#8222;The Wall Street Journal&#8221; informuje, \u017ce &#8222;to tylko kwestia czasu&#8221;, zanim Arabia Saudyjska w\u0142\u0105czy si\u0119 do wojny. Kr\u00f3lestwo to pot\u0119\u017cna si\u0142a militarna, kt\u00f3ra od lat przygotowuje si\u0119 na ewentualn\u0105 konfrontacj\u0119 z Iranem.<\/p>\n<p>Jednak nie tylko Saudyjczycy s\u0105 bliscy wej\u015bcia do konfliktu. Po bombardowaniach przeprowadzonych przez Iran tak\u017ce inne pa\u0144stwa mog\u0105 zdecydowa\u0107 si\u0119 na dzia\u0142ania zbrojne przeciwko Teheranowi. Jakiej eskalacji mo\u017cna si\u0119 teraz spodziewa\u0107?<\/p>\n<p>Oto najwa\u017cniejsze pytania i odpowiedzi.<\/p>\n<p class=\"Paragraph_desktopParagraph__U31Gm\">Poniewa\u017c Arabia Saudyjska jest jednym z kluczowych pa\u0144stw regionu, istnieje realne ryzyko, \u017ce ju\u017c trwaj\u0105cy &#8222;po\u017car&#8221; na Bliskim Wschodzie jeszcze bardziej si\u0119 rozprzestrzeni.<\/p>\n<p class=\"Paragraph_desktopParagraph__U31Gm\">To pa\u0144stwo nale\u017cy tak\u017ce do czo\u0142owych producent\u00f3w ropy naftowej na \u015bwiecie. Ewentualne ataki na instalacje energetyczne oraz coraz wi\u0119ksze <a href=\"https:\/\/wiadomosci.onet.pl\/kraj\/oto-co-grozi-polsce-przez-blokade-ciesniny-ormuz-ekspert-wyjasnia\/ry5nfs4\" id=\"287fb001-d47f-44d7-99c4-8a23a031a13e\" rel=\"nofollow noopener\" target=\"_blank\">ryzyko dla transportu morskiego w cie\u015bninie Ormuz<\/a> mog\u0142yby wywindowa\u0107 ceny ropy do bardzo wysokiego poziomu.<\/p>\n<blockquote>\n<p class=\"Paragraph_desktopParagraph__U31Gm\">Arabia Saudyjska uznaje, \u017ce ataki Iranu zagra\u017caj\u0105 zar\u00f3wno jej przysz\u0142o\u015bci, jak i ambitnym planom rozwoju gospodarczego<\/p>\n<\/blockquote>\n<p class=\"Paragraph_desktopParagraph__U31Gm\">\u2014 przyznaje w rozmowie z serwisem Blick Ralph D. Thiele, przewodnicz\u0105cy niemieckiego Towarzystwa Polityczno-Wojskowego i prezes Eurodefense Deutschland.<\/p>\n<p class=\"Paragraph_desktopParagraph__U31Gm\">Wed\u0142ug Thielego ewentualne zaanga\u017cowanie by\u0142oby te\u017c wyra\u017anym sygna\u0142em wobec Donalda Trumpa. Je\u015bli uk\u0142ad si\u0142 w regionie mia\u0142by zosta\u0107 na nowo u\u0142o\u017cony, Saudyjczycy chc\u0105 mie\u0107 miejsce przy stole negocjacyjnym.<\/p>\n<p class=\"Paragraph_desktopParagraph__U31Gm\">Z kolei The New York Times donosi, \u017ce faktyczny w\u0142adca Arabii Saudyjskiej, ksi\u0105\u017c\u0119 Mohammed bin Salman, naciska na kontynuowanie wojny z Iranem. Okre\u015bla on dzia\u0142ania USA i Izraela jako &#8222;historyczn\u0105 szans\u0119&#8221; na przekszta\u0142cenie Bliskiego Wschodu.<\/p>\n<p><img decoding=\"async\" class=\"Image_image__0tuHp Image_autoHeight__f2n87 \" height=\"587\" width=\"886\" src=\"https:\/\/www.europesays.com\/pl\/wp-content\/uploads\/2026\/03\/Nrwk9kpTURBXy80NjczYWM3OWEyMWU5ZDUwYWE1Zjg2YWZmYjYzMWRlYi5qcGeSlQLNA6wAwsOVAgDNAkvCw94AA6EwAaExAaEzw.jpeg\" alt=\"Saudyjski nast\u0119pca tronu ksi\u0105\u017c\u0119 Mohammed bin Salman\" loading=\"lazy\" \/>ALI HAIDER \/ PAP<\/p>\n<p>Saudyjski nast\u0119pca tronu ksi\u0105\u017c\u0119 Mohammed bin Salman<\/p>\n<p>Jak silna jest armia saudyjska? <\/p>\n<p class=\"Paragraph_desktopParagraph__U31Gm\">Arabia Saudyjska dysponuje jedn\u0105 z najdro\u017cszych armii na \u015bwiecie. Jej bud\u017cet wynosi ok. 80 mld dol. (ok. 320 mld z\u0142) i stanowi rocznie od 7 do 10 proc. produktu krajowego brutto.<\/p>\n<blockquote>\n<p class=\"Paragraph_desktopParagraph__U31Gm\">Kr\u00f3lestwo zainwestowa\u0142o ogromne \u015brodki w lotnictwo oraz systemy obrony powietrznej, przygotowuj\u0105c si\u0119 na ewentualn\u0105 agresj\u0119 ze strony Iranu<\/p>\n<\/blockquote>\n<p class=\"Paragraph_desktopParagraph__U31Gm\">\u2014 podkre\u015bla Thiele.<\/p>\n<p class=\"Paragraph_desktopParagraph__U31Gm\">Dzi\u0119ki nowoczesnym my\u015bliwcom F-15 i Eurofighterom Saudyjczycy dominuj\u0105 w przestrzeni powietrznej regionu. Iran natomiast \u2014 o ile po intensywnych atakach nadal dysponuje lotnictwem \u2014 <a href=\"https:\/\/wiadomosci.onet.pl\/swiat\/rosja-przekazuje-iranowi-systemy-iskander-zasieg-do-500-km\/xqxb8rz\" id=\"99362fd1-a3c8-4c00-92e8-4ca4f4e14106\" rel=\"nofollow noopener\" target=\"_blank\">korzysta z przestarza\u0142ych maszyn sowieckiej konstrukcji<\/a>, takich jak F-14 czy MiG-29.<\/p>\n<p class=\"Paragraph_desktopParagraph__U31Gm\">Arabia Saudyjska stoi r\u00f3wnie\u017c na bardzo wysokim poziomie, je\u015bli chodzi o obron\u0119 przeciwrakietow\u0105.<\/p>\n<p><img decoding=\"async\" class=\"Image_image__0tuHp Image_autoHeight__f2n87 \" height=\"587\" width=\"880\" src=\"https:\/\/www.europesays.com\/pl\/wp-content\/uploads\/2026\/03\/8i9k9kpTURBXy9mYmYyMTI2OTNlNDVkMjc0ZjlkYTM0ZDU5MzRhNDBiYi5qcGeSlQLNA6wAwsOVAgDNAkvCw94AA6EwAaExAaEzw.jpeg\" alt=\"Si\u0142y Arabii Saudyjskiej (zdj. pogl\u0105dowe)\" loading=\"lazy\" \/>Fayez Nureldine \/ AFP \/ AFP<\/p>\n<p>Si\u0142y Arabii Saudyjskiej (zdj. pogl\u0105dowe)<\/p>\n<p class=\"Paragraph_desktopParagraph__U31Gm\">S\u0142abszymi punktami pozostaj\u0105 jednak koordynacja dzia\u0142a\u0144 oraz liczebno\u015b\u0107 i do\u015bwiadczenie personelu. Armia Iranu liczy ok. 610 tys. \u017co\u0142nierzy, podczas gdy saudyjska \u2014 ok. 230 tys.<\/p>\n<p class=\"Paragraph_desktopParagraph__U31Gm\">Od 2015 r. Arabia Saudyjska prowadzi dzia\u0142ania zbrojne w Jemenie przeciwko<a href=\"https:\/\/wiadomosci.onet.pl\/swiat\/huti-staja-po-stronie-iranu-zapowiadaja-ataki\/qtwpwfj\" id=\"5c0f2541-9478-4c81-9518-599a5ef6c188\" rel=\"nofollow noopener\" target=\"_blank\"> rebeliantom Huti<\/a>, kt\u00f3rzy s\u0105 wspierani przez Iran. Konflikt obejmuje zar\u00f3wno naloty, jak i operacje l\u0105dowe. Mimo wieloletnich walk rebelianci nie zostali jednak pokonani.<\/p>\n<p class=\"Paragraph_desktopParagraph__U31Gm\">Najwi\u0119ksz\u0105 przewag\u0105 Arabii Saudyjskiej jest lotnictwo. Wsp\u00f3lnie ze Stanami Zjednoczonymi i Izraelem Saudyjczycy mogliby atakowa\u0107 ira\u0144skie instalacje wojskowe, wyrzutnie rakiet oraz bazy dron\u00f3w. R\u00f3wnocze\u015bnie kluczowe by\u0142oby zabezpieczenie w\u0142asnej infrastruktury \u2014 rafinerii, ruroci\u0105g\u00f3w oraz port\u00f3w eksportowych.<\/p>\n<p>Jakiej eskalacji mo\u017cna si\u0119 spodziewa\u0107? <\/p>\n<p class=\"Paragraph_desktopParagraph__U31Gm\">Do wojny mog\u0105 do\u0142\u0105czy\u0107 kolejne pa\u0144stwa zaatakowane przez Iran. Najbardziej prawdopodobnym kandydatem s\u0105 Zjednoczone Emiraty Arabskie, kt\u00f3re musia\u0142y ju\u017c odeprze\u0107 ponad 2000 ira\u0144skich atak\u00f3w.<\/p>\n<p class=\"Paragraph_desktopParagraph__U31Gm\">Bliscy sojusznicy Arabii Saudyjskiej podejmuj\u0105 ju\u017c dzia\u0142ania przeciwko ira\u0144skim aktywom finansowym, ograniczaj\u0105c przep\u0142yw \u015brodk\u00f3w do w\u0142adz w Teheranie.<\/p>\n<p class=\"Paragraph_desktopParagraph__U31Gm\">Armia Emirat\u00f3w r\u00f3wnie\u017c uchodzi za bardzo skuteczn\u0105.<\/p>\n<blockquote>\n<p class=\"Paragraph_desktopParagraph__U31Gm\">Wsp\u00f3lnie z Katarem ZEA mog\u0142yby powa\u017cnie os\u0142abi\u0107 Iran<\/p>\n<\/blockquote>\n<p class=\"Paragraph_desktopParagraph__U31Gm\">\u2014 m\u00f3wi Thiele.<\/p>\n<p class=\"Paragraph_desktopParagraph__U31Gm\">W\u0142\u0105czenie si\u0119 do konfliktu kolejnych sojusznik\u00f3w Stan\u00f3w Zjednoczonych mog\u0142oby wywo\u0142a\u0107 efekt domina i sk\u0142oni\u0107 tak\u017ce partner\u00f3w Iranu do bardziej zdecydowanych dzia\u0142a\u0144. W praktyce oznacza\u0142oby to rozszerzenie konfliktu na kolejne obszary regionu oraz zwi\u0119kszenie liczby aktywnych front\u00f3w.<\/p>\n<p class=\"Paragraph_desktopParagraph__U31Gm\">Przyk\u0142adowo <a href=\"https:\/\/wiadomosci.onet.pl\/swiat\/najpierw-ormuz-teraz-bab-al-mandab-huti-chca-zablokowac-kolejna-ciesnine\/s728xpe\" id=\"580c1293-760a-483a-bc8f-3968b2ed761a\" rel=\"nofollow noopener\" target=\"_blank\">rebelianci Huti w Jemenie <\/a>\u2014 od lat wspierani przez Teheran \u2014 mogliby znacz\u0105co zintensyfikowa\u0107 swoje operacje militarne. Chodzi\u0142oby nie tylko o cz\u0119stsze ataki rakietowe i dronowe na po\u0142udniowe regiony Arabii Saudyjskiej, ale r\u00f3wnie\u017c o dzia\u0142ania wymierzone w kluczowe szlaki morskie na Morzu Czerwonym. Mog\u0142oby to obejmowa\u0107:<\/p>\n<ul class=\"UnorderedList_container__nmfSl\">\n<li class=\"UnorderedList_listElement__Py7xi UnorderedList_listElementDefault__oEOOV\">ostrza\u0142 statk\u00f3w handlowych,<\/li>\n<li class=\"UnorderedList_listElement__Py7xi UnorderedList_listElementDefault__oEOOV\">pr\u00f3by blokowania transportu surowc\u00f3w<\/li>\n<li class=\"UnorderedList_listElement__Py7xi UnorderedList_listElementDefault__oEOOV\">czy destabilizowanie jednego z najwa\u017cniejszych korytarzy handlowych \u015bwiata.<\/li>\n<\/ul>\n<p class=\"Paragraph_desktopParagraph__U31Gm\">To wszystko w konsekwencji odbi\u0142oby si\u0119 na globalnej gospodarce.<\/p>\n","protected":false},"excerpt":{"rendered":"&#8222;The Wall Street Journal&#8221; informuje, \u017ce &#8222;to tylko kwestia czasu&#8221;, zanim Arabia Saudyjska w\u0142\u0105czy si\u0119 do wojny. Kr\u00f3lestwo&hellip;\n","protected":false},"author":2,"featured_media":324050,"comment_status":"","ping_status":"","sticky":false,"template":"","format":"standard","meta":{"footnotes":"","_share_on_mastodon":"0"},"categories":[14],"tags":[3427,56,32,33,27,307,34,35,28,31,53,25,52,68,51,55,40,41,47,59,80,29,30,65,50,26,82,83,84,19975],"class_list":["post-324049","post","type-post","status-publish","format-standard","has-post-thumbnail","category-swiat","tag-arabia_saudyjska","tag-article_premium","tag-breaking-news","tag-breakingnews","tag-headlines","tag-iran_kraj","tag-latest-news","tag-latestnews","tag-naglowki","tag-najwazniejsze-artykuly","tag-new_header","tag-news","tag-onet3","tag-onet3d","tag-onet3d_2i","tag-phx","tag-polish","tag-polski","tag-screening_general","tag-stany_zjednoczone_usa","tag-swiat","tag-top-stories","tag-topstories","tag-update_me","tag-v2021","tag-wiadomosci","tag-world","tag-world-news","tag-worldnews","tag-zea"],"share_on_mastodon":{"url":"https:\/\/pubeurope.com\/@pl\/116286196979650745","error":""},"_links":{"self":[{"href":"https:\/\/www.europesays.com\/pl\/wp-json\/wp\/v2\/posts\/324049","targetHints":{"allow":["GET"]}}],"collection":[{"href":"https:\/\/www.europesays.com\/pl\/wp-json\/wp\/v2\/posts"}],"about":[{"href":"https:\/\/www.europesays.com\/pl\/wp-json\/wp\/v2\/types\/post"}],"author":[{"embeddable":true,"href":"https:\/\/www.europesays.com\/pl\/wp-json\/wp\/v2\/users\/2"}],"replies":[{"embeddable":true,"href":"https:\/\/www.europesays.com\/pl\/wp-json\/wp\/v2\/comments?post=324049"}],"version-history":[{"count":0,"href":"https:\/\/www.europesays.com\/pl\/wp-json\/wp\/v2\/posts\/324049\/revisions"}],"wp:featuredmedia":[{"embeddable":true,"href":"https:\/\/www.europesays.com\/pl\/wp-json\/wp\/v2\/media\/324050"}],"wp:attachment":[{"href":"https:\/\/www.europesays.com\/pl\/wp-json\/wp\/v2\/media?parent=324049"}],"wp:term":[{"taxonomy":"category","embeddable":true,"href":"https:\/\/www.europesays.com\/pl\/wp-json\/wp\/v2\/categories?post=324049"},{"taxonomy":"post_tag","embeddable":true,"href":"https:\/\/www.europesays.com\/pl\/wp-json\/wp\/v2\/tags?post=324049"}],"curies":[{"name":"wp","href":"https:\/\/api.w.org\/{rel}","templated":true}]}}