{"id":324278,"date":"2026-03-24T22:34:23","date_gmt":"2026-03-24T22:34:23","guid":{"rendered":"https:\/\/www.europesays.com\/pl\/324278\/"},"modified":"2026-03-24T22:34:23","modified_gmt":"2026-03-24T22:34:23","slug":"zwrot-akcji-w-sprawie-pilkarek-slaska-wroclaw-jacek-sutryk-uderza-w-jezierskiego-i-granowska","status":"publish","type":"post","link":"https:\/\/www.europesays.com\/pl\/324278\/","title":{"rendered":"Zwrot akcji w sprawie pi\u0142karek \u015al\u0105ska Wroc\u0142aw. Jacek Sutryk uderza w Jezierskiego i Granowsk\u0105!"},"content":{"rendered":"<p>Jacek Sutryk o\u015bwiadczy\u0142, \u017ce kobieca sekcja \u015al\u0105ska Wroc\u0142aw nie zostanie zlikwidowana.<\/p>\n<p>Fot. slaskwroclaw.pl \/ Rados\u0142aw Bugajski<\/p>\n<p>&#8222;O\u015bwiadczam ostatecznie, \u017ce sekcja kobieca, jak i akademia \u015al\u0105ska b\u0119d\u0105 funkcjonowa\u0107 w strukturze WKS \u015al\u0105sk Wroc\u0142aw \u2014 w sp\u00f3\u0142ce lub fundacji \u015al\u0105ska, kt\u00f3rej w\u0142a\u015bcicielem jest WKS \u015al\u0105sk S.A.&#8221; &#8211; napisa\u0142 Jacek Sutryk w oficjalnym o\u015bwiadczeniu dotycz\u0105cym potencjalnej likwidacji \u017ce\u0144skiej sekcji w \u015al\u0105sku Wroc\u0142aw. R\u00f3wnocze\u015bnie uderzy\u0142 w Remigiusza Jezierskiego, prezesa \u015al\u0105ska, i Renat\u0119 Granowsk\u0105, wiceprezydent Wroc\u0142awia.<\/p>\n<p style=\"text-align: justify;\">Niespodziewany zwrot akcji w sprawie potencjalnej likwidacji sekcji pi\u0142ki no\u017cnej kobiet w \u015al\u0105sku Wroc\u0142aw.\u00a0<a href=\"https:\/\/www.radiowroclaw.pl\/articles\/view\/159188\/Kapitan-pilkarek-Sla-Nikt-z-nami-nie-rozmawial-O-sprawie-dowiedzialysmy-sie-z-mediow\" rel=\"nofollow noopener\" target=\"_blank\">Jeszcze w poniedzia\u0142ek na antenie Radia Wroc\u0142aw Joanna Wr\u00f3blewska, kapitan dru\u017cyny, opowiada\u0142a o prote\u015bcie pi\u0142karek przeciw sprzeda\u017cy sekcji do \u015al\u0119zy, a tak\u017ce o tym, \u017ce ta decyzja zosta\u0142a podj\u0119ta za ich plecami.<\/a> Decyzja magistratu wzbudzi\u0142a du\u017ce emocje i by\u0142a szeroko komentowana. We wtorek niespodziewanie o\u015bwiadczenie w tej sprawie opublikowa\u0142 prezydent Wroc\u0142awia &#8211; Jacek Sutryk.<\/p>\n<p style=\"text-align: justify;\">&#8211;\u00a0O\u015bwiadczam ostatecznie, \u017ce sekcja kobieca, jak i akademia \u015al\u0105ska b\u0119d\u0105 funkcjonowa\u0107 w strukturze WKS \u015al\u0105sk Wroc\u0142aw \u2014 w sp\u00f3\u0142ce lub fundacji \u015al\u0105ska, kt\u00f3rej w\u0142a\u015bcicielem jest WKS \u015al\u0105sk S.A. Nie ma wi\u0119c zagro\u017cenia, \u017ce w dotychczasowej dzia\u0142alno\u015bci klubu cokolwiek ulegnie zmianie, a pi\u0142karki no\u017cne w dalszym ci\u0105gu b\u0119d\u0105 gra\u0142y, reprezentuj\u0105c barwy \u015al\u0105ska Wroc\u0142aw &#8211; poinformowa\u0142 Jacek Sutryk.<\/p>\n<p style=\"text-align: justify;\">R\u00f3wnie zaskakuj\u0105ce w o\u015bwiadczeniu prezydenta miasta s\u0105 s\u0142owa skierowane w stron\u0119 Remigiusza Jezierskiego, prezesa \u015al\u0105ska Wroc\u0142aw, i Renaty Granowskiej, wiceprezydent miasta. Dotycz\u0105 one niedawnej decyzji o poszukiwaniu najlepszych rozwi\u0105za\u0144 sportowych i organizacyjnych, kt\u00f3re mia\u0142y wzmocni\u0107 kobiec\u0105 pi\u0142k\u0119 we Wroc\u0142awiu:<\/p>\n<p style=\"text-align: justify;\">&#8211; Z przykro\u015bci\u0105 stwierdzam, \u017ce z tego zadania, kt\u00f3re powierzy\u0142em zarz\u0105dowi klubu \u2014 w osobie Remigiusza Jezierskiego \u2014 oraz po stronie miasta mojej zast\u0119pczyni, prezydent Renacie Granowskiej, nie wywi\u0105zano si\u0119 w nale\u017cyty spos\u00f3b. Wymienione osoby oraz moi wsp\u00f3\u0142pracownicy nie zrealizowali postawionych przed nimi zada\u0144.<\/p>\n<p style=\"text-align: justify;\">Do tej sprawy b\u0119dziemy wraca\u0107 w Sportowych Emocjach na antenie Radia Wroc\u0142aw po godzinie 18:30.<\/p>\n<p>Tekst o\u015bwiadczenia Prezydenta Wroc\u0142awia Jacka Sutryka:<\/p>\n<p style=\"text-align: justify;\">Sport by\u0142, jest i b\u0119dzie wa\u017cny dla Wroc\u0142awia. By\u0142, jest i b\u0119dzie dla mnie wa\u017cny tak\u017ce osobi\u015bcie.<\/p>\n<p style=\"text-align: justify;\">To moje decyzje w 2020 roku doprowadzi\u0142y do porozumienia, w wyniku kt\u00f3rego pi\u0142karki no\u017cne KS AZS Wroc\u0142aw do\u0142\u0105czy\u0142y do WKS \u015al\u0105ska Wroc\u0142aw. W tamtym okresie, w wyniku porozumie\u0144, tak\u017ce sekcje AMP Futbolu oraz Blind Football znalaz\u0142y swoje miejsce pod skrzyd\u0142ami \u015al\u0105ska Wroc\u0142aw. Celem by\u0142o stworzenie kompleksowego projektu sportowego dla wszystkich. Jednocze\u015bnie powodem tej decyzji by\u0142y pojawiaj\u0105ce si\u0119 w\u00f3wczas w przestrzeni publicznej zapowiedzi, \u017ce wymogiem licencyjnym dla dru\u017cyn ekstraklasowych b\u0119dzie posiadanie sekcji kobiecej.<\/p>\n<p style=\"text-align: justify;\">Zrobili\u015bmy to.<\/p>\n<p style=\"text-align: justify;\">Pomimo tych dzia\u0142a\u0144 ka\u017cda dyskusja o \u015al\u0105sku Wroc\u0142aw \u2014 w szczeg\u00f3lno\u015bci w kontek\u015bcie jego finansowania \u2014 do dzi\u015b nie uwzgl\u0119dnia tych licznych fakt\u00f3w. Ilekro\u0107 mowa jest o finansowaniu WKS \u015al\u0105ska Wroc\u0142aw ze \u015brodk\u00f3w publicznych, kwestie te akcentuje si\u0119 i postrzega wy\u0142\u0105cznie w kontek\u015bcie funkcjonowania pierwszej dru\u017cyny, pomijaj\u0105c inne wspomniane \u201eformaty sportowe\u201d funkcjonuj\u0105ce i sk\u0142adaj\u0105ce si\u0119 na ca\u0142o\u015b\u0107 sp\u00f3\u0142ki WKS \u015al\u0105sk Wroc\u0142aw oraz wynikaj\u0105ce z tego koszty.<\/p>\n<p style=\"text-align: justify;\">W tym sensie mam nadziej\u0119, \u017ce tocz\u0105ca si\u0119 dyskusja b\u0119dzie mia\u0142a dla wielu walor edukacyjny. Tym bardziej, \u017ce wielu zabieraj\u0105cych g\u0142os w tej sprawie nie ma dostatecznej wiedzy z tego obszaru.<\/p>\n<p style=\"text-align: justify;\">Reasumuj\u0105c: nigdy nie by\u0142o niczyim zamiarem ani intencj\u0105 instytucjonalne os\u0142abianie lub likwidacja sekcji \u017ce\u0144skiej \u015al\u0105ska Wroc\u0142aw.<\/p>\n<p style=\"text-align: justify;\">Po licznych atakach w ostatnich miesi\u0105cach na urz\u0105d miasta, zwi\u0105zanych z kwesti\u0105 dofinansowania klubu WKS \u015al\u0105sk Wroc\u0142aw, podj\u0119to jedynie decyzj\u0119 o poszukiwaniu najlepszych rozwi\u0105za\u0144 sportowych i organizacyjnych, kt\u00f3re wzmocni\u0105 \u2014 w tym przypadku \u2014 pi\u0142k\u0119 kobiec\u0105, a jednocze\u015bnie jeszcze wyra\u017aniej ni\u017c dotychczas poka\u017c\u0105 struktur\u0119 koszt\u00f3w tej dzia\u0142alno\u015bci.<\/p>\n<p style=\"text-align: justify;\">Z przykro\u015bci\u0105 stwierdzam, \u017ce z tego zadania, kt\u00f3re powierzy\u0142em zarz\u0105dowi klubu \u2014 w osobie Remigiusza Jezierskiego \u2014 oraz po stronie miasta mojej zast\u0119pczyni, prezydent Renacie Granowskiej, nie wywi\u0105zano si\u0119 w nale\u017cyty spos\u00f3b. Wymienione osoby oraz moi wsp\u00f3\u0142pracownicy nie zrealizowali postawionych przed nimi zada\u0144.<\/p>\n<p style=\"text-align: justify;\">W zwi\u0105zku z powy\u017cszym, a tak\u017ce pojawiaj\u0105cymi si\u0119 w\u0105tpliwo\u015bciami, o\u015bwiadczam ostatecznie, \u017ce sekcja kobieca, jak i akademia \u015al\u0105ska b\u0119d\u0105 funkcjonowa\u0107 w strukturze WKS \u015al\u0105sk Wroc\u0142aw \u2014 w sp\u00f3\u0142ce lub fundacji \u015al\u0105ska, kt\u00f3rej w\u0142a\u015bcicielem jest WKS \u015al\u0105sk S.A. Nie ma wi\u0119c zagro\u017cenia, \u017ce w dotychczasowej dzia\u0142alno\u015bci klubu cokolwiek ulegnie zmianie, a pi\u0142karki no\u017cne w dalszym ci\u0105gu b\u0119d\u0105 gra\u0142y, reprezentuj\u0105c barwy \u015al\u0105ska Wroc\u0142aw.<\/p>\n<p style=\"text-align: justify;\">Mam nadziej\u0119, \u017ce to o\u015bwiadczenie rozstrzyga wszystkie pojawiaj\u0105ce si\u0119 w przestrzeni medialnej doniesienia.<\/p>\n<p style=\"text-align: center;\"><img decoding=\"async\" style=\"margin: 5px 0px 5px 0px; width: 85%; float: none;\" src=\"https:\/\/www.europesays.com\/pl\/wp-content\/uploads\/2026\/03\/Zwrot-akcji-w-sprawie-pilkarek-Slaska-Wroclaw-Jacek-Sutryk-uderza-w-Jezierskiego-i-Granowska-1-69c2b.jpeg\" alt=\"\"\/><\/p>\n","protected":false},"excerpt":{"rendered":"Jacek Sutryk o\u015bwiadczy\u0142, \u017ce kobieca sekcja \u015al\u0105ska Wroc\u0142aw nie zostanie zlikwidowana. Fot. slaskwroclaw.pl \/ Rados\u0142aw Bugajski &#8222;O\u015bwiadczam ostatecznie,&hellip;\n","protected":false},"author":2,"featured_media":324279,"comment_status":"","ping_status":"","sticky":false,"template":"","format":"standard","meta":{"footnotes":"","_share_on_mastodon":"0"},"categories":[51607],"tags":[51720,15926,51726,51723,51725,51721,42,38,40,39,41,51722,48325,23393,51724,31600,1853,13304],"class_list":["post-324278","post","type-post","status-publish","format-standard","has-post-thumbnail","category-wroclaw","tag-akcji","tag-granowska","tag-i","tag-jacek","tag-jezierskiego","tag-pilkarek","tag-pl","tag-poland","tag-polish","tag-polska","tag-polski","tag-slaska","tag-sprawie","tag-sutryk","tag-uderza","tag-w","tag-wroclaw","tag-zwrot"],"share_on_mastodon":{"url":"https:\/\/pubeurope.com\/@pl\/116286538717041101","error":""},"_links":{"self":[{"href":"https:\/\/www.europesays.com\/pl\/wp-json\/wp\/v2\/posts\/324278","targetHints":{"allow":["GET"]}}],"collection":[{"href":"https:\/\/www.europesays.com\/pl\/wp-json\/wp\/v2\/posts"}],"about":[{"href":"https:\/\/www.europesays.com\/pl\/wp-json\/wp\/v2\/types\/post"}],"author":[{"embeddable":true,"href":"https:\/\/www.europesays.com\/pl\/wp-json\/wp\/v2\/users\/2"}],"replies":[{"embeddable":true,"href":"https:\/\/www.europesays.com\/pl\/wp-json\/wp\/v2\/comments?post=324278"}],"version-history":[{"count":0,"href":"https:\/\/www.europesays.com\/pl\/wp-json\/wp\/v2\/posts\/324278\/revisions"}],"wp:featuredmedia":[{"embeddable":true,"href":"https:\/\/www.europesays.com\/pl\/wp-json\/wp\/v2\/media\/324279"}],"wp:attachment":[{"href":"https:\/\/www.europesays.com\/pl\/wp-json\/wp\/v2\/media?parent=324278"}],"wp:term":[{"taxonomy":"category","embeddable":true,"href":"https:\/\/www.europesays.com\/pl\/wp-json\/wp\/v2\/categories?post=324278"},{"taxonomy":"post_tag","embeddable":true,"href":"https:\/\/www.europesays.com\/pl\/wp-json\/wp\/v2\/tags?post=324278"}],"curies":[{"name":"wp","href":"https:\/\/api.w.org\/{rel}","templated":true}]}}