{"id":324543,"date":"2026-03-25T00:56:20","date_gmt":"2026-03-25T00:56:20","guid":{"rendered":"https:\/\/www.europesays.com\/pl\/324543\/"},"modified":"2026-03-25T00:56:20","modified_gmt":"2026-03-25T00:56:20","slug":"polska-poderwala-mysliwce-stan-najwyzszej-gotowosci","status":"publish","type":"post","link":"https:\/\/www.europesays.com\/pl\/324543\/","title":{"rendered":"Polska poderwa\u0142a my\u015bliwce. &#8222;Stan najwy\u017cszej gotowo\u015bci&#8221;"},"content":{"rendered":"<p>Dlaczego Polska poderwa\u0142a my\u015bliwce.<\/p>\n<p>Jakie dzia\u0142ania podj\u0119\u0142o polskie lotnictwo w zwi\u0105zku z aktywno\u015bci\u0105 rosyjsk\u0105.<\/p>\n<p>Kt\u00f3re obszary s\u0105 obj\u0119te szczeg\u00f3ln\u0105 ochron\u0105 powietrzn\u0105.<\/p>\n<p>Jakie s\u0105 konsekwencje rosyjskich nalot\u00f3w na Ukrainie.<\/p>\n<p>    <a name=\"eztoc38457350_0_3\" id=\"eztoc38457350_0_3\"\/>Polska poderwa\u0142a my\u015bliwce<\/p>\n<p>&#8222;Uwaga. W zwi\u0105zku z aktywno\u015bci\u0105 rosyjskich bezza\u0142ogowych statk\u00f3w powietrznych typu Shahed w zachodniej cz\u0119\u015bci Ukrainy rozpocz\u0119\u0142o si\u0119 operowanie polskiego i sojuszniczego lotnictwa w naszej przestrzeni powietrznej&#8221; &#8211; podkre\u015blono w komunikacie.<\/p>\n<p>Komunikat DORSZ przekaza\u0142o w mediach spo\u0142eczno\u015bciowych we wtorek po po\u0142udniu. &#8222;Zgodnie z obowi\u0105zuj\u0105cymi procedurami Dow\u00f3dztwo Operacyjne RSZ uruchomi\u0142o niezb\u0119dne si\u0142y i \u015brodki pozostaj\u0105ce w jego dyspozycji. Operuj\u0105 my\u015bliwce oraz \u015bmig\u0142owiec, a naziemne systemy obrony powietrznej i rozpoznania radiolokacyjnego zosta\u0142y postawione w stan najwy\u017cszej gotowo\u015bci&#8221; &#8211; przekazano.<\/p>\n<p>Jak podkre\u015blono w komunikacie, &#8222;dzia\u0142ania te maj\u0105 charakter prewencyjny i s\u0105 ukierunkowane na zabezpieczenie oraz ochron\u0119 przestrzeni powietrznej, w szczeg\u00f3lno\u015bci w rejonach przyleg\u0142ych do zagro\u017conych obszar\u00f3w&#8221;. Wojsko zapewnia, \u017ce monitoruje bie\u017c\u0105c\u0105 sytuacj\u0119, a podleg\u0142e si\u0142y i \u015brodki pozostaj\u0105 w gotowo\u015bci do natychmiastowej reakcji.<\/p>\n<p>We wtorek nad ranem Dow\u00f3dztwo r\u00f3wnie\u017c informowa\u0142o o poderwaniu lotnictwa w obliczu nocnych nalot\u00f3w Rosji na Ukrain\u0119. W centrum Lwowa w wyniku rosyjskiego ataku ucierpia\u0142 obiekt wpisany na list\u0119 \u015bwiatowego dziedzictwa UNESCO &#8211; przekaza\u0142 we wtorek szef lwowskiej administracji obwodowej Maksym Kozycki.<\/p>\n<p>\u0179r\u00f3d\u0142o: Radio ZET<\/p>\n<p>By\u0142e\u015b \u015bwiadkiem czego\u015b niespodziewanego? Masz temat, kt\u00f3rym powinni\u015bmy si\u0119 zaj\u0105\u0107?<\/p>\n<p>Zg\u0142o\u015b spraw\u0119 przez <a href=\"https:\/\/wiadomosci.radiozet.pl\/czerwony-telefon\" target=\"_blank\" title=\"Czerwony telefon Radia Zet\" rel=\"nofollow noopener\">Czerwony telefon Radia ZET<\/a><\/p>\n","protected":false},"excerpt":{"rendered":"Dlaczego Polska poderwa\u0142a my\u015bliwce. Jakie dzia\u0142ania podj\u0119\u0142o polskie lotnictwo w zwi\u0105zku z aktywno\u015bci\u0105 rosyjsk\u0105. Kt\u00f3re obszary s\u0105 obj\u0119te&hellip;\n","protected":false},"author":2,"featured_media":324544,"comment_status":"","ping_status":"","sticky":false,"template":"","format":"standard","meta":{"footnotes":"","_share_on_mastodon":"0"},"categories":[12],"tags":[425,42,38,40,39,41,87,9954,2278,161],"class_list":["post-324543","post","type-post","status-publish","format-standard","has-post-thumbnail","category-polska","tag-bezpieczenstwo","tag-pl","tag-poland","tag-polish","tag-polska","tag-polski","tag-rosja","tag-samoloty","tag-wojna-na-ukrainie","tag-wojsko"],"share_on_mastodon":{"url":"https:\/\/pubeurope.com\/@pl\/116287096978922341","error":""},"_links":{"self":[{"href":"https:\/\/www.europesays.com\/pl\/wp-json\/wp\/v2\/posts\/324543","targetHints":{"allow":["GET"]}}],"collection":[{"href":"https:\/\/www.europesays.com\/pl\/wp-json\/wp\/v2\/posts"}],"about":[{"href":"https:\/\/www.europesays.com\/pl\/wp-json\/wp\/v2\/types\/post"}],"author":[{"embeddable":true,"href":"https:\/\/www.europesays.com\/pl\/wp-json\/wp\/v2\/users\/2"}],"replies":[{"embeddable":true,"href":"https:\/\/www.europesays.com\/pl\/wp-json\/wp\/v2\/comments?post=324543"}],"version-history":[{"count":0,"href":"https:\/\/www.europesays.com\/pl\/wp-json\/wp\/v2\/posts\/324543\/revisions"}],"wp:featuredmedia":[{"embeddable":true,"href":"https:\/\/www.europesays.com\/pl\/wp-json\/wp\/v2\/media\/324544"}],"wp:attachment":[{"href":"https:\/\/www.europesays.com\/pl\/wp-json\/wp\/v2\/media?parent=324543"}],"wp:term":[{"taxonomy":"category","embeddable":true,"href":"https:\/\/www.europesays.com\/pl\/wp-json\/wp\/v2\/categories?post=324543"},{"taxonomy":"post_tag","embeddable":true,"href":"https:\/\/www.europesays.com\/pl\/wp-json\/wp\/v2\/tags?post=324543"}],"curies":[{"name":"wp","href":"https:\/\/api.w.org\/{rel}","templated":true}]}}