{"id":324547,"date":"2026-03-25T00:58:26","date_gmt":"2026-03-25T00:58:26","guid":{"rendered":"https:\/\/www.europesays.com\/pl\/324547\/"},"modified":"2026-03-25T00:58:26","modified_gmt":"2026-03-25T00:58:26","slug":"chronos-domyka-historyczna-pierzeje-woli-drugi-etap-inwestycji-moderna-holding-nieruchomosci","status":"publish","type":"post","link":"https:\/\/www.europesays.com\/pl\/324547\/","title":{"rendered":"Chronos domyka historyczn\u0105 pierzej\u0119 Woli. Drugi etap inwestycji\u202fModerna\u202fHolding &#8211; Nieruchomo\u015bci"},"content":{"rendered":"<p>Historyczne pierzeje Woli coraz rzadziej pozostaj\u0105 puste \u2013 w ich miejsce wkracza nowa zabudowa, kt\u00f3ra stara si\u0119 \u0142\u0105czy\u0107 miejski rytm z kameraln\u0105 skal\u0105. Wzd\u0142u\u017c Alei Solidarno\u015bci i ul. \u017belaznej powstaje drugi etap inwestycji Chronos realizowanej przez Moderna\u202fHolding. Kamienica domyka kwarta\u0142 i uzupe\u0142nia pierzej\u0119 po pierwszym etapie projektu. To przyk\u0142ad wsp\u00f3\u0142czesnej architektury w historycznym kontek\u015bcie \u2013 przestrzeni, w kt\u00f3rej rytm miasta spotyka si\u0119 z codziennym komfortem mieszka\u0144c\u00f3w.<\/p>\n<p>Inwestycja <a href=\"https:\/\/moderna.pl\/chronos\" rel=\"nofollow noopener\" target=\"_blank\">Chronos<\/a> realizowana przez Moderna\u202fHolding to jedna z najciekawszych i najbardziej stylowych propozycji mieszkaniowych na warszawskiej Woli, \u0142\u0105cz\u0105ca nowoczesn\u0105 architektur\u0119 z duchem miejskiego \u017cycia. Po sukcesie pierwszego etapu \u2013 eleganckiego budynku z apartamentami gotowymi do odbioru \u2013 deweloper rozpocz\u0105\u0142 budow\u0119 i sprzeda\u017c drugiego etapu, kt\u00f3ry ma nie tylko kontynuowa\u0107, ale i dope\u0142ni\u0107 charakter tej presti\u017cowej lokalizacji.<\/p>\n<p><a href=\"https:\/\/www.europesays.com\/pl\/wp-content\/uploads\/2026\/03\/Chronos-2.jpg\" class=\"td-modal-image\"><img fetchpriority=\"high\" decoding=\"async\" width=\"1200\" height=\"848\" src=\"https:\/\/www.europesays.com\/pl\/wp-content\/uploads\/2026\/03\/Chronos-2.jpg\" alt=\"\" class=\"wp-image-114055\"  \/><\/a><\/p>\n<p>Nowy etap \u2013 naro\u017cna kamienica domykaj\u0105ca pierzej\u0119<\/p>\n<p>Drugi etap inwestycji to nowy budynek naro\u017cny, kt\u00f3ry zabuduje brakuj\u0105cy fragment pierzei przy skrzy\u017cowaniu alei Solidarno\u015bci i ul. \u017belaznej. Zaplanowano tu 18 apartament\u00f3w mieszkalnych o metra\u017cach od oko\u0142o 43 do 70\u202fm\u00b2 oraz 2 lokale us\u0142ugowe w cz\u0119\u015bci parterowej. Obiekt ma 6 kondygnacji nadziemnych i zosta\u0142 zaprojektowany tak, aby stylistycznie nawi\u0105zywa\u0107 do s\u0105siaduj\u0105cej ju\u017c zrealizowanej cz\u0119\u015bci Chronosa, zachowuj\u0105c jednak w\u0142asn\u0105 to\u017csamo\u015b\u0107 architektoniczn\u0105. Klasyczna elegancja kamienicznej formy zosta\u0142a odczytana na nowo \u2013 z wi\u0119kszym wyciszeniem r\u00f3\u017cnic p\u0142aszczyzn i subtelnymi horyzontalnymi elementami fasady. Regularny rytm, elewacje z naturalnego kamienia, b\u0119d\u0105 nawi\u0105zywa\u0142y stylem do eleganckich, przedwojennych kamienic.<\/p>\n<p><a href=\"https:\/\/www.europesays.com\/pl\/wp-content\/uploads\/2026\/03\/Chronos-4.jpg\" class=\"td-modal-image\"><img loading=\"lazy\" decoding=\"async\" width=\"1200\" height=\"1697\" src=\"https:\/\/www.europesays.com\/pl\/wp-content\/uploads\/2026\/03\/Chronos-4.jpg\" alt=\"\" class=\"wp-image-114056\"  \/><\/a><\/p>\n<p>\u2013\u00a0Wola ma w sobie niezwyk\u0142y potencja\u0142 lokalizacyjny, kt\u00f3ry zosta\u0142 doskonale wykorzystany poprzez wpisanie w otoczenie budynku Chronosa wyr\u00f3\u017cniaj\u0105cego si\u0119 architektur\u0105 i standardem wyko\u0144czenia. Mieszkania, zar\u00f3wno z pierwszego, jak i drugiego etapu inwestycji, odpowiadaj\u0105 na wsp\u00f3\u0142czesne potrzeby os\u00f3b poszukuj\u0105cych wyj\u0105tkowych rozwi\u0105za\u0144. Pierwszy etap daje mo\u017cliwo\u015b\u0107 wyboru pomi\u0119dzy jedno- i dwukondygnacyjnymi apartamentami, zlokalizowanymi na najwy\u017cszej kondygnacji. Mieszkania z antresolami s\u0105 na rynku rzadziej spotykanym rozwi\u0105zaniem, dlatego budz\u0105 du\u017ce zainteresowanie i szybko znajduj\u0105 nabywc\u00f3w, kt\u00f3rzy poszukaj\u0105 nietuzinkowych przestrzeni. Etap drugi, to szlachetna kameralna kontynuacja, a w niej 18 lokali mieszkalnych jednopoziomowych oraz 2 bardzo reprezentacyjne naro\u017cne lokale us\u0142ugowe, z atrakcyjn\u0105 ekspozycj\u0105. Lokale te mo\u017cna po\u0142\u0105czy\u0107 i uzyska\u0107 oko\u0142o 300 metr\u00f3w kwadratowych powierzchni. To idealne miejsce pod gastronomi\u0119, bank, delikatesy, czy inne nieuci\u0105\u017cliwe i potrzebne mieszka\u0144com us\u0142ugi\u00a0\u2013 wymienia zalety inwestycji Chronos\u00a0Ewa Za\u0142\u0119gowska-Boguszewicz, Dyrektor Sprzeda\u017cy Moderny Holding w Warszawie.<\/p>\n<p><a href=\"https:\/\/www.europesays.com\/pl\/wp-content\/uploads\/2026\/03\/Chronos-8.jpg\" class=\"td-modal-image\"><img loading=\"lazy\" decoding=\"async\" width=\"1200\" height=\"1798\" src=\"https:\/\/www.europesays.com\/pl\/wp-content\/uploads\/2026\/03\/Chronos-8.jpg\" alt=\"\" class=\"wp-image-114063\"  \/><\/a><\/p>\n<p>W drugim etapie Chronosa znajduj\u0105 si\u0119 apartamenty dwupokojowe, ale na trzecim i pi\u0105tym pi\u0119trze jest mo\u017cliwo\u015b\u0107 ich po\u0142\u0105czenia i uzyskania powierzchni 108 m2. Lokale na trzecim pi\u0119trze mo\u017cna te\u017c przekszta\u0142ci\u0107 na biuro i prowadzi\u0107 w nim np. eleganck\u0105 kancelari\u0119 prawn\u0105. Du\u017c\u0105 zalet\u0105 mieszka\u0144, zar\u00f3wno w pierwszym jak i w drugim etapie, jest ich ponadstandardowa wysoko\u015b\u0107 (2.92 m), klimatyzacja, grzejniki kana\u0142owe w cz\u0119\u015bciach dziennych oraz wysoka jako\u015b\u0107 rozwi\u0105za\u0144 w zakresie izolacyjno\u015bci akustycznej budynku.<\/p>\n<p><a href=\"https:\/\/www.europesays.com\/pl\/wp-content\/uploads\/2026\/03\/Chronos-3.jpg\" class=\"td-modal-image\"><img loading=\"lazy\" decoding=\"async\" width=\"1200\" height=\"848\" src=\"https:\/\/www.europesays.com\/pl\/wp-content\/uploads\/2026\/03\/Chronos-3.jpg\" alt=\"\" class=\"wp-image-114057\"  \/><\/a><\/p>\n<p>Budowa drugiego etapu Chronosa realizowana jest zgodnie z harmonogramem. Zako\u0144czenie inwestycji planowane jest na koniec 2026 roku. Budynek domknie istniej\u0105cy kwarta\u0142 zabudowy, wzmacniaj\u0105c \u0142ad przestrzenny tego fragmentu Woli zaburzony po II wojnie \u015bwiatowej. Lokalizacja Chronosa ma bowiem silne powi\u0105zania z przedwojenn\u0105 zabudow\u0105 Warszawy. Adres przy dzisiejszej alei Solidarno\u015bci (dawniej ul. Leszno 81) by\u0142 przed wojn\u0105 cz\u0119\u015bci\u0105 zwartej zabudowy kamienicznej Woli. Sta\u0142a tutaj kamienica nale\u017c\u0105ca do lokalnego przedsi\u0119biorcy Hermana Sieraczka, w kt\u00f3rej opr\u00f3cz mieszka\u0144 funkcjonowa\u0142a tak\u017ce manufaktura kapeluszy \u2013 przyk\u0142ad typowego dla tej dzielnicy po\u0142\u0105czenia funkcji mieszkalnej i drobnej produkcji.<\/p>\n<p><a href=\"https:\/\/www.europesays.com\/pl\/wp-content\/uploads\/2026\/03\/Chronos-5.jpg\" class=\"td-modal-image\"><img loading=\"lazy\" decoding=\"async\" width=\"1200\" height=\"1600\" src=\"https:\/\/www.europesays.com\/pl\/wp-content\/uploads\/2026\/03\/Chronos-5.jpg\" alt=\"\" class=\"wp-image-114058\"  \/><\/a><\/p>\n<p>\u2013 Budynek mia\u0142 r\u00f3wnie\u017c znaczenie historyczne \u2013 znajdowa\u0142 si\u0119 w granicach warszawskiego getta, a w czasie II wojny \u015bwiatowej i Powstania Warszawskiego okolica ta by\u0142a jednym z wa\u017cnych punkt\u00f3w walk i dramatycznych wydarze\u0144. Kamienica Sieraczka przetrwa\u0142a wojn\u0119, cho\u0107 w okrojonej formie. Powojenna odbudowa Warszawy nie przywr\u00f3ci\u0142a dawnej, zwartej pierzei \u2013 w miejscu zniszczonych kamienic pojawi\u0142y si\u0119 luki urbanistyczne i przypadkowa zabudowa, co sprawi\u0142o, \u017ce historyczna ci\u0105g\u0142o\u015b\u0107 ulicy zosta\u0142a przerwana na dziesi\u0119ciolecia. Sama kamienica Sieraczka, stopniowo degraduj\u0105ca si\u0119 technicznie, ostatecznie zosta\u0142a rozebrana w 2014 roku. Chronos odwo\u0142uje si\u0119 bezpo\u015brednio do tej historii \u2013 zar\u00f3wno poprzez skal\u0119, jak i detale architektoniczne nawi\u0105zuj\u0105ce do dawnej kamienicy. To pr\u00f3ba przywr\u00f3cenia urbanistycznej ci\u0105g\u0142o\u015bci tego fragmentu miasta i symbolicznego domkni\u0119cia przerwanej opowie\u015bci o miejscu, kt\u00f3re przez dekady \u0142\u0105czy\u0142o \u017cycie mieszka\u0144c\u00f3w z miejskim rzemios\u0142em i przemys\u0142em \u2013 m\u00f3wi Jakub Jakubowski, Brand Communication Manager w Moderna Holding.<\/p>\n<p>Lokalizacja Chronosa wpisuje si\u0119 w jedn\u0105 z najszybciej rozwijaj\u0105cych si\u0119 cz\u0119\u015bci warszawskiej Woli, kt\u00f3ra w ostatnich latach sta\u0142a si\u0119 wa\u017cnym zapleczem biznesowym miasta. W niedalekim s\u0105siedztwie znajduj\u0105 si\u0119 nowoczesne biurowce skupione wok\u00f3\u0142 ronda Daszy\u0144skiego, siedziby mi\u0119dzynarodowych firm, a tak\u017ce rozbudowana infrastruktura transportowa \u2013 druga linia metra, liczne linie tramwajowe i autobusowe. W bezpo\u015brednim s\u0105siedztwie znajduj\u0105 si\u0119 tak\u017ce historyczne Browary Warszawskie oraz kultowa Fabryka Norblina \u2013 dawne centra przemys\u0142owe, kt\u00f3re dzi\u015b t\u0119tni\u0105 \u017cyciem jako nowoczesne centra kulturalno-gastronomiczne. Okolica oferuje r\u00f3wnie\u017c szeroki wyb\u00f3r restauracji, kawiarni i punkt\u00f3w us\u0142ugowych, a jednocze\u015bnie pozostaje dobrze skomunikowana ze \u015bcis\u0142ym centrum. To po\u0142\u0105czenie sprawia, \u017ce jest to miejsce szczeg\u00f3lnie atrakcyjne dla os\u00f3b aktywnych zawodowo, kt\u00f3re chc\u0105 mieszka\u0107 blisko pracy i korzysta\u0107 z miejskiego stylu \u017cycia bez konieczno\u015bci d\u0142ugich dojazd\u00f3w.<\/p>\n<p>Wi\u0119cej o inwestycji: <a href=\"https:\/\/moderna.pl\/chronos\" rel=\"nofollow noopener\" target=\"_blank\">https:\/\/moderna.pl\/chronos<\/a><\/p>\n<p>Biuro sprzeda\u017cy Moderna w Warszawie<\/p>\n<p>Ul. Zaj\u0119cza 1A lok. U2<\/p>\n<p>Tel:\u00a0+48 222 903 309<\/p>\n<p>Artyku\u0142 sponsorowany<\/p>\n","protected":false},"excerpt":{"rendered":"Historyczne pierzeje Woli coraz rzadziej pozostaj\u0105 puste \u2013 w ich miejsce wkracza nowa zabudowa, kt\u00f3ra stara si\u0119 \u0142\u0105czy\u0107&hellip;\n","protected":false},"author":2,"featured_media":324548,"comment_status":"","ping_status":"","sticky":false,"template":"","format":"standard","meta":{"footnotes":"","_share_on_mastodon":"0"},"categories":[51605],"tags":[51897,3511,9760,51898,1138,42,38,15446,40,39,41,435,26,10937],"class_list":["post-324547","post","type-post","status-publish","format-standard","has-post-thumbnail","category-warszawa","tag-chronos","tag-inwestycje","tag-mazowsze","tag-moderna-holding","tag-nieruchomosci","tag-pl","tag-poland","tag-polecane","tag-polish","tag-polska","tag-polski","tag-warszawa","tag-wiadomosci","tag-wola"],"share_on_mastodon":{"url":"https:\/\/pubeurope.com\/@pl\/116287104995304047","error":""},"_links":{"self":[{"href":"https:\/\/www.europesays.com\/pl\/wp-json\/wp\/v2\/posts\/324547","targetHints":{"allow":["GET"]}}],"collection":[{"href":"https:\/\/www.europesays.com\/pl\/wp-json\/wp\/v2\/posts"}],"about":[{"href":"https:\/\/www.europesays.com\/pl\/wp-json\/wp\/v2\/types\/post"}],"author":[{"embeddable":true,"href":"https:\/\/www.europesays.com\/pl\/wp-json\/wp\/v2\/users\/2"}],"replies":[{"embeddable":true,"href":"https:\/\/www.europesays.com\/pl\/wp-json\/wp\/v2\/comments?post=324547"}],"version-history":[{"count":0,"href":"https:\/\/www.europesays.com\/pl\/wp-json\/wp\/v2\/posts\/324547\/revisions"}],"wp:featuredmedia":[{"embeddable":true,"href":"https:\/\/www.europesays.com\/pl\/wp-json\/wp\/v2\/media\/324548"}],"wp:attachment":[{"href":"https:\/\/www.europesays.com\/pl\/wp-json\/wp\/v2\/media?parent=324547"}],"wp:term":[{"taxonomy":"category","embeddable":true,"href":"https:\/\/www.europesays.com\/pl\/wp-json\/wp\/v2\/categories?post=324547"},{"taxonomy":"post_tag","embeddable":true,"href":"https:\/\/www.europesays.com\/pl\/wp-json\/wp\/v2\/tags?post=324547"}],"curies":[{"name":"wp","href":"https:\/\/api.w.org\/{rel}","templated":true}]}}