{"id":325254,"date":"2026-03-25T07:52:08","date_gmt":"2026-03-25T07:52:08","guid":{"rendered":"https:\/\/www.europesays.com\/pl\/325254\/"},"modified":"2026-03-25T07:52:08","modified_gmt":"2026-03-25T07:52:08","slug":"kleska-republikanow-przegrali-w-okregu-w-ktorym-mieszka-donald-trump","status":"publish","type":"post","link":"https:\/\/www.europesays.com\/pl\/325254\/","title":{"rendered":"Kl\u0119ska Republikan\u00f3w. Przegrali w okr\u0119gu, w kt\u00f3rym mieszka Donald Trump"},"content":{"rendered":"<p>Jak podaje serwis The Hill, demokratka Emily Gregory, w\u0142a\u015bcicielka ma\u0142ej firmy zajmuj\u0105cej si\u0119 fitnessem, pokona\u0142a <a href=\"https:\/\/wiadomosci.onet.pl\/republikanie\" id=\"b2c33bce-e34d-4b1f-9806-78bb0ab34fac\" rel=\"nofollow noopener\" target=\"_blank\">republikanina<\/a> i doradc\u0119 finansowego Jona Maplesa. Stawk\u0105 by\u0142o wolne miejsce w Izbie Reprezentant\u00f3w stanu Floryda w 87. okr\u0119gu wyborczym. Obejmuje on cz\u0119\u015b\u0107 hrabstwa Palm Beach, w tym prywatn\u0105 posiad\u0142o\u015b\u0107 prezydenta USA Mar-a-Lago. Dalszy ci\u0105g artyku\u0142u pod materia\u0142em wideo <\/p>\n<p>Pojedynek by\u0142 zaci\u0119ty. Po podliczeniu g\u0142os\u00f3w Gregory zdoby\u0142a nieco ponad 51 proc., a Maples nieca\u0142e 49 proc. We wtorkowych wyborach korespondencyjnie zag\u0142osowa\u0142 Donald Trump, kt\u00f3ry wspar\u0142 kandydata republikan\u00f3w.<\/p>\n<p>The Hill przypomina, \u017ce wybory odby\u0142y si\u0119 po decyzji gubernatora Florydy Rona DeSantisa, kt\u00f3ry w sierpniu ub. r. mianowa\u0142 republikanina Mike&#8217;a Caruso sekretarzem hrabstwa. Nie jest to jednak pierwsze zwyci\u0119stwo demokrat\u00f3w na Florydzie w ostatnim czasie. W grudniu 2025 r. Eileen Higgins pokona\u0142a Emilio Gonzaleza w walce o stanowisko burmistrza Miami.<\/p>\n<p>     Demokraci \u015bwi\u0119tuj\u0105 zwyci\u0119stwo na Florydzie<\/p>\n<p>Triumf obwie\u015bci\u0142a w mediach spo\u0142eczno\u015bciowych przewodnicz\u0105ca oficjalnego komitetu Partii Demokratycznej, kt\u00f3ry zajmuje si\u0119 wybieraniem demokrat\u00f3w do w\u0142adz stanowych (Democratic Legislative Campaign Committee).<\/p>\n<p>&#8222;Okr\u0119g wyborczy stanu Mar-a-Lago w\u0142a\u015bnie zmieni\u0142 si\u0119 z czerwonego na niebieski, co powinno wzbudzi\u0107 obawy republikan\u00f3w o ich szanse w listopadzie&#8221; \u2014 napisa\u0142a Heather Williams, nawi\u0105zuj\u0105c do zaplanowanych w 2026 r. tzw. wybor\u00f3w po\u0142\u00f3wkowych. W po\u0142owie kadencji prezydenta Amerykanie wybior\u0105 przedstawicieli Izby Reprezentant\u00f3w oraz jedn\u0105 trzeci\u0105 sk\u0142adu Senatu.<\/p>\n","protected":false},"excerpt":{"rendered":"Jak podaje serwis The Hill, demokratka Emily Gregory, w\u0142a\u015bcicielka ma\u0142ej firmy zajmuj\u0105cej si\u0119 fitnessem, pokona\u0142a republikanina i doradc\u0119&hellip;\n","protected":false},"author":2,"featured_media":325255,"comment_status":"","ping_status":"","sticky":false,"template":"","format":"standard","meta":{"footnotes":"","_share_on_mastodon":"0"},"categories":[5],"tags":[32,33,44,36,37,1350,27,34,35,28,31,48,25,46,5027,42,38,40,39,41,47,80,29,30,71,26],"class_list":["post-325254","post","type-post","status-publish","format-standard","has-post-thumbnail","category-naglowki","tag-breaking-news","tag-breakingnews","tag-donald_trump","tag-featured-news","tag-featurednews","tag-floryda","tag-headlines","tag-latest-news","tag-latestnews","tag-naglowki","tag-najwazniejsze-artykuly","tag-nat_styl","tag-news","tag-omp","tag-partia_republikanska","tag-pl","tag-poland","tag-polish","tag-polska","tag-polski","tag-screening_general","tag-swiat","tag-top-stories","tag-topstories","tag-usa","tag-wiadomosci"],"share_on_mastodon":{"url":"https:\/\/pubeurope.com\/@pl\/116288732710621995","error":""},"_links":{"self":[{"href":"https:\/\/www.europesays.com\/pl\/wp-json\/wp\/v2\/posts\/325254","targetHints":{"allow":["GET"]}}],"collection":[{"href":"https:\/\/www.europesays.com\/pl\/wp-json\/wp\/v2\/posts"}],"about":[{"href":"https:\/\/www.europesays.com\/pl\/wp-json\/wp\/v2\/types\/post"}],"author":[{"embeddable":true,"href":"https:\/\/www.europesays.com\/pl\/wp-json\/wp\/v2\/users\/2"}],"replies":[{"embeddable":true,"href":"https:\/\/www.europesays.com\/pl\/wp-json\/wp\/v2\/comments?post=325254"}],"version-history":[{"count":0,"href":"https:\/\/www.europesays.com\/pl\/wp-json\/wp\/v2\/posts\/325254\/revisions"}],"wp:featuredmedia":[{"embeddable":true,"href":"https:\/\/www.europesays.com\/pl\/wp-json\/wp\/v2\/media\/325255"}],"wp:attachment":[{"href":"https:\/\/www.europesays.com\/pl\/wp-json\/wp\/v2\/media?parent=325254"}],"wp:term":[{"taxonomy":"category","embeddable":true,"href":"https:\/\/www.europesays.com\/pl\/wp-json\/wp\/v2\/categories?post=325254"},{"taxonomy":"post_tag","embeddable":true,"href":"https:\/\/www.europesays.com\/pl\/wp-json\/wp\/v2\/tags?post=325254"}],"curies":[{"name":"wp","href":"https:\/\/api.w.org\/{rel}","templated":true}]}}