{"id":325805,"date":"2026-03-25T12:36:12","date_gmt":"2026-03-25T12:36:12","guid":{"rendered":"https:\/\/www.europesays.com\/pl\/325805\/"},"modified":"2026-03-25T12:36:12","modified_gmt":"2026-03-25T12:36:12","slug":"bardzo-zla-wiadomosc-dla-widzewa-lodz-jest-oficjalny-komunikat","status":"publish","type":"post","link":"https:\/\/www.europesays.com\/pl\/325805\/","title":{"rendered":"Bardzo z\u0142a wiadomo\u015b\u0107 dla Widzewa \u0141\u00f3d\u017a. Jest oficjalny komunikat"},"content":{"rendered":"\n<p>\nSystematyczne pobieranie tre\u015bci, danych lub informacji z tej<br \/>\n                strony internetowej (web scraping), jak r\u00f3wnie\u017c eksploracja<br \/>\n                tekstu i danych (TDM) (w tym pobieranie i eksploracyjna analiza<br \/>\n                danych, indeksowanie stron internetowych, korzystanie z tre\u015bci<br \/>\n                lub przeszukiwanie z pobieraniem baz danych), czy to przez<br \/>\n                roboty, web crawlers, oprogramowanie, narz\u0119dzia lub dowoln\u0105<br \/>\n                manualn\u0105 lub zautomatyzowan\u0105 metod\u0105, w celu tworzenia lub<br \/>\n                rozwoju oprogramowania, w tym m.in. szkolenia system\u00f3w uczenia<br \/>\n                maszynowego lub sztucznej inteligencji (AI), bez uprzedniej,<br \/>\n                wyra\u017anej zgody Ringier Axel Springer Polska sp. z o.o. (RASP)<br \/>\n                jest zabronione. Wyj\u0105tek stanowi\u0105 sytuacje, w kt\u00f3rych tre\u015bci,<br \/>\n                dane lub informacje s\u0105 wykorzystywane w celu u\u0142atwienia ich<br \/>\n                wyszukiwania przez wyszukiwarki internetowe.<\/p>\n","protected":false},"excerpt":{"rendered":"Systematyczne pobieranie tre\u015bci, danych lub informacji z tej strony internetowej (web scraping), jak r\u00f3wnie\u017c eksploracja tekstu i danych&hellip;\n","protected":false},"author":2,"featured_media":325806,"comment_status":"","ping_status":"","sticky":false,"template":"","format":"standard","meta":{"footnotes":"","_share_on_mastodon":"0"},"categories":[51608],"tags":[41636,274,3652,48,46,948,42,38,40,39,41,28927,47,3469],"class_list":["post-325805","post","type-post","status-publish","format-standard","has-post-thumbnail","category-lodz","tag-christopher_cheng","tag-ekstraklasa","tag-lodz","tag-nat_styl","tag-omp","tag-pilka_nozna","tag-pl","tag-poland","tag-polish","tag-polska","tag-polski","tag-ps_omp_tst1","tag-screening_general","tag-widzew_lodz"],"share_on_mastodon":{"url":"https:\/\/pubeurope.com\/@pl\/116289849503111671","error":""},"_links":{"self":[{"href":"https:\/\/www.europesays.com\/pl\/wp-json\/wp\/v2\/posts\/325805","targetHints":{"allow":["GET"]}}],"collection":[{"href":"https:\/\/www.europesays.com\/pl\/wp-json\/wp\/v2\/posts"}],"about":[{"href":"https:\/\/www.europesays.com\/pl\/wp-json\/wp\/v2\/types\/post"}],"author":[{"embeddable":true,"href":"https:\/\/www.europesays.com\/pl\/wp-json\/wp\/v2\/users\/2"}],"replies":[{"embeddable":true,"href":"https:\/\/www.europesays.com\/pl\/wp-json\/wp\/v2\/comments?post=325805"}],"version-history":[{"count":0,"href":"https:\/\/www.europesays.com\/pl\/wp-json\/wp\/v2\/posts\/325805\/revisions"}],"wp:featuredmedia":[{"embeddable":true,"href":"https:\/\/www.europesays.com\/pl\/wp-json\/wp\/v2\/media\/325806"}],"wp:attachment":[{"href":"https:\/\/www.europesays.com\/pl\/wp-json\/wp\/v2\/media?parent=325805"}],"wp:term":[{"taxonomy":"category","embeddable":true,"href":"https:\/\/www.europesays.com\/pl\/wp-json\/wp\/v2\/categories?post=325805"},{"taxonomy":"post_tag","embeddable":true,"href":"https:\/\/www.europesays.com\/pl\/wp-json\/wp\/v2\/tags?post=325805"}],"curies":[{"name":"wp","href":"https:\/\/api.w.org\/{rel}","templated":true}]}}