{"id":325884,"date":"2026-03-25T13:20:06","date_gmt":"2026-03-25T13:20:06","guid":{"rendered":"https:\/\/www.europesays.com\/pl\/325884\/"},"modified":"2026-03-25T13:20:06","modified_gmt":"2026-03-25T13:20:06","slug":"prezydent-karol-nawrocki-zatwierdzil-kluczowa-ustawe-oto-kto-na-niej-zyska","status":"publish","type":"post","link":"https:\/\/www.europesays.com\/pl\/325884\/","title":{"rendered":"Prezydent Karol Nawrocki zatwierdzi\u0142 kluczow\u0105 ustaw\u0119. Oto kto na niej zyska"},"content":{"rendered":"<p>We wtorek prezydent Karol Nawrocki z\u0142o\u017cy\u0142 podpis pod siedmioma dokumentami. W\u015br\u00f3d nich znalaz\u0142a si\u0119 nowelizacja ustawy o podatku dochodowym od os\u00f3b fizycznych (PIT). Ustawodawcy wprowadzili drobn\u0105, ale niezwykle istotn\u0105 korekt\u0119. S\u0142owo &#8222;wyp\u0142acane&#8221; zamienili na &#8222;otrzymane&#8221;. Ten zabieg ca\u0142kowicie zmienia zasady gry dla sportowc\u00f3w.<\/p>\n<p> Dalszy ci\u0105g artyku\u0142u pod materia\u0142em wideo <\/p>\n<p>Dot\u0105d zwolnione z podatku by\u0142y wy\u0142\u0105cznie premie pieni\u0119\u017cne przelewane przez Polski Komitet Olimpijski i Polski Komitet Paraolimpijski. Teraz urz\u0105d skarbowy nie uszczknie ani grosza od nagr\u00f3d rzeczowych.<\/p>\n<p>Dzia\u0142anie wstecz<\/p>\n<p>Prawo obejmuje r\u00f3wnie\u017c nagrody od Polskiego Zwi\u0105zku Sportu Nies\u0142ysz\u0105cych, ale co najwa\u017cniejsze \u2014 wchodzi w \u017cycie z moc\u0105 wsteczn\u0105 od 1 stycznia 2026 roku. Z nowych przepis\u00f3w z automatu skorzystaj\u0105 wi\u0119c polscy bohaterowie zimowych igrzysk w Mediolanie. Kacper Tomasiak, Pawe\u0142 W\u0105sek i W\u0142adimir Semirunnij zachowaj\u0105 pe\u0142n\u0105 pul\u0119 nagr\u00f3d. Wiceminister finans\u00f3w Jaros\u0142aw Neneman wyliczy\u0142, \u017ce ten uk\u0142on w stron\u0119 sportowc\u00f3w uszczupli bud\u017cet pa\u0144stwa o 400 tysi\u0119cy z\u0142otych.<\/p>\n<p>     Mieszkanie bez daniny<\/p>\n<p>Ulga podatkowa ma dla medalist\u00f3w pot\u0119\u017cne znaczenie finansowe. Zgodnie z regulaminem PKOl, opr\u00f3cz got\u00f3wki, na podium czeka\u0142y nagrody w naturze: vouchery na wakacje, obrazy oraz bi\u017cuteria. G\u0142\u00f3wn\u0105 nagrod\u0105 za z\u0142oto mia\u0142y by\u0107 mieszkanie i samoch\u00f3d. Cho\u0107 reprezentacja Polski wr\u00f3ci\u0142a z W\u0142och bez tytu\u0142u mistrzowskiego, klucze do nowego lokalu ostatecznie trafi\u0142y w r\u0119ce Kacpra Tomasiaka. Dzi\u0119ki podpisowi prezydenta m\u0142ody skoczek nie odda pa\u0144stwu ogromnego podatku od warto\u015bci otrzymanej nieruchomo\u015bci.<\/p>\n","protected":false},"excerpt":{"rendered":"We wtorek prezydent Karol Nawrocki z\u0142o\u017cy\u0142 podpis pod siedmioma dokumentami. W\u015br\u00f3d nich znalaz\u0142a si\u0119 nowelizacja ustawy o podatku&hellip;\n","protected":false},"author":2,"featured_media":325885,"comment_status":"","ping_status":"","sticky":false,"template":"","format":"standard","meta":{"footnotes":"","_share_on_mastodon":"0"},"categories":[52122],"tags":[15023,43,48,46,6010,752,15347,42,38,40,39,41,28927,47,1874,5777],"class_list":["post-325884","post","type-post","status-publish","format-standard","has-post-thumbnail","category-pko-bank-polski","tag-kacper_tomasiak","tag-karol_nawrocki","tag-nat_styl","tag-omp","tag-pko-bank-polski","tag-pko-bp","tag-pkol","tag-pl","tag-poland","tag-polish","tag-polska","tag-polski","tag-ps_omp_tst1","tag-screening_general","tag-skoki_narciarskie","tag-sporty_zimowe"],"share_on_mastodon":{"url":"https:\/\/pubeurope.com\/@pl\/116290022611627198","error":""},"_links":{"self":[{"href":"https:\/\/www.europesays.com\/pl\/wp-json\/wp\/v2\/posts\/325884","targetHints":{"allow":["GET"]}}],"collection":[{"href":"https:\/\/www.europesays.com\/pl\/wp-json\/wp\/v2\/posts"}],"about":[{"href":"https:\/\/www.europesays.com\/pl\/wp-json\/wp\/v2\/types\/post"}],"author":[{"embeddable":true,"href":"https:\/\/www.europesays.com\/pl\/wp-json\/wp\/v2\/users\/2"}],"replies":[{"embeddable":true,"href":"https:\/\/www.europesays.com\/pl\/wp-json\/wp\/v2\/comments?post=325884"}],"version-history":[{"count":0,"href":"https:\/\/www.europesays.com\/pl\/wp-json\/wp\/v2\/posts\/325884\/revisions"}],"wp:featuredmedia":[{"embeddable":true,"href":"https:\/\/www.europesays.com\/pl\/wp-json\/wp\/v2\/media\/325885"}],"wp:attachment":[{"href":"https:\/\/www.europesays.com\/pl\/wp-json\/wp\/v2\/media?parent=325884"}],"wp:term":[{"taxonomy":"category","embeddable":true,"href":"https:\/\/www.europesays.com\/pl\/wp-json\/wp\/v2\/categories?post=325884"},{"taxonomy":"post_tag","embeddable":true,"href":"https:\/\/www.europesays.com\/pl\/wp-json\/wp\/v2\/tags?post=325884"}],"curies":[{"name":"wp","href":"https:\/\/api.w.org\/{rel}","templated":true}]}}