{"id":326364,"date":"2026-03-25T17:31:11","date_gmt":"2026-03-25T17:31:11","guid":{"rendered":"https:\/\/www.europesays.com\/pl\/326364\/"},"modified":"2026-03-25T17:31:11","modified_gmt":"2026-03-25T17:31:11","slug":"parasol-ochronny-nad-prezesem-nbp-kulisy-rozgrywki-na-szczytach-wladzy","status":"publish","type":"post","link":"https:\/\/www.europesays.com\/pl\/326364\/","title":{"rendered":"Parasol ochronny nad prezesem NBP? Kulisy rozgrywki na szczytach w\u0142adzy"},"content":{"rendered":"<p>M\u00f3wi\u0142 m.in., \u017ce &#8222;Glapi\u0144skiemu nie pozwoli\u0142by na prowadzenie nawet szkolnej kasy oszcz\u0119dno\u015bci&#8221;.<\/p>\n<p>\u2014 Adam Glapi\u0144ski jest nie tylko niekompetentny, nie tylko nieprzyzwoity w tym, co robi. Adam Glapi\u0144ski jest te\u017c nielegalny. Nie b\u0119dzie ani dnia d\u0142u\u017cej prezesem NBP \u2014 stwierdzi\u0142 w\u00f3wczas Tusk, opowiadaj\u0105c o scenariuszu, w kt\u00f3rym to jego partia wygra\u0142aby wybory. Dodawa\u0142 te\u017c, \u017ce nie trzeba by\u0142oby do tego specjalnej ustawy, by usun\u0105\u0107 Glapi\u0144skiego ze stanowiska.<\/p>\n<p class=\"Paragraph_desktopParagraph__U31Gm\">To si\u0119 nie wydarzy\u0142o. Adam Glapi\u0144ski nadal pe\u0142ni swoj\u0105 funkcj\u0119. To nie znaczy jednak, \u017ce aktualny ob\u00f3z w\u0142adzy nie podejmowa\u0142 pr\u00f3b pozbawienia funkcji szefa banku centralnego. Wr\u0119cz przeciwnie. <a href=\"https:\/\/wiadomosci.onet.pl\/kraj\/adam-glapinski-przed-trybunalem-stanu-komisja-przeslucha-swiadkow-relacja-na-zywo\/m6fqcf0\" id=\"73a74445-cbd9-424e-b280-47417af201c2\" rel=\"nofollow noopener\" target=\"_blank\">Sejmowa komisja odpowiedzialno\u015bci konstytucyjnej pracuje nad wnioskiem o poci\u0105gni\u0119cie<\/a> &#8222;Glapy&#8221; do odpowiedzialno\u015bci przed Trybuna\u0142em Stanu.<\/p>\n<p class=\"Paragraph_desktopParagraph__U31Gm\">Zarzuty dotycz\u0105 m.in. \u2014 jak czytamy we wniosku \u2014 nielegalnego zasilania bud\u017cetu pa\u0144stwa przez NBP w czasach rz\u0105d\u00f3w PiS (Adam Glapi\u0144ski to wierny druh Jaros\u0142awa Kaczy\u0144skiego sprzed lat).<\/p>\n<p class=\"Paragraph_desktopParagraph__U31Gm\">Sejmowa komisja pracuje, wzywa kolejnych \u015bwiadk\u00f3w. Zwrot nast\u0105pi\u0142 kilka tygodni temu, gdy prezydent <a href=\"https:\/\/wiadomosci.onet.pl\/kraj\/karol-nawrocki-o-polskim-safe-0-proc-suwerenna-alternatywa\/j9px003\" id=\"1e4e90d8-0797-464b-885a-9981f346b8ab\" rel=\"nofollow noopener\" target=\"_blank\">Karol Nawrocki zaprezentowa\u0142 sw\u00f3j pomys\u0142 na finansowanie wsparcie<\/a> zbroje\u0144. Wspar\u0142 go w tym prezes Adam Glapi\u0144ski.<\/p>\n<p class=\"Paragraph_desktopParagraph__U31Gm\">SAFE 0 proc.&#8221; mia\u0142 si\u0119 opiera\u0107 na zysku z NBP. Problem polega na tym, \u017ce <a href=\"https:\/\/wiadomosci.onet.pl\/tylko-w-onecie\/zwrot-w-sprawie-pomyslu-prezydenta-mozliwe-nagle-przyspieszenie\/0hgfder\" id=\"5c2f2871-0559-4fc7-9f28-0a13a1318736\" rel=\"nofollow noopener\" target=\"_blank\">od lat tego zysku nie ma, a pomys\u0142 dotycz\u0105cy up\u0142ynnienia cz\u0119\u015bci rezerw z\u0142ota<\/a> wygl\u0105da\u0142 na prowizoryczny.<\/p>\n<p class=\"Paragraph_desktopParagraph__U31Gm\">Cz\u0142onek sejmowej komisji odpowiedzialno\u015bci konstytucyjnej Ryszard Petru (klub Centrum) zapowiedzia\u0142, \u017ce b\u0119dzie chcia\u0142 pilnie wezwa\u0107 Adama Glapi\u0144skiego przed oblicze komisji w\u0142a\u015bnie z tego powodu. Uzna\u0142, \u017ce szef banku centralnego przekracza swoje uprawnienia.<\/p>\n<p class=\"Paragraph_desktopParagraph__U31Gm\">Wniosek si\u0119 jednak nie zmaterializowa\u0142. Jak s\u0142yszymy nieoficjalnie, pos\u0142owie Koalicji Obywatelskiej sprzeciwiaj\u0105 si\u0119 takim ruchom. Niedawno szef resortu finans\u00f3w Andrzej Doma\u0144ski wypowiedzia\u0142 si\u0119 na ten temat do\u015b\u0107 jasno. Stwierdzi\u0142, \u017ce podkopywanie pozycji prezesa Narodowego Banku Centralnego psuje opini\u0119 na temat Polski na mi\u0119dzynarodowych rynkach finansowych.<\/p>\n<p class=\"Paragraph_desktopParagraph__U31Gm\">Petru jednak nie sk\u0142ada broni: \u2014 Musz\u0119 jeszcze przekona\u0107 koalicjant\u00f3w do jak najszybszego przes\u0142uchania prezesa Glapi\u0144skiego. To, co robi prezes NBP, to recydywa zarzut\u00f3w z wniosku do Trybuna\u0142u Stanu \u2014 m\u00f3wi Onetowi pose\u0142 klubu Centrum.<\/p>\n<p><img decoding=\"async\" class=\"Image_image__0tuHp Image_autoHeight__f2n87 \" height=\"587\" width=\"880\" src=\"https:\/\/www.europesays.com\/pl\/wp-content\/uploads\/2026\/03\/6dXk9kpTURBXy8zOTcyNTE4YTNjYzhkMzJiYjdhYTM2NTQ1ZWUxZDAxOC5qcGeSlQLNA6wAwsOVAgDNAkvCw94AA6EwAaExAaEzw.jpeg\" alt=\"Ryszard Petru\" loading=\"lazy\" \/>Tomasz Gzell \/ PAP<\/p>\n<p>Ryszard Petru<\/p>\n<p>Twarda rzeczywisto\u015b\u0107 <\/p>\n<p class=\"Paragraph_desktopParagraph__U31Gm\">Gra jest skomplikowana, bo nad Glapi\u0144skim wisi problem uzupe\u0142nienia sk\u0142adu zarz\u0105du Narodowego Banku Polskiego. Prezes chce, by stanowisko zachowa\u0142a jego wierna wsp\u00f3\u0142pracowniczka Marta Kightley.<\/p>\n<p class=\"Paragraph_desktopParagraph__U31Gm\">Jej nominacj\u0119 na kolejn\u0105 kadencj\u0119 <a href=\"https:\/\/wiadomosci.onet.pl\/tylko-w-onecie\/drugie-dno-ruchu-prezydenta-i-szefa-nbp-w-sprawie-safe-zaskakujace-kulisy-palac\/fl01n2v\" id=\"56ce1cb4-b57c-49aa-9f19-a5a68caa026c\" rel=\"nofollow noopener\" target=\"_blank\">musi podpisa\u0107 prezydent, ale kontrasygnat\u0119 pod glejtem g\u0142owy pa\u0144stwa sk\u0142ada premier.<\/a> Bez zielonego \u015bwiat\u0142a od Karola Nawrockiego nic si\u0119 jednak nie stanie, wi\u0119c Glapi\u0144ski pr\u00f3bowa\u0142 balansowa\u0107 przy okazji projektu &#8222;SAFE 0 proc.&#8221;.<\/p>\n<p class=\"Paragraph_desktopParagraph__U31Gm\">Wniosek prezesa NBP w tej sprawie <a href=\"https:\/\/businessinsider.com.pl\/finanse\/safe-0-proc-i-walka-o-zarzad-nbp-adam-glapinski-miedzy-prezydentem-i-premierem\/bns1v7j\" id=\"54576956-efd5-4c6d-bd00-2265ddadd639\" rel=\"nofollow noopener\" target=\"_blank\">trafi\u0142 do prezydenta ju\u017c kilka tygodni temu, o czym pierwszy informowa\u0142 Business Insider.<\/a> Wys\u0142ali\u015bmy w tej sprawie pytania do Kancelarii Prezydenta. Oto odpowied\u017a:<\/p>\n<p class=\"Paragraph_desktopParagraph__U31Gm\">&#8222;Do Kancelarii Prezydenta RP wp\u0142yn\u0105\u0142 wniosek Prezesa Narodowego Banku Polskiego o powo\u0142anie na cz\u0142onka Zarz\u0105du Narodowego Banku Polskiego i na stanowisko Wiceprezesa Narodowego Banku Polskiego \u2014 Pierwszego Zast\u0119pcy Prezesa Narodowego Banku Polskiego Pani Marty Kightley. Wniosek pozostaje w toku procedury nominacyjnej&#8221; \u2014 czytamy.<\/p>\n<p><img decoding=\"async\" class=\"Image_image__0tuHp Image_autoHeight__f2n87 \" height=\"587\" width=\"880\" src=\"https:\/\/www.europesays.com\/pl\/wp-content\/uploads\/2026\/03\/UVZk9kpTURBXy9mMDUwOGZiMjYzODg4NGM2NzY4YTdkNmEwNzk1YWY2ZS5qcGeSlQLNA6wAwsOVAgDNAkvCw94AA6EwAaExAaEzw.jpeg\" alt=\"Marta Kightley\" loading=\"lazy\" \/>Leszek Szyma\u0144ski \/ PAP<\/p>\n<p>Marta Kightley<\/p>\n<p class=\"Paragraph_desktopParagraph__U31Gm\">Jest jasne, \u017ce bez podpisu Donalda Tuska <a href=\"https:\/\/businessinsider.com.pl\/finanse\/adam-glapinski-walczy-o-swoja-prawa-reke-potrzebuje-poparcia-donalda-tuska\/01z54zm\" id=\"226b40ff-fe2e-4eab-a8e9-d8372802212e\" rel=\"nofollow noopener\" target=\"_blank\">Kightley wiceprezesem NBP nie b\u0119dzie. <\/a>Wys\u0142ali\u015bmy w tej sprawie pytania do Kancelarii Premiera. Do momentu publikacji tego tekstu nie otrzymali\u015bmy odpowiedzi.<\/p>\n<p class=\"Paragraph_desktopParagraph__U31Gm\"><a href=\"https:\/\/businessinsider.com.pl\/finanse\/adam-glapinski-walczy-o-swoja-prawa-reke-potrzebuje-poparcia-donalda-tuska\/01z54zm\" id=\"2ab6aab7-1067-4bbc-ae76-d1ecb5dd7578\" rel=\"nofollow noopener\" target=\"_blank\">To nie koniec. Misj\u0119 w zarz\u0105dzie banku centralnego<\/a> zako\u0144czy\u0142 te\u017c by\u0142y szef ABW za czas\u00f3w PiS Piotr Pogonowski. Z nim Glapi\u0144ski ju\u017c jednak wsp\u00f3\u0142pracowa\u0107 nie chce. Dzi\u015b jedynym wiceprezesem pozostaje Adam Lipi\u0144ski, wieloletni wiceszef Prawa i Sprawiedliwo\u015bci, wierny druh Jaros\u0142awa Kaczy\u0144skiego.<\/p>\n<p class=\"Paragraph_desktopParagraph__U31Gm\">Jego kadencja ko\u0144czy si\u0119 w listopadzie tego roku. Je\u015bli wakaty w zarz\u0105dzie Narodowego Banku Polskiego nie zostan\u0105 uzupe\u0142nione, <a href=\"https:\/\/wiadomosci.onet.pl\/tylko-w-onecie\/ryzykowna-gra-prezesa-nbp-ona-jest-dla-glapinskiego-absolutnie-kluczowa\/bpgjm3d\" id=\"cf947cf0-072a-42bd-a3dd-7c2d1486321c\" rel=\"nofollow noopener\" target=\"_blank\">organ ten b\u0119dzie dzia\u0142a\u0142 niezgodnie z ustaw\u0105, kt\u00f3ra wymaga, by w zarz\u0105dzie zasiada\u0142o sze\u015bcioro<\/a> os\u00f3b. Od miesi\u0119cy pojawia\u0142y si\u0119 informacje, \u017ce Adam Glapi\u0144ski chce odda\u0107 cz\u0119\u015b\u0107 miejsc osobom bliskim obecnemu obozowi w\u0142adzy.<\/p>\n<p class=\"Paragraph_desktopParagraph__U31Gm\">To cena, jak\u0105 by\u0142by got\u00f3w <a href=\"https:\/\/wiadomosci.onet.pl\/tylko-w-onecie\/drugie-dno-ruchu-prezydenta-i-szefa-nbp-w-sprawie-safe-zaskakujace-kulisy-palac\/fl01n2v\" id=\"0df73474-0f92-44cc-ab26-521192403130\" rel=\"nofollow noopener\" target=\"_blank\">zap\u0142aci\u0107 za to, by do zarz\u0105du wr\u00f3ci\u0142a Marta Kightley. Jeszcze niedawno wydawa\u0142o si\u0119, \u017ce relacje<\/a> pomi\u0119dzy rz\u0105dem a Narodowym Bankiem Polskim nieco si\u0119 ociepli\u0142y. Minister finans\u00f3w potwierdzi\u0142 doniesienia Bloomberga, \u017ce entuzjazm rz\u0105dz\u0105cych wobec postawienia prezesa NBP przed Trybuna\u0142em Stanu nieco si\u0119 zmniejszy\u0142.<\/p>\n<p class=\"Paragraph_desktopParagraph__U31Gm\">Dzi\u015b to chyba nieaktualne. Prezes NBP prawdopodobnie dosta\u0142 sygna\u0142 z Kancelarii Premiera, \u017ce nie ma co liczy\u0107 na rych\u0142e uzupe\u0142nienie tych wakat\u00f3w. Przej\u0105\u0142 nadz\u00f3r w zarz\u0105dzie NBP nad Departamentem Operacji Krajowych oraz Departamentem Administracji po wyga\u015bni\u0119ciu kadencji w zarz\u0105dzie Kightley.<\/p>\n<p class=\"Paragraph_desktopParagraph__U31Gm\">Z kolei cz\u0142onek zarz\u0105du Artur Sobo\u0144 przej\u0105\u0142 nadz\u00f3r w zarz\u0105dzie NBP nad Departamentem Statystyki oraz Departamentem Rozlicze\u0144 Transakcji Finansowych po wyga\u015bni\u0119ciu kadencji Piotra Pogonowskiego.<\/p>\n<p class=\"Paragraph_desktopParagraph__U31Gm\">To znak, \u017ce szef banku centralnego urz\u0105dza si\u0119 w nowej, nie do ko\u0144ca dla niego komfortowej rzeczywisto\u015bci.<\/p>\n","protected":false},"excerpt":{"rendered":"M\u00f3wi\u0142 m.in., \u017ce &#8222;Glapi\u0144skiemu nie pozwoli\u0142by na prowadzenie nawet szkolnej kasy oszcz\u0119dno\u015bci&#8221;. \u2014 Adam Glapi\u0144ski jest nie tylko&hellip;\n","protected":false},"author":2,"featured_media":326365,"comment_status":"","ping_status":"","sticky":false,"template":"","format":"standard","meta":{"footnotes":"","_share_on_mastodon":"0"},"categories":[5],"tags":[15716,56,32,33,200,36,37,66,27,67,47614,240,34,35,28,31,15715,53,25,52,68,51,55,42,38,40,39,41,6024,47,29,30,789,50,26],"class_list":["post-326364","post","type-post","status-publish","format-standard","has-post-thumbnail","category-naglowki","tag-adam_glapinski","tag-article_premium","tag-breaking-news","tag-breakingnews","tag-donald_tusk_polityk","tag-featured-news","tag-featurednews","tag-give_me_perspective","tag-headlines","tag-intextvideo_splayer","tag-jaroslaw_kaczynski_polityk","tag-karol_nawrocki_prezydent","tag-latest-news","tag-latestnews","tag-naglowki","tag-najwazniejsze-artykuly","tag-nbp_narodowy_bank_polski","tag-new_header","tag-news","tag-onet3","tag-onet3d","tag-onet3d_2i","tag-phx","tag-pl","tag-poland","tag-polish","tag-polska","tag-polski","tag-ryszard_petru","tag-screening_general","tag-top-stories","tag-topstories","tag-trybunal_stanu","tag-v2021","tag-wiadomosci"],"share_on_mastodon":{"url":"","error":"Validation failed: Text character limit of 500 exceeded"},"_links":{"self":[{"href":"https:\/\/www.europesays.com\/pl\/wp-json\/wp\/v2\/posts\/326364","targetHints":{"allow":["GET"]}}],"collection":[{"href":"https:\/\/www.europesays.com\/pl\/wp-json\/wp\/v2\/posts"}],"about":[{"href":"https:\/\/www.europesays.com\/pl\/wp-json\/wp\/v2\/types\/post"}],"author":[{"embeddable":true,"href":"https:\/\/www.europesays.com\/pl\/wp-json\/wp\/v2\/users\/2"}],"replies":[{"embeddable":true,"href":"https:\/\/www.europesays.com\/pl\/wp-json\/wp\/v2\/comments?post=326364"}],"version-history":[{"count":0,"href":"https:\/\/www.europesays.com\/pl\/wp-json\/wp\/v2\/posts\/326364\/revisions"}],"wp:featuredmedia":[{"embeddable":true,"href":"https:\/\/www.europesays.com\/pl\/wp-json\/wp\/v2\/media\/326365"}],"wp:attachment":[{"href":"https:\/\/www.europesays.com\/pl\/wp-json\/wp\/v2\/media?parent=326364"}],"wp:term":[{"taxonomy":"category","embeddable":true,"href":"https:\/\/www.europesays.com\/pl\/wp-json\/wp\/v2\/categories?post=326364"},{"taxonomy":"post_tag","embeddable":true,"href":"https:\/\/www.europesays.com\/pl\/wp-json\/wp\/v2\/tags?post=326364"}],"curies":[{"name":"wp","href":"https:\/\/api.w.org\/{rel}","templated":true}]}}