{"id":327608,"date":"2026-03-26T07:16:07","date_gmt":"2026-03-26T07:16:07","guid":{"rendered":"https:\/\/www.europesays.com\/pl\/327608\/"},"modified":"2026-03-26T07:16:07","modified_gmt":"2026-03-26T07:16:07","slug":"wor-w-zakonie-zatrzymany-w-warszawie-byl-skazany-za-powazne-przestepstwa","status":"publish","type":"post","link":"https:\/\/www.europesays.com\/pl\/327608\/","title":{"rendered":"&#8222;Wor w zakonie&#8221; zatrzymany w Warszawie. By\u0142 skazany za powa\u017cne przest\u0119pstwa"},"content":{"rendered":"<p>&#8222;Wor w zakonie&#8221; to tytu\u0142 nadawany najbardziej wp\u0142ywowym przest\u0119pcom w strukturach mafii z obszaru by\u0142ego ZSRR.<\/p>\n<p>&#8222;Cho\u0107 nie zawsze mo\u017cna im przypisa\u0107 konkretne przest\u0119pstwa pope\u0142nione w Polsce, ich obecno\u015b\u0107 jest traktowana przez s\u0142u\u017cby jako potencjalne zagro\u017cenie dla bezpiecze\u0144stwa&#8221; \u2014 wyja\u015bni\u0142a nadkom. Marta Sulowska z wolskiej policji.<\/p>\n<p> Dalszy ci\u0105g artyku\u0142u pod materia\u0142em wideo &#8222;Wor w zakonie&#8221; zatrzymany<\/p>\n<p>Wsp\u00f3lne dzia\u0142ania operacyjne kryminalnych z Woli i funkcjonariuszy Agencji Bezpiecze\u0144stwa Wewn\u0119trznego doprowadzi\u0142y do zatrzymania poszukiwanego &#8222;wora w zakonie&#8221;. Policjanci ustalili, gdzie ukrywa\u0142 si\u0119 44-letni obywatel Ukrainy. Dowiedzieli si\u0119 tak\u017ce, \u017ce by\u0142 osob\u0105 o wysokiej pozycji w strukturach postsowieckiej przest\u0119pczo\u015bci zorganizowanej i wcze\u015bniej by\u0142 skazany za powa\u017cne przest\u0119pstwa, w tym za zab\u00f3jstwo, a jego dzia\u0142alno\u015b\u0107 obejmowa\u0142a funkcjonowanie w strukturach kryminalnych oraz udziale w konfliktach pomi\u0119dzy grupami przest\u0119pczymi.<\/p>\n<p>Wobec 44-latka zosta\u0142a wydana decyzja o odmowie pobytu na terytorium pa\u0144stw cz\u0142onkowskich strefy Schengen. Zosta\u0142 namierzony w jednym z hoteli na terenie Warszawy.<\/p>\n<p>&#8222;M\u0119\u017cczyzna zosta\u0142 zatrzymany i doprowadzony do komendy na Woli. Po wykonaniu z jego udzia\u0142em czynno\u015bci zosta\u0142 przekazany funkcjonariuszom plac\u00f3wki Stra\u017cy Granicznej w Warszawie&#8221; \u2014 przekaza\u0142a Sulowska.<\/p>\n","protected":false},"excerpt":{"rendered":"&#8222;Wor w zakonie&#8221; to tytu\u0142 nadawany najbardziej wp\u0142ywowym przest\u0119pcom w strukturach mafii z obszaru by\u0142ego ZSRR. &#8222;Cho\u0107 nie&hellip;\n","protected":false},"author":2,"featured_media":327609,"comment_status":"","ping_status":"","sticky":false,"template":"","format":"standard","meta":{"footnotes":"","_share_on_mastodon":"0"},"categories":[51605],"tags":[145,18719,48,46,42,38,414,40,39,41,1666,47,435,987],"class_list":["post-327608","post","type-post","status-publish","format-standard","has-post-thumbnail","category-warszawa","tag-abw","tag-mafia","tag-nat_styl","tag-omp","tag-pl","tag-poland","tag-policja","tag-polish","tag-polska","tag-polski","tag-przestepstwo","tag-screening_general","tag-warszawa","tag-zwiazek_radziecki"],"share_on_mastodon":{"url":"https:\/\/pubeurope.com\/@pl\/116294253547747164","error":""},"_links":{"self":[{"href":"https:\/\/www.europesays.com\/pl\/wp-json\/wp\/v2\/posts\/327608","targetHints":{"allow":["GET"]}}],"collection":[{"href":"https:\/\/www.europesays.com\/pl\/wp-json\/wp\/v2\/posts"}],"about":[{"href":"https:\/\/www.europesays.com\/pl\/wp-json\/wp\/v2\/types\/post"}],"author":[{"embeddable":true,"href":"https:\/\/www.europesays.com\/pl\/wp-json\/wp\/v2\/users\/2"}],"replies":[{"embeddable":true,"href":"https:\/\/www.europesays.com\/pl\/wp-json\/wp\/v2\/comments?post=327608"}],"version-history":[{"count":0,"href":"https:\/\/www.europesays.com\/pl\/wp-json\/wp\/v2\/posts\/327608\/revisions"}],"wp:featuredmedia":[{"embeddable":true,"href":"https:\/\/www.europesays.com\/pl\/wp-json\/wp\/v2\/media\/327609"}],"wp:attachment":[{"href":"https:\/\/www.europesays.com\/pl\/wp-json\/wp\/v2\/media?parent=327608"}],"wp:term":[{"taxonomy":"category","embeddable":true,"href":"https:\/\/www.europesays.com\/pl\/wp-json\/wp\/v2\/categories?post=327608"},{"taxonomy":"post_tag","embeddable":true,"href":"https:\/\/www.europesays.com\/pl\/wp-json\/wp\/v2\/tags?post=327608"}],"curies":[{"name":"wp","href":"https:\/\/api.w.org\/{rel}","templated":true}]}}