{"id":327664,"date":"2026-03-26T07:52:07","date_gmt":"2026-03-26T07:52:07","guid":{"rendered":"https:\/\/www.europesays.com\/pl\/327664\/"},"modified":"2026-03-26T07:52:07","modified_gmt":"2026-03-26T07:52:07","slug":"adam-glapinski-stanie-przed-trybunalem-stanu-to-moze-stac-sie-powodem","status":"publish","type":"post","link":"https:\/\/www.europesays.com\/pl\/327664\/","title":{"rendered":"Adam Glapi\u0144ski stanie przed Trybuna\u0142em Stanu? &#8222;To mo\u017ce sta\u0107 si\u0119 powodem&#8221;"},"content":{"rendered":"<p>Postawienie Adama Glapi\u0144skiego przed Trybuna\u0142em Stanu od pocz\u0105tku by\u0142o jednym z najwa\u017cniejszych punkt\u00f3w programu obecnej koalicji rz\u0105dz\u0105cej. Do tej pory nie zosta\u0142y jednak poczynione w tym kierunku \u017cadne kroki. Teraz rz\u0105dz\u0105cy maj\u0105 nowy pomys\u0142.<\/p>\n<p> Dalszy ci\u0105g artyku\u0142u pod materia\u0142em wideo <\/p>\n<p>\u2014 Swoim zachowaniem w sprawie SAFE prezes Adam Glapi\u0144ski daje podstawy do zarzut\u00f3w o z\u0142amanie zasady apolityczno\u015bci banku centralnego. To mo\u017ce sta\u0107 si\u0119 powodem do skierowania nowej skargi do Komisji Odpowiedzialno\u015bci Konstytucyjnej lub po prostu uzupe\u0142nienia dotychczasowych zarzut\u00f3w \u2014 m\u00f3wi w rozmowie z Wirtualn\u0105 Polsk\u0105 szef sejmowej komisji finans\u00f3w publicznych Janusz Cicho\u0144 (KO).<\/p>\n<p>     Adam Glapi\u0144ski stanie przed Trybuna\u0142em Stanu?Cicho\u0144 twierdzi, \u017ce <a href=\"https:\/\/wiadomosci.onet.pl\/kraj\/karol-nawrocki-o-polskim-safe-0-proc-suwerenna-alternatywa\/j9px003\" id=\"0ef14910-8323-459d-a5be-fab5df75923e\" rel=\"nofollow noopener\" target=\"_blank\">udzia\u0142 szefa NBP w konferencji prezydenta dotycz\u0105cej projektu ustawy o &#8222;SAFE 0 proc.&#8221;<\/a> oraz uzale\u017cnienie wyp\u0142aty zysku z NBP od przyj\u0119cia ustawy autorstwa Karola Nawrockiego to dzia\u0142ania, kt\u00f3re mo\u017cna uzna\u0107 za zaanga\u017cowanie w bie\u017c\u0105c\u0105 polityk\u0119.<\/p>\n<p>Pose\u0142 podkre\u015bli\u0142, \u017ce takie post\u0119powanie mo\u017ce by\u0107 traktowane jako z\u0142amanie konstytucji RP oraz ustawy o NBP.<\/p>\n<p>W artykule 3. tej ustawy jasno wskazuje si\u0119, \u017ce &#8222;podstawowym celem dzia\u0142alno\u015bci NBP jest utrzymanie stabilnego poziomu cen, przy jednoczesnym wspieraniu polityki gospodarczej Rz\u0105du, o ile nie ogranicza to podstawowego celu NBP&#8221;.<\/p>\n","protected":false},"excerpt":{"rendered":"Postawienie Adama Glapi\u0144skiego przed Trybuna\u0142em Stanu od pocz\u0105tku by\u0142o jednym z najwa\u017cniejszych punkt\u00f3w programu obecnej koalicji rz\u0105dz\u0105cej. Do&hellip;\n","protected":false},"author":2,"featured_media":327665,"comment_status":"","ping_status":"","sticky":false,"template":"","format":"standard","meta":{"footnotes":"","_share_on_mastodon":"0"},"categories":[12],"tags":[15716,32,33,36,37,27,43,7107,49,34,35,28,31,48,15715,25,46,42,38,40,39,41,9297,8465,47,29,30,789,26],"class_list":["post-327664","post","type-post","status-publish","format-standard","has-post-thumbnail","category-polska","tag-adam_glapinski","tag-breaking-news","tag-breakingnews","tag-featured-news","tag-featurednews","tag-headlines","tag-karol_nawrocki","tag-koalicja_rzadzaca","tag-kraj","tag-latest-news","tag-latestnews","tag-naglowki","tag-najwazniejsze-artykuly","tag-nat_styl","tag-nbp_narodowy_bank_polski","tag-news","tag-omp","tag-pl","tag-poland","tag-polish","tag-polska","tag-polski","tag-przemysl_zbrojeniowy","tag-safe","tag-screening_general","tag-top-stories","tag-topstories","tag-trybunal_stanu","tag-wiadomosci"],"share_on_mastodon":{"url":"https:\/\/pubeurope.com\/@pl\/116294395097701635","error":""},"_links":{"self":[{"href":"https:\/\/www.europesays.com\/pl\/wp-json\/wp\/v2\/posts\/327664","targetHints":{"allow":["GET"]}}],"collection":[{"href":"https:\/\/www.europesays.com\/pl\/wp-json\/wp\/v2\/posts"}],"about":[{"href":"https:\/\/www.europesays.com\/pl\/wp-json\/wp\/v2\/types\/post"}],"author":[{"embeddable":true,"href":"https:\/\/www.europesays.com\/pl\/wp-json\/wp\/v2\/users\/2"}],"replies":[{"embeddable":true,"href":"https:\/\/www.europesays.com\/pl\/wp-json\/wp\/v2\/comments?post=327664"}],"version-history":[{"count":0,"href":"https:\/\/www.europesays.com\/pl\/wp-json\/wp\/v2\/posts\/327664\/revisions"}],"wp:featuredmedia":[{"embeddable":true,"href":"https:\/\/www.europesays.com\/pl\/wp-json\/wp\/v2\/media\/327665"}],"wp:attachment":[{"href":"https:\/\/www.europesays.com\/pl\/wp-json\/wp\/v2\/media?parent=327664"}],"wp:term":[{"taxonomy":"category","embeddable":true,"href":"https:\/\/www.europesays.com\/pl\/wp-json\/wp\/v2\/categories?post=327664"},{"taxonomy":"post_tag","embeddable":true,"href":"https:\/\/www.europesays.com\/pl\/wp-json\/wp\/v2\/tags?post=327664"}],"curies":[{"name":"wp","href":"https:\/\/api.w.org\/{rel}","templated":true}]}}