{"id":327895,"date":"2026-03-26T10:11:09","date_gmt":"2026-03-26T10:11:09","guid":{"rendered":"https:\/\/www.europesays.com\/pl\/327895\/"},"modified":"2026-03-26T10:11:09","modified_gmt":"2026-03-26T10:11:09","slug":"arkadiusz-myrcha-uderza-w-karola-nawrockiego-chodzi-o-wizyte-na-wegrzech","status":"publish","type":"post","link":"https:\/\/www.europesays.com\/pl\/327895\/","title":{"rendered":"Arkadiusz Myrcha uderza w Karola Nawrockiego. Chodzi o wizyt\u0119 na W\u0119grzech"},"content":{"rendered":"<p class=\"Paragraph_desktopParagraph__U31Gm\">Kilka dni temu Karol Nawrocki pojecha\u0142 na W\u0119gry, gdzie spotka\u0142 si\u0119 z premierem tego kraju Viktorem Orbanem. <a href=\"https:\/\/wiadomosci.onet.pl\/kraj\/karol-nawrocki-spotkal-sie-z-orbanem-polacy-ocenili-ruch-prezydenta-sondaz\/gnz66mm\" id=\"903362f1-a76d-4fce-83f8-1bacd52a23bd\" rel=\"nofollow noopener\" target=\"_blank\">Jak pisali\u015bmy w Onecie,<\/a> Polacy s\u0105 podzieleni w ocenie tej wizyty. \u2014 Do\u015b\u0107 surowa ocena rz\u0105d\u00f3w Viktora Orbana [w\u015br\u00f3d Polak\u00f3w] to efekt tego, co w kraju s\u0142yszymy. Przede wszystkim <a href=\"https:\/\/wiadomosci.onet.pl\/swiat\/wegry-i-slowacja-blokuja-pomoc-dla-ukrainy-viktor-orban-stawia-warunek\/s2sd9xm\" id=\"c3f258b0-3bf0-4dc4-92f1-7b3b5c08973d\" rel=\"nofollow noopener\" target=\"_blank\">blokowanie pomocy dla Ukrainy.<\/a> To jest co\u015b, co wielu naszym obywatelom nie mie\u015bci si\u0119 w g\u0142owie \u2014 komentuje Myrcha.<\/p>\n<p class=\"VideoPlayerText_videoPlayerText__iDwyz\">Dalszy ci\u0105g materia\u0142u pod wideo<\/p>\n<p>&#8222;W\u0119gierskie w\u0142adze mentalnie wysz\u0142y z UE&#8221; <\/p>\n<p class=\"Paragraph_desktopParagraph__U31Gm\">Wiceminister odni\u00f3s\u0142 si\u0119 tak\u017ce do ujawnionych w ostatnich dniach informacji <a href=\"https:\/\/wiadomosci.onet.pl\/swiat\/peter-szijjarto-o-swoich-kontaktach-z-moskwa-riposta-radoslawa-sikorskiego\/zz459y9\" id=\"d354b1fb-378b-44a0-ab8a-6f09245dcc34\" rel=\"nofollow noopener\" target=\"_blank\">o kontaktach jednego z w\u0119gierskich ministr\u00f3w z Kremlem. <\/a> \u2014 Nie spotka\u0142em si\u0119 od czas\u00f3w obalenia bloku komunistycznego w Europie, \u017ceby jacy\u015b politycy europejscy tak blisko wsp\u00f3\u0142pracowali z Kremlem \u2014 stwierdza Myrcha, nazywaj\u0105c dzia\u0142ania w\u0119gierskiego polityka &#8222;najgorsz\u0105 konfidencj\u0105&#8221;. <\/p>\n<p class=\"Paragraph_desktopParagraph__U31Gm\">\u2014 Dawanie schronienia osobom \u015bciganym przez wymiar sprawiedliwo\u015bci. Przecie\u017c tam znale\u017ali schronienie nie tylko polscy politycy. To pokazuje, \u017ce w\u0142adze w\u0119gierskie dawno mentalnie wysz\u0142y z UE, \u017ce \u015bwietnie si\u0119 czuj\u0105 w towarzystwie Putina i jego urz\u0119dnik\u00f3w i dzisiaj pojechanie tam i jawne wspieranie, to jest jak wyj\u015b\u0107 i powiedzie\u0107: &#8222;popieram Putina, Kreml i ich polityk\u0119, wszystko, co robi\u0105 wobec Ukrainy i Europy&#8221; \u2014 m\u00f3wi wiceminister sprawiedliwo\u015bci. <\/p>\n<p>Przed prezydentem stoi wa\u017cne wyzwanie. Wiceminister: zobaczymy, czy skorzysta z szansy <\/p>\n<p class=\"Paragraph_desktopParagraph__U31Gm\">Prowadz\u0105ca rozmow\u0119 Joanna G\u00f3rska zwraca politykowi uwag\u0119, \u017ce <a href=\"https:\/\/wiadomosci.onet.pl\/kraj\/karol-nawrocki-starl-sie-z-dziennikarzem-tvn24-pan-sie-ogarnie-i-slucha\/bwnshej\" id=\"8bad1fb5-6b6d-4da3-96c3-94ea9b45b85a\" rel=\"nofollow noopener\" target=\"_blank\">Nawrocki kilka dni temu jasno zaznaczy\u0142, \u017ce uwa\u017ca Putina za zbrodniarza<\/a>. \u2014 To w takim razie my inaczej definiujemy, jak powinna wygl\u0105da\u0107 polityka wzgl\u0119dem zbrodniarza. W mojej ocenie, je\u015bli kto\u015b jest zbrodniarzem, to ja jako polityk powinienem podejmowa\u0107 wszystkie czynno\u015bci, kt\u00f3re utrudni\u0105 mu dzia\u0142anie i powstrzymywa\u0107 si\u0119 od jakichkolwiek dzia\u0142a\u0144, kt\u00f3re temu zbrodniarzowi mog\u0142yby pom\u00f3c \u2014 odpowiada Myrcha. Zaznacza, \u017ce utrzymywanie Orbana przy w\u0142adzy jest gestem sympatii wobec Rosji. <\/p>\n<p class=\"Paragraph_desktopParagraph__U31Gm\">Wiceminister pytany by\u0142 tak\u017ce o <a href=\"https:\/\/wiadomosci.onet.pl\/kraj\/karol-nawrocki-leci-do-usa-wiemy-co-ze-spotkaniem-z-donaldem-trumpem\/0gsh613\" id=\"95c35145-b9de-43f0-85c7-6ed50b51bd54\" rel=\"nofollow noopener\" target=\"_blank\">zaplanowan\u0105 wizyt\u0119 Nawrockiego w USA, gdzie wyst\u0105pi\u0107 ma na konferencji konserwatyst\u00f3w CPAC.<\/a> Polityk stwierdza, \u017ce wyprawa do USA jest lepsza ni\u017c na W\u0119gry. \u2014 Ale to jest du\u017ce wyzwanie dla pana prezydenta, \u017ceby jad\u0105c tam, troch\u0119 wykorzysta\u0142 to spotkanie, \u017ceby przedstawi\u0107 polski punkt widzenia na bie\u017c\u0105ce wydarzenia na \u015bwiecie, polsk\u0105 racj\u0119 stanu, to, co si\u0119 dzieje za nasz\u0105 wschodni\u0105 granic\u0105, co w USA bywa tematem du\u017co dalszym, ale te\u017c w razie czego zareagowa\u0107, je\u015bli pojawia\u0142yby si\u0119 g\u0142osy antyukrai\u0144skie czy antyeuropejskie \u2014 m\u00f3wi. \u2014 Zobaczymy, czy on z tej szansy skorzysta \u2014 dodaje. <\/p>\n","protected":false},"excerpt":{"rendered":"Kilka dni temu Karol Nawrocki pojecha\u0142 na W\u0119gry, gdzie spotka\u0142 si\u0119 z premierem tego kraju Viktorem Orbanem. Jak&hellip;\n","protected":false},"author":2,"featured_media":327896,"comment_status":"","ping_status":"","sticky":false,"template":"","format":"standard","meta":{"footnotes":"","_share_on_mastodon":"0"},"categories":[12],"tags":[22665,32,33,36,37,27,67,240,34,35,28,31,53,25,3935,52,68,51,55,42,38,40,39,41,47,59,29,30,65,50,1233,1234,26,418],"class_list":["post-327895","post","type-post","status-publish","format-standard","has-post-thumbnail","category-polska","tag-arkadiusz_myrcha","tag-breaking-news","tag-breakingnews","tag-featured-news","tag-featurednews","tag-headlines","tag-intextvideo_splayer","tag-karol_nawrocki_prezydent","tag-latest-news","tag-latestnews","tag-naglowki","tag-najwazniejsze-artykuly","tag-new_header","tag-news","tag-onet_rano_program_wideo","tag-onet3","tag-onet3d","tag-onet3d_2i","tag-phx","tag-pl","tag-poland","tag-polish","tag-polska","tag-polski","tag-screening_general","tag-stany_zjednoczone_usa","tag-top-stories","tag-topstories","tag-update_me","tag-v2021","tag-viktor_orban_wegierski_polityk","tag-wegry_wegier_wegierka_wegrzy","tag-wiadomosci","tag-wladimir_putin_rosyjski_prezydent"],"share_on_mastodon":{"url":"","error":"Validation failed: Text character limit of 500 exceeded"},"_links":{"self":[{"href":"https:\/\/www.europesays.com\/pl\/wp-json\/wp\/v2\/posts\/327895","targetHints":{"allow":["GET"]}}],"collection":[{"href":"https:\/\/www.europesays.com\/pl\/wp-json\/wp\/v2\/posts"}],"about":[{"href":"https:\/\/www.europesays.com\/pl\/wp-json\/wp\/v2\/types\/post"}],"author":[{"embeddable":true,"href":"https:\/\/www.europesays.com\/pl\/wp-json\/wp\/v2\/users\/2"}],"replies":[{"embeddable":true,"href":"https:\/\/www.europesays.com\/pl\/wp-json\/wp\/v2\/comments?post=327895"}],"version-history":[{"count":0,"href":"https:\/\/www.europesays.com\/pl\/wp-json\/wp\/v2\/posts\/327895\/revisions"}],"wp:featuredmedia":[{"embeddable":true,"href":"https:\/\/www.europesays.com\/pl\/wp-json\/wp\/v2\/media\/327896"}],"wp:attachment":[{"href":"https:\/\/www.europesays.com\/pl\/wp-json\/wp\/v2\/media?parent=327895"}],"wp:term":[{"taxonomy":"category","embeddable":true,"href":"https:\/\/www.europesays.com\/pl\/wp-json\/wp\/v2\/categories?post=327895"},{"taxonomy":"post_tag","embeddable":true,"href":"https:\/\/www.europesays.com\/pl\/wp-json\/wp\/v2\/tags?post=327895"}],"curies":[{"name":"wp","href":"https:\/\/api.w.org\/{rel}","templated":true}]}}