{"id":327996,"date":"2026-03-26T11:08:08","date_gmt":"2026-03-26T11:08:08","guid":{"rendered":"https:\/\/www.europesays.com\/pl\/327996\/"},"modified":"2026-03-26T11:08:08","modified_gmt":"2026-03-26T11:08:08","slug":"jaroslaw-kaczynski-uderza-w-ko-po-wyroku-dla-bylej-dzialaczki","status":"publish","type":"post","link":"https:\/\/www.europesays.com\/pl\/327996\/","title":{"rendered":"Jaros\u0142aw Kaczy\u0144ski uderza w KO po wyroku dla by\u0142ej dzia\u0142aczki"},"content":{"rendered":"<p>Od kilku dni prawicowi politycy i dziennikarze \u017cyj\u0105 &#8222;afer\u0105 pedofilsk\u0105 w KO&#8221;, w kt\u00f3rej skazani zostali by\u0142a dzia\u0142aczka Koalicji Obywatelskiej oraz jej m\u0105\u017c. G\u0142os w tej sprawie zabra\u0142 tak\u017ce Jaros\u0142aw Kaczy\u0144ski. <\/p>\n<p> Dalszy ci\u0105g artyku\u0142u pod materia\u0142em wideo <\/p>\n<p>&#8222;Od wielu dni jeste\u015bmy zmro\u017ceni kolejnymi szokuj\u0105cymi informacjami na temat przypadk\u00f3w pedofilii w\u015br\u00f3d dzia\u0142aczy KO. Z\u0142o\u015b\u0107 miesza si\u0119 z niedowierzaniem. Tyle lat\u2026 cierpienia i krzywd. Nie wiedzieli? Czy inni mieli si\u0119 nie dowiedzie\u0107? Milcz\u0105. Wymownie. Jak s\u0105dzicie, powo\u0142any zostanie zesp\u00f3\u0142 prokurator\u00f3w ds. zbadania tych odra\u017caj\u0105cych przypadk\u00f3w w KO?&#8221; \u2014 brzmi wpis na koncie prezesa PiS w serwisie X.<\/p>\n<p>W czwartek 26 marca o godz. 13 w Sejmie odb\u0119dzie si\u0119 posiedzenie sk\u0142adaj\u0105cego si\u0119 z pos\u0142\u00f3w PiS Parlamentarnego Zespo\u0142u Przeciwdzia\u0142ania Bezprawiu na temat &#8222;afery pedofilsko-zoofilskiej w Koalicji Obywatelskiej&#8221;.<\/p>\n<p>Sprawa dzia\u0142aczki KO. Jej m\u0105\u017c skazany na 25 lat m.in. za gwa\u0142t i zoofili\u0119<\/p>\n<p>Kulisy sprawy jako pierwsza opisa\u0142a &#8222;Gazeta Wyborcza&#8221;. S\u0105d Okr\u0119gowy w \u015awidnicy skaza\u0142 na 6,5 roku wi\u0119zienia kobiet\u0119 oskar\u017con\u0105 o zoofili\u0119 i brak reakcji na krzywdzenie dziecka przez m\u0119\u017ca. Wed\u0142ug s\u0105du trwa\u0142o to 11 lat. <\/p>\n<p>Wyrok nie jest prawomocny. Prokuratura, kt\u00f3ra wnioskowa\u0142a o 18 lat wi\u0119zienia dla oskar\u017conej, b\u0119dzie sk\u0142ada\u0107 apelacj\u0119. Gazeta zwraca uwag\u0119, \u017ce z decyzj\u0105 s\u0105du nie zgadza si\u0119 tak\u017ce obrona oskar\u017conej, wed\u0142ug kt\u00f3rej skazana jest ofiar\u0105 m\u0119\u017ca, a nie wsp\u00f3\u0142odpowiedzialna za jego zbrodnie. <\/p>\n<p>     <a href=\"https:\/\/wiadomosci.onet.pl\/wroclaw\/popelnil-okrutne-przestepstwa-wobec-dzieci-i-zwierzat-sad-wydal-wyrok\/wm60z4p\" id=\"28ef8244-aa23-46fd-8933-9d57415913f5\" rel=\"nofollow noopener\" target=\"_blank\">M\u0119\u017cczyzna zosta\u0142 nieprawomocnie skazany na 25 lat wi\u0119zienia<\/a>. S\u0105d potwierdzi\u0142, \u017ce dopu\u015bci\u0142 si\u0119 26 przest\u0119pstw, w tym zgwa\u0142cenia, doprowadzenia do poddania si\u0119 innym czynno\u015bciom seksualnym i zn\u0119cania si\u0119 nad zwierz\u0119tami.<\/p>\n<p>W 2023 r. by\u0142y m\u0105\u017c zosta\u0142 zatrzymany w Szwecji. W\u015br\u00f3d zgromadzonych dowod\u00f3w obci\u0105\u017caj\u0105cych m\u0119\u017cczyzn\u0119 s\u0105 nagrania pornograficzne z udzia\u0142em zwierz\u0105t. Na filmach znalaz\u0142a si\u0119 tak\u017ce \u017cona. Prokuratura ustali\u0142a, \u017ce by\u0142a nagrywana bez swojej zgody. Ostatecznie, po przeprowadzeniu osobnego \u015bledztwa, us\u0142ysza\u0142a zarzuty zwi\u0105zane z zoofili\u0105.<\/p>\n<p>W 2023 r. kobieta dzia\u0142a\u0142a w Platformie Obywatelskiej. Przez dziewi\u0119\u0107 miesi\u0119cy nie m\u00f3wi\u0142a o ci\u0105\u017c\u0105cych na niej zarzutach kolegom z ugrupowania \u2014 zwraca uwag\u0119 &#8222;Wyborcza&#8221;. Przedstawia\u0142a si\u0119 jako ofiara siedz\u0105cego w areszcie m\u0119\u017ca. W marcu 2024 r. poinformowa\u0142a lokalne w\u0142adze partii o tym, \u017ce prokuratura chce jej postawi\u0107 zarzuty. Na polecenie zrezygnowa\u0142a z cz\u0142onkostwa.<\/p>\n","protected":false},"excerpt":{"rendered":"Od kilku dni prawicowi politycy i dziennikarze \u017cyj\u0105 &#8222;afer\u0105 pedofilsk\u0105 w KO&#8221;, w kt\u00f3rej skazani zostali by\u0142a dzia\u0142aczka&hellip;\n","protected":false},"author":2,"featured_media":327997,"comment_status":"","ping_status":"","sticky":false,"template":"","format":"standard","meta":{"footnotes":"","_share_on_mastodon":"0"},"categories":[5],"tags":[32,33,36,37,27,422,7210,49,34,35,28,31,48,25,46,529,42,8926,38,40,39,41,47,29,30,26],"class_list":["post-327996","post","type-post","status-publish","format-standard","has-post-thumbnail","category-naglowki","tag-breaking-news","tag-breakingnews","tag-featured-news","tag-featurednews","tag-headlines","tag-jaroslaw_kaczynski","tag-koalicja_obywatelska","tag-kraj","tag-latest-news","tag-latestnews","tag-naglowki","tag-najwazniejsze-artykuly","tag-nat_styl","tag-news","tag-omp","tag-pis","tag-pl","tag-platforma_obywatelska","tag-poland","tag-polish","tag-polska","tag-polski","tag-screening_general","tag-top-stories","tag-topstories","tag-wiadomosci"],"share_on_mastodon":{"url":"https:\/\/pubeurope.com\/@pl\/116295165873172340","error":""},"_links":{"self":[{"href":"https:\/\/www.europesays.com\/pl\/wp-json\/wp\/v2\/posts\/327996","targetHints":{"allow":["GET"]}}],"collection":[{"href":"https:\/\/www.europesays.com\/pl\/wp-json\/wp\/v2\/posts"}],"about":[{"href":"https:\/\/www.europesays.com\/pl\/wp-json\/wp\/v2\/types\/post"}],"author":[{"embeddable":true,"href":"https:\/\/www.europesays.com\/pl\/wp-json\/wp\/v2\/users\/2"}],"replies":[{"embeddable":true,"href":"https:\/\/www.europesays.com\/pl\/wp-json\/wp\/v2\/comments?post=327996"}],"version-history":[{"count":0,"href":"https:\/\/www.europesays.com\/pl\/wp-json\/wp\/v2\/posts\/327996\/revisions"}],"wp:featuredmedia":[{"embeddable":true,"href":"https:\/\/www.europesays.com\/pl\/wp-json\/wp\/v2\/media\/327997"}],"wp:attachment":[{"href":"https:\/\/www.europesays.com\/pl\/wp-json\/wp\/v2\/media?parent=327996"}],"wp:term":[{"taxonomy":"category","embeddable":true,"href":"https:\/\/www.europesays.com\/pl\/wp-json\/wp\/v2\/categories?post=327996"},{"taxonomy":"post_tag","embeddable":true,"href":"https:\/\/www.europesays.com\/pl\/wp-json\/wp\/v2\/tags?post=327996"}],"curies":[{"name":"wp","href":"https:\/\/api.w.org\/{rel}","templated":true}]}}