{"id":32821,"date":"2025-10-05T12:40:08","date_gmt":"2025-10-05T12:40:08","guid":{"rendered":"https:\/\/www.europesays.com\/pl\/32821\/"},"modified":"2025-10-05T12:40:08","modified_gmt":"2025-10-05T12:40:08","slug":"sergiusz-hieronimczak-nie-zyje-byl-finalista-top-chef-polska","status":"publish","type":"post","link":"https:\/\/www.europesays.com\/pl\/32821\/","title":{"rendered":"Sergiusz Hieronimczak nie \u017cyje. By\u0142 finalist\u0105 &#8222;Top Chef Polska&#8221;"},"content":{"rendered":"<p class=\"ods-c-paragraph\">Sergiusz Hieronimczak by\u0142 jednym z najbardziej cenionych szef\u00f3w kuchni w Poznaniu. Szersza publiczno\u015b\u0107 pozna\u0142a go w 2015 r. za spraw\u0105 udzia\u0142u w pi\u0105tej edycji programu &#8222;Top Chef&#8221;, w kt\u00f3rej dotar\u0142 a\u017c do fina\u0142u.<\/p>\n<p>Dalszy ci\u0105g artyku\u0142u pod materia\u0142em wideo<\/p>\n<p> Kiedy Sergiusz Hieronimczak zmar\u0142? <\/p>\n<p> Jakie by\u0142y osi\u0105gni\u0119cia Sergiusza Hieronimczaka? <\/p>\n<p> Jak\u0105 szko\u0142\u0119 kulinarn\u0105 uko\u0144czy\u0142 Sergiusz Hieronimczak? <\/p>\n<p> Jak zareagowa\u0142a rodzina na \u015bmier\u0107 Sergiusza Hieronimczaka? <\/p>\n<p>  Sergiusz Hieronimczak nie \u017cyje<\/p>\n<p class=\"ods-c-paragraph\">Smutn\u0105 informacj\u0119 o \u015bmierci Sergiusza Hieronimczaka potwierdzi\u0142a jego rodzina. Na oficjalnym profilu kucharza na Facebooku pojawi\u0142 si\u0119 poruszaj\u0105cy wpis:<\/p>\n<blockquote class=\"ods-o-quota\">\n<p class=\"ods-o-quota__paragraph\">Z g\u0142\u0119bokim \u017calem informujemy \u017ce dnia dzisiejszego nasz ukochany m\u0105\u017c, ojciec i syn Sergiusz od nas odszed\u0142. O dniu pogrzebu poinformujemy na dniach.<\/p>\n<\/blockquote>\n<p class=\"ods-c-paragraph\">O \u015bmierci kucharza poinformowa\u0142 r\u00f3wnie\u017c bran\u017cowy serwis Papaja.pl. &#8222;Z wielkim \u017calem zawiadamiamy, \u017ce odszed\u0142 nasz Kolega z bran\u017cy i Przyjaciel Sergiusz Hieronimczak. O dacie i miejscu ostatniego po\u017cegnania poinformujemy w najbli\u017cszych dniach&#8221; \u2013 przekazano.<\/p>\n<p class=\"ods-c-paragraph\">Co ciekawe, Sergiusz Hieronimczak z wykszta\u0142cenia by\u0142 politologiem. Ostatecznie porzuci\u0142 obran\u0105 wcze\u015bniej \u015bcie\u017ck\u0119 zawodow\u0105, by w pe\u0142ni po\u015bwi\u0119ci\u0107 si\u0119 gotowaniu. Przez blisko dekad\u0119 pracowa\u0142 w Londynie, doskonal\u0105c sw\u00f3j warsztat w presti\u017cowych lokalach, m.in. Mandarin Oriental i Wyndham Grand na Chelsea Harbour. Uko\u0144czy\u0142 tak\u017ce renomowan\u0105 szko\u0142\u0119 kulinarn\u0105 Westminster Kingsway College.<\/p>\n<p class=\"ods-c-paragraph\">Dzi\u0119kujemy, \u017ce przeczyta\u0142a\u015b\/e\u015b nasz artyku\u0142 do ko\u0144ca. W serwisie Plejada.pl ka\u017cdego dnia piszemy o najwa\u017cniejszych wydarzeniach show-biznesowych. B\u0105d\u017a na bie\u017c\u0105co! <a rel=\"nofollow noopener\" href=\"https:\/\/news.google.com\/publications\/CAAiEF0PeAlb7W1llpV_mwV2rL4qFAgKIhBdD3gJW-1tZZaVf5sFdqy-?hl=pl&amp;gl=PL&amp;ceid=PL%3Apl\" id=\"a13bc9ef-ced2-4bdd-bae2-dfd8e084f121\" target=\"_blank\">Obserwuj<\/a> Plejad\u0119 w Wiadomo\u015bciach Google. Odwied\u017a nas tak\u017ce na <a rel=\"nofollow noopener\" href=\"https:\/\/www.facebook.com\/plejadapl\" id=\"857ac4a2-34a5-4442-818d-b9be597e3ac9\" target=\"_blank\">Facebooku<\/a>, <a rel=\"nofollow noopener\" href=\"https:\/\/www.instagram.com\/plejadapl\/\" id=\"5b7b1d90-66fb-47b6-be4c-4a84fb239b4b\" target=\"_blank\">Instagramie<\/a>, <a rel=\"nofollow noopener\" href=\"https:\/\/www.youtube.com\/c\/plejada\" id=\"c6effcb8-f687-474c-b5bd-5c2a29599975\" target=\"_blank\">YouTubie<\/a> oraz <a rel=\"nofollow noopener\" href=\"https:\/\/www.tiktok.com\/@plejada_pl\" id=\"d7e4f31c-c469-4bde-a4a8-9370d54b8397\" target=\"_blank\">TikToku<\/a>.<\/p>\n<p class=\"ods-c-paragraph\">Chcesz podzieli\u0107 si\u0119 ciekawym newsem lub zaproponowa\u0107 temat? Skontaktuj si\u0119 z nami, pisz\u0105c maila na adres: plejada@redakcjaonet.pl.<\/p>\n<p><script async src=\"\/\/www.instagram.com\/embed.js\"><\/script><script async src=\"\/\/www.tiktok.com\/embed.js\"><\/script><\/p>\n","protected":false},"excerpt":{"rendered":"Sergiusz Hieronimczak by\u0142 jednym z najbardziej cenionych szef\u00f3w kuchni w Poznaniu. Szersza publiczno\u015b\u0107 pozna\u0142a go w 2015 r.&hellip;\n","protected":false},"author":2,"featured_media":32822,"comment_status":"","ping_status":"","sticky":false,"template":"","format":"standard","meta":{"footnotes":""},"categories":[5],"tags":[32,33,36,37,27,34,35,28,31,48,25,125,46,42,38,40,263,39,41,47,29,9719,30,26],"class_list":{"0":"post-32821","1":"post","2":"type-post","3":"status-publish","4":"format-standard","5":"has-post-thumbnail","7":"category-naglowki","8":"tag-breaking-news","9":"tag-breakingnews","10":"tag-featured-news","11":"tag-featurednews","12":"tag-headlines","13":"tag-latest-news","14":"tag-latestnews","15":"tag-naglowki","16":"tag-najwazniejsze-artykuly","17":"tag-nat_styl","18":"tag-news","19":"tag-newsy","20":"tag-omp","21":"tag-pl","22":"tag-poland","23":"tag-polish","24":"tag-polsat","25":"tag-polska","26":"tag-polski","27":"tag-screening_general","28":"tag-top-stories","29":"tag-top_chef","30":"tag-topstories","31":"tag-wiadomosci"},"share_on_mastodon":{"url":"","error":""},"_links":{"self":[{"href":"https:\/\/www.europesays.com\/pl\/wp-json\/wp\/v2\/posts\/32821","targetHints":{"allow":["GET"]}}],"collection":[{"href":"https:\/\/www.europesays.com\/pl\/wp-json\/wp\/v2\/posts"}],"about":[{"href":"https:\/\/www.europesays.com\/pl\/wp-json\/wp\/v2\/types\/post"}],"author":[{"embeddable":true,"href":"https:\/\/www.europesays.com\/pl\/wp-json\/wp\/v2\/users\/2"}],"replies":[{"embeddable":true,"href":"https:\/\/www.europesays.com\/pl\/wp-json\/wp\/v2\/comments?post=32821"}],"version-history":[{"count":0,"href":"https:\/\/www.europesays.com\/pl\/wp-json\/wp\/v2\/posts\/32821\/revisions"}],"wp:featuredmedia":[{"embeddable":true,"href":"https:\/\/www.europesays.com\/pl\/wp-json\/wp\/v2\/media\/32822"}],"wp:attachment":[{"href":"https:\/\/www.europesays.com\/pl\/wp-json\/wp\/v2\/media?parent=32821"}],"wp:term":[{"taxonomy":"category","embeddable":true,"href":"https:\/\/www.europesays.com\/pl\/wp-json\/wp\/v2\/categories?post=32821"},{"taxonomy":"post_tag","embeddable":true,"href":"https:\/\/www.europesays.com\/pl\/wp-json\/wp\/v2\/tags?post=32821"}],"curies":[{"name":"wp","href":"https:\/\/api.w.org\/{rel}","templated":true}]}}