{"id":328822,"date":"2026-03-26T19:09:13","date_gmt":"2026-03-26T19:09:13","guid":{"rendered":"https:\/\/www.europesays.com\/pl\/328822\/"},"modified":"2026-03-26T19:09:13","modified_gmt":"2026-03-26T19:09:13","slug":"kulisy-horroru-w-klodzku-ojczym-gwalcil-pasierbice-matka-nie-pomogla","status":"publish","type":"post","link":"https:\/\/www.europesays.com\/pl\/328822\/","title":{"rendered":"Kulisy horroru w K\u0142odzku. Ojczym gwa\u0142ci\u0142 pasierbic\u0119, matka nie pomog\u0142a"},"content":{"rendered":"<p>Spraw\u0105 &#8222;pedofilii w k\u0142odzkiej Koalicji Obywatelskiej&#8221; \u2014 jak te wydarzenia zw\u0105 prawicowe media i politycy PiS \u2014 od kilku dni \u017cyje polski polityczny Internet. Wszystko za spraw\u0105 wyroku wydanego 19 marca przez S\u0105d Okr\u0119gowy w \u015awidnicy wobec Kamili W. (wcze\u015bniej u\u017cywaj\u0105cej nazwiska L. po m\u0119\u017cu), skazanej nieprawomocnie na sze\u015b\u0107 i p\u00f3\u0142 roku wi\u0119zienia. Emocje budzi to, \u017ce kobieta by\u0142a w przesz\u0142o\u015bci zwi\u0105zana z Platform\u0105 Obywatelsk\u0105.<\/p>\n<p><a href=\"https:\/\/kobieta.onet.pl\/wiadomosci\/przez-10-lat-byla-swiadkiem-przestepstw-meza-wobec-dziecka-uslyszala-wyrok\/7y4qbkg\" id=\"660e3ef9-2967-498e-a642-800d514e49e0\" rel=\"nofollow noopener\" target=\"_blank\">O samym wyroku informowali\u015bmy w Onecie.<\/a> <\/p>\n<p>Teraz \u2014 poniewa\u017c sprawa przesta\u0142a by\u0107 wy\u0142\u0105cznie odpychaj\u0105c\u0105 histori\u0105 kryminaln\u0105, a sta\u0142a si\u0119 elementem wojny politycznej \u2014 przedstawiamy jej drastyczne szczeg\u00f3\u0142y.<\/p>\n<p> <img decoding=\"async\" src=\"https:\/\/www.europesays.com\/pl\/wp-content\/uploads\/2026\/03\/LhDk9lBaHR0cHM6Ly9vY2RuLmV1L3B1bHNjbXMvTURBXy80ODFiNjkzYzFkMTk5YzU0ZjQyYWFmYmE2MWFlNmUxOC5qcGeRlQLNB.jpeg\" height=\"300\" width=\"300\" alt=\"Plakat wyborczy Kamili W. z wybor\u00f3w samorz\u0105dowych w 2018 r., kiedy startowa\u0142a ona z listy Platformy Obywatelskiej w wyborach do Rady Powiatu K\u0142odzkiego \" loading=\"lazy\" class=\"ods-c-image__img ods-c-image__img--viewport-width\"\/> <\/p>\n<p>Plakat wyborczy Kamili W. z wybor\u00f3w samorz\u0105dowych w 2018 r., kiedy startowa\u0142a ona z listy Platformy Obywatelskiej w wyborach do Rady Powiatu K\u0142odzkiego\u0179r\u00f3d\u0142o: Zdj\u0119cia w\u0142asne<\/p>\n<p>\u2014 Kamila W. zosta\u0142a uznana za winn\u0105 tego, \u017ce w okresie od 2011 r. do grudnia 2022 r. przewiduj\u0105c mo\u017cliwo\u015b\u0107 wykorzystywania seksualnego ma\u0142oletniej przez m\u0119\u017ca, w \u017caden spos\u00f3b nie przeciwdzia\u0142a\u0142a jego dzia\u0142aniom, cho\u0107 mia\u0142a taki obowi\u0105zek \u2014 przekaza\u0142a Onetowi s\u0119dzia Agnieszka Po\u0142yniak z S\u0105du Okr\u0119gowego w \u015awidnicy.<\/p>\n<p>Ma\u0142oletnia to c\u00f3rka Kamili W. z poprzedniego zwi\u0105zku, pasierbica jej m\u0119\u017ca.<\/p>\n<p>\u2014 Kiedy owa ma\u0142oletnia, wskutek fizycznego i psychicznego zn\u0119cania si\u0119 nad ni\u0105 ze szczeg\u00f3lnym okrucie\u0144stwem, usi\u0142owa\u0142a targn\u0105\u0107 si\u0119 na w\u0142asne \u017cycie, Kamila W. nie podj\u0119\u0142a \u017cadnych krok\u00f3w w celu udzielenia pokrzywdzonej niezb\u0119dnej pomocy, pomimo \u017ce wiedzia\u0142a o tych zachowaniach \u2014 opowiada s\u0119dzia Agnieszka Po\u0142yniak.<\/p>\n<p>Zdaniem s\u0105du Kamila W. by\u0142a czynn\u0105 uczestniczk\u0105 rodzinnych potworno\u015bci. Poza wyrokiem za to, \u017ce nie pomog\u0142a swej c\u00f3rce gwa\u0142conej przez m\u0119\u017ca, zosta\u0142a tak\u017ce skazana na podstawie przepis\u00f3w ustawy o ochronie zwierz\u0105t. Chodzi o to, \u017ce dopuszcza\u0142a si\u0119 zoofilii, a jej m\u0105\u017c to filmowa\u0142.<\/p>\n<p>Onet pozna\u0142 dok\u0142adnie przebieg wydarze\u0144, kt\u00f3re doprowadzi\u0142y do skazania Kamili W. Rozmawiali\u015bmy ze znaj\u0105cymi kulisy sprawy policjantami, prokuratorami i przedstawicielami s\u0105du, kt\u00f3ry \u2014 podczas niejawnych posiedze\u0144 \u2014 doprowadzi\u0142 do jej skazania.<\/p>\n<p>Normalna rodzina na zewn\u0105trz. Horror za zamkni\u0119tymi drzwiami<\/p>\n<p>Trwaj\u0105cy przez 12 lat horror zaczyna si\u0119 w 2011 r., kiedy to Kamila W. bierze \u015blub z Przemys\u0142awem L. Kobieta ma ju\u017c kilkuletni\u0105 c\u00f3rk\u0119 z poprzedniego zwi\u0105zku. Z m\u0119\u017cem doczeka si\u0119 jeszcze tr\u00f3jki innych dzieci.<\/p>\n<p>Ona dzia\u0142aczka lokalnej Platformy Obywatelskiej, przez wiele lat zatrudniona najpierw w urz\u0119dzie miasta, potem w starostwie powiatowym. On mechanik samochodowy, pracuj\u0105cy w Szwecji.<\/p>\n<p> <img decoding=\"async\" src=\"https:\/\/www.europesays.com\/pl\/wp-content\/uploads\/2026\/03\/cbXk9lBaHR0cHM6Ly9vY2RuLmV1L3B1bHNjbXMvTURBXy9lOGYzZWE0N2Q0N2UwODQxZDZmYmMyY2U3ODQ5NTdhMC5qcGeRlQLNB.jpeg\" height=\"340\" width=\"540\" alt=\"Przemys\u0142aw L. skazany nieprawomocnie na 25 lat wi\u0119zienia m.in. za gwa\u0142ty na ma\u0142oletnich \" loading=\"lazy\" class=\"ods-c-image__img ods-c-image__img--viewport-width\"\/> <\/p>\n<p>Przemys\u0142aw L. skazany nieprawomocnie na 25 lat wi\u0119zienia m.in. za gwa\u0142ty na ma\u0142oletnich\u0179r\u00f3d\u0142o: Facebookk<\/p>\n<p>Przez wiele lat uchodz\u0105 za zgodn\u0105, szcz\u0119\u015bliw\u0105 rodzin\u0119, o czym \u015bwiadcz\u0105 cz\u0119sto zamieszczane zdj\u0119cia w serwisach spo\u0142eczno\u015bciowych. Cho\u0107 dzi\u015b, kiedy spraw\u0105 \u017cyje nie tylko ca\u0142e K\u0142odzko, ale i Polska, na jaw wychodz\u0105 i inne fotografie. To publikowane cho\u0107by na Instagramie przez Kamil\u0119 W. pod pseudonimem fotografie jej samej w wyzywaj\u0105cych pozach, ale tak\u017ce zdj\u0119cia jej ma\u0142oletnich dzieci \u2014 w butach na szpilkach, czy cho\u0107by bikini.<\/p>\n<p>Cukierkowy obraz rodziny L. przerywa aresztowanie Przemys\u0142awa L. w Szwecji. W maju 2023 r. na wniosek polskiej prokuratury m\u0119\u017cczyzna zostaje deportowany do Polski.<\/p>\n<p> <img decoding=\"async\" src=\"https:\/\/www.europesays.com\/pl\/wp-content\/uploads\/2026\/03\/ACIk9lCaHR0cHM6Ly9vY2RuLmV1L3B1bHNjbXMvTURBXy8wMDNiMTlhZThlMDhmMTIyNmRmMmRjYjQ4MGIxZGEwMi5qcGVnkZUCz.jpeg\" height=\"268\" width=\"360\" alt=\"Jedno ze zdj\u0119\u0107 publikowanych przez Kamil\u0119 W. serwisach spo\u0142eczno\u015bciowych \" loading=\"lazy\" class=\"ods-c-image__img ods-c-image__img--viewport-width\"\/> <\/p>\n<p>Jedno ze zdj\u0119\u0107 publikowanych przez Kamil\u0119 W. serwisach spo\u0142eczno\u015bciowych\u0179r\u00f3d\u0142o: instagram<\/p>\n<p>\u015aledczych uruchamia doniesienie, jakie do organ\u00f3w \u015bcigania kieruje opiekun jednej z dziewczynek, skrzywdzonych przez Przemys\u0142awa L. Pedofil j\u0105 odurzy\u0142, ale zapami\u0119ta\u0142a, \u017ce zosta\u0142a przez niego wykorzystana seksualnie.<\/p>\n<p>Jak si\u0119 p\u00f3\u017aniej okaza\u0142o, materia\u0142y z wykorzystywania dziewczynek m\u0119\u017cczyzna publikowa\u0142 w sieci Darknet i sprzedawa\u0142.<\/p>\n<p>600 GB dzieci\u0119cej pornografii. &#8222;Tego si\u0119 nie da zapomnie\u0107 do ko\u0144ca \u017cycia&#8221;<\/p>\n<p>Przy zatrzymanym w Szwecji m\u0119\u017cczy\u017anie policja zabezpiecza no\u015bnik pami\u0119ci z 600 GB materia\u0142\u00f3w o charakterze pedofilskim. Na filmach i zdj\u0119ciach uwiecznione s\u0105 ma\u0142oletnie dziewczynki, cz\u0142onkinie jego rodziny. W tym r\u00f3wnie\u017c jego ma\u0142oletnia w\u00f3wczas pasierbica.<\/p>\n<p>Cz\u0119\u015b\u0107 materia\u0142\u00f3w pochodzi z K\u0142odzka, cz\u0119\u015b\u0107 zarejestrowana zosta\u0142a w Szwecji, dok\u0105d dziewczynki przyje\u017cd\u017ca\u0142y na ferie i wakacje, b\u0119d\u0105c pod jego opiek\u0105.<\/p>\n<p>Na dysku s\u0105 r\u00f3wnie\u017c materia\u0142y z udzia\u0142em zwierz\u0105t i jego \u017cony, Kamili.<\/p>\n<p> <img decoding=\"async\" src=\"https:\/\/www.europesays.com\/pl\/wp-content\/uploads\/2026\/03\/c0uk9lBaHR0cHM6Ly9vY2RuLmV1L3B1bHNjbXMvTURBXy9iNmE0ZTU4NDk5NzVhMDEyMDU5ZjdiYzZjY2ZlNGM5Mi5qcGeRlQLNB.jpeg\" height=\"381\" width=\"540\" alt=\"Przemys\u0142aw L. na rok przed swoim zatrzymaniem. Sierpie\u0144 2022 r.  \" loading=\"lazy\" class=\"ods-c-image__img ods-c-image__img--viewport-width\"\/> <\/p>\n<p>Przemys\u0142aw L. na rok przed swoim zatrzymaniem. Sierpie\u0144 2022 r.\u0179r\u00f3d\u0142o: Facebookk<\/p>\n<p>\u2014 Tego si\u0119 nie da zapomnie\u0107 do ko\u0144ca \u017cycia. Policjanci i prokuratorzy, kt\u00f3rzy musieli zaznajomi\u0107 si\u0119 ze zgromadzonym materia\u0142em dowodowym, wymagali p\u00f3\u017aniej opieki psychologicznej \u2014 twierdzi osoba znaj\u0105ca kulisy \u015bledztwa.<\/p>\n<p>M\u0119\u017cczy\u017anie z miejsca przedstawione zostaj\u0105 zarzuty i zostaje tymczasowo aresztowany.<\/p>\n<p>Kamila W. pocz\u0105tkowo broni si\u0119, \u017ce by\u0142a ofiar\u0105. Twierdzi, \u017ce tak jak dziewczynki by\u0142a przez m\u0119\u017ca odurzana.<\/p>\n<p>\u2014 T\u0142umaczy\u0142a, \u017ce nie by\u0142a \u015bwiadoma tego, co robi i nagrywa jej m\u0105\u017c. Ta wersja nie wytrzyma\u0142a jednak konfrontacji z zabezpieczonym materia\u0142em, na kt\u00f3rym zarejestrowane zosta\u0142y sceny zoofilskie z jej udzia\u0142em, w kt\u00f3rych by\u0142a \u015bwiadoma i by\u0142a stron\u0105 czynn\u0105, a nie tylko biern\u0105 \u2014 opowiada prokurator zaznajomiony z materia\u0142em ze \u015bledztwa.<\/p>\n<p> <img decoding=\"async\" src=\"https:\/\/www.europesays.com\/pl\/wp-content\/uploads\/2026\/03\/Un5k9lBaHR0cHM6Ly9vY2RuLmV1L3B1bHNjbXMvTURBXy9mYzVkOTE0Y2UzMjhjYWI2MmVhZTRhM2FkNjI4OTVlZC5qcGeSlQMAA.jpeg\" height=\"475\" width=\"490\" alt=\"Przemys\u0142aw i Kamila L. podczas wypadu do Warszawy w sierpniu 2022 r. \" loading=\"lazy\" class=\"ods-c-image__img ods-c-image__img--viewport-width\"\/> <\/p>\n<p>Przemys\u0142aw i Kamila L. podczas wypadu do Warszawy w sierpniu 2022 r.\u0179r\u00f3d\u0142o: Facebookk<\/p>\n<p>12 czerwca 2023 r. Kamila W. s\u0142yszy w prokuraturze pierwsze zarzuty. Dotycz\u0105 one wsp\u00f3\u0142\u017cycia ze zwierz\u0119tami, czyli zoofilii, co prawnie kwalifikowane jest jako zn\u0119canie si\u0119 nad nimi ze szczeg\u00f3lnym okrucie\u0144stwem.<\/p>\n<p>Grozi jej za to do pi\u0119ciu lat wi\u0119zienia.<\/p>\n<p>Nikt o niczym nie wiedzia\u0142? Kobieta z zarzutami pe\u0142nomocnikiem wyborczym<\/p>\n<p>Wiadomo\u015b\u0107 o przest\u0119pczej dzia\u0142alno\u015bci Przemys\u0142awa L. rozchodzi si\u0119 po K\u0142odzku lotem b\u0142yskawicy. Jego \u017cona, cho\u0107 ci\u0105\u017c\u0105 na niej zarzuty zoofilii, uchodzi jednak za ofiar\u0119.<\/p>\n<p>Jak twierdzi znajomy pary, a przy tym dzia\u0142acz lokalnych struktur Platformy Obywatelskiej, tajemnic\u0105 poliszynela by\u0142o to, \u017ce Kamila W. nie jest w ca\u0142ej sprawie bez winy.<\/p>\n<p>\u2014 Materia\u0142y by\u0142 w dyspozycji miejscowej komendy, Przemys\u0142aw L. te\u017c pocz\u0105tkowo siedzia\u0142 w miejskim areszcie. Od pocz\u0105tku m\u00f3wi\u0142o si\u0119 o tym, \u017ce Kamila by\u0142a w to wszystko zamieszana \u2014 opowiada nam m\u0119\u017cczyzna, kt\u00f3ry chce pozosta\u0107 anonimowy.<\/p>\n<p>Pomimo ci\u0105\u017c\u0105cych na niej zarzut\u00f3w kobieta funkcjonuje normalnie. Prowadzi\u0142a te\u017c nadal dzia\u0142alno\u015b\u0107 polityczn\u0105 w lokalnych strukturach Platformy.<\/p>\n<p> <img decoding=\"async\" src=\"https:\/\/www.europesays.com\/pl\/wp-content\/uploads\/2026\/03\/S_sk9lBaHR0cHM6Ly9vY2RuLmV1L3B1bHNjbXMvTURBXy82MjgxYTRmYWNjNTY1NjhiNTM2NjJlMTJiNzgyYzg2OS5qcGeRlQLNB.jpeg\" height=\"490\" width=\"750\" alt=\"Inauguracja kampanii wyborczej Platformy Obywatelskiej w K\u0142odzku w 2024 r\" loading=\"lazy\" class=\"ods-c-image__img ods-c-image__img--viewport-width\"\/> <\/p>\n<p>Inauguracja kampanii wyborczej Platformy Obywatelskiej w K\u0142odzku w 2024 r\u0179r\u00f3d\u0142o: https:\/\/monikawielichowska.pl\/<\/p>\n<p>Jesieni\u0105 2023 r. bierze udzia\u0142 w trwaj\u0105cej kampanii przed wyborami do parlamentu, po kt\u00f3rych Platforma Obywatelska zdobywa w\u0142adz\u0119. Fotografuje si\u0119 z wieloma politykami z regionu, pe\u0142ni\u0105cymi dzi\u015b wa\u017cne funkcje pa\u0144stwowe.<\/p>\n<p>Zna ich, bo w przesz\u0142o\u015bci \u2014 w latach 2017-2021 \u2014 by\u0142a wiceprzewodnicz\u0105c\u0105 ko\u0142a Platformy w K\u0142odzku, a w 2018 startowa\u0142a z list PO do rady powiatu.<\/p>\n<p>Na pocz\u0105tku 2024 r. powierzona zostaje jej funkcja pe\u0142nomocnika wyborczego lokalnej Platformy w wyborach do rady miasta. Ta sprawa ko\u0144czy si\u0119 jednak skandalem, bo komitetowi nie udaje si\u0119 nawet zarejestrowa\u0107 listy. Pow\u00f3d? Niewystarczaj\u0105ca liczba podpis\u00f3w, kt\u00f3re s\u0105 konieczne do rejestracji.<\/p>\n<p>Jej m\u0105\u017c Przemys\u0142aw L. nigdy nie by\u0142 cz\u0142onkiem Platformy Obywatelskiej.<\/p>\n<p>&#8222;To by\u0142a dobra matka czw\u00f3rki dzieci&#8221;. Donald Tusk \u017c\u0105da wyja\u015bnie\u0144<\/p>\n<p>W zwi\u0105zku z niezarejestrowaniem listy \u00f3wczesna szefowa ko\u0142a PO w K\u0142odzku Aneta \u0141osiewicz sk\u0142ada rezygnacj\u0119 z funkcji. Tydzie\u0144 p\u00f3\u017aniej rezygnacj\u0119 z cz\u0142onkostwa w partii sk\u0142ada Kamila W.<\/p>\n<p>\u2014 W dokumencie jako oficjalny pow\u00f3d poda\u0142a sprawy prywatne. Nieoficjalnie jednak wiadomo by\u0142o, \u017ce powodem rezygnacji jest rozwijaj\u0105ce si\u0119 \u015bledztwo prokuratury, w kt\u00f3rym jej r\u00f3wnie\u017c zosta\u0142y przedstawione zarzuty. Zanosi\u0142o si\u0119 na to, \u017ce zarzuty mog\u0105 zosta\u0107 rozszerzone \u2014 opowiada jeden z cz\u0142onk\u00f3w lokalnej Platformy.<\/p>\n<p>Jak jednak dosz\u0142o do tego, \u017ce kobieta, na kt\u00f3rej ci\u0105\u017c\u0105 zarzuty zoofilii zosta\u0142a pe\u0142nomocniczk\u0105 lokalnego komitetu tej partii?<\/p>\n<p> <img decoding=\"async\" src=\"https:\/\/www.europesays.com\/pl\/wp-content\/uploads\/2026\/03\/A4Ak9lBaHR0cHM6Ly9vY2RuLmV1L3B1bHNjbXMvTURBXy84ZDYwNmMyMGY0NThjOGJmZTRkZWZhMWYyZDc2NDNkOC5qcGeRlQLNB.jpeg\" height=\"384\" width=\"512\" alt=\"Zaproszenie na spotkanie wyborcze Anety \u0141osiewicz, kandydatki PO na burmistrza K\u0142odzka w 2024 r.\" loading=\"lazy\" class=\"ods-c-image__img ods-c-image__img--viewport-width\"\/> <\/p>\n<p>Zaproszenie na spotkanie wyborcze Anety \u0141osiewicz, kandydatki PO na burmistrza K\u0142odzka w 2024 r.\u0179r\u00f3d\u0142o: Zdj\u0119cia w\u0142asne<\/p>\n<p>Aneta \u0141osiewicz, dzi\u015b pe\u0142ni\u0105ca funkcj\u0119 sekretarza ko\u0142a Koalicji Obywatelskiej w K\u0142odzku, w rozmowie z Onetem zaprzecza, by ktokolwiek w partii wiedzia\u0142 o zarzutach ci\u0105\u017c\u0105cych na pe\u0142nomocniczce.<\/p>\n<p>\u2014 To by\u0142a normalna rodzina. K\u0142\u00f3cili si\u0119, potem godzili. Do momentu zatrzymania jej m\u0119\u017ca nikt nawet nie podejrzewa\u0142, co tam si\u0119 mog\u0142o dzia\u0107 \u2014 opowiada w rozmowie z Onetem. \u2014 Pani Kamila odbierana by\u0142a jako dobra matka czw\u00f3rki dzieci. Nigdy nikomu nie skar\u017cy\u0142a si\u0119, \u017ce w domu dzieje si\u0119 co\u015b niedobrego. Nie zwraca\u0142a si\u0119 o \u017cadn\u0105 pomoc.<\/p>\n<p><a href=\"https:\/\/www.onet.pl\/informacje\/onetwiadomosci\/jaroslaw-kaczynski-uderza-w-ko-po-wyroku-dla-bylej-dzialaczki\/58255qx,79cfc278\" id=\"d63b77e9-af29-4594-bfd9-9f1cb378729a\" rel=\"nofollow noopener\" target=\"_blank\">Wyrok sprzed tygodnia przez prawic\u0119 wykorzystany zosta\u0142 do atak\u00f3w na parti\u0119 Donalda Tuska.<\/a><\/p>\n<p>Spraw\u0105 zaj\u0119\u0142y si\u0119 najwy\u017csze w\u0142adze partii, a wyja\u015bnie\u0144 od lokalnych struktur za\u017c\u0105da\u0142 sam premier.<\/p>\n<p>Szef struktur KO w K\u0142odzku: Musieliby\u015bmy by\u0107 g\u0142upi, by nie reagowa\u0107<\/p>\n<p>Szef powiatowych struktur KO Maciej Awi\u017ce\u0144 na pytanie o to, jak mo\u017cliwe jest, \u017ce kobieta, na kt\u00f3rej ci\u0105\u017cy\u0142y zarzuty zoofilii, zosta\u0142a pe\u0142nomocniczk\u0105 lokalnego komitetu wyborczego, reaguje nerwowo.<\/p>\n<p>\u2014 Nikt w partii nie widzia\u0142 w\u00f3wczas o zarzutach, a prokuratura o nich nie informowa\u0142a \u2014 m\u00f3wi Onetowi Awi\u017ce\u0144, pe\u0142ni\u0105cy w\u00f3wczas z nadania PO funkcj\u0119 wojewody dolno\u015bl\u0105skiego. \u2014 Musieliby\u015bmy by\u0107 g\u0142upi, gdyby wiedz\u0105c o zarzutach, powierzali jej jakiekolwiek funkcje, czy robili sobie wsp\u00f3lne zdj\u0119cia.<\/p>\n<p> <img decoding=\"async\" src=\"https:\/\/www.europesays.com\/pl\/wp-content\/uploads\/2026\/03\/pBYk9lBaHR0cHM6Ly9vY2RuLmV1L3B1bHNjbXMvTURBXy85ZDA2OTZiMTgwNWZkYjk4MTVmNTNmOGE2ZmZhNjBkYy5qcGeRlQLNB.jpeg\" height=\"400\" width=\"600\" alt=\"Szef struktur Koalicji Obywatelskiej w powiecie k\u0142odzkim Maciej Awi\u017ce\u0144 \" loading=\"lazy\" class=\"ods-c-image__img ods-c-image__img--viewport-width\"\/> <\/p>\n<p>Szef struktur Koalicji Obywatelskiej w powiecie k\u0142odzkim Maciej Awi\u017ce\u0144UW Dolno\u015bl\u0105skiego<\/p>\n<p> <a href=\"https:\/\/wiadomosci.onet.pl\/wroclaw\/wojewoda-dolnoslaski-odwolany-ze-stanowiska\/1qbz7yw\" id=\"ffb91b1c-125d-4496-a1ba-fc3f580f7711\" rel=\"nofollow noopener\" target=\"_blank\">Wed\u0142ug relacji Awi\u017cenia i \u0141osiewicz, Kamila W. zg\u0142osi\u0142a si\u0119 do nich sama i dopiero 18 marca 2024 roku. Ju\u017c po tym, jak nie uda\u0142o si\u0119 zarejestrowa\u0107 list do rady miejskiej. <\/a><\/p>\n<p>\u2014 Powiedzia\u0142a nam w\u00f3wczas, \u017ce prawdopodobnie zostan\u0105 jej przedstawione prokuratorskie zarzuty. Nie m\u00f3wi\u0142a jakie, tylko \u017ce b\u0119d\u0105 mia\u0142y zwi\u0105zek ze spraw\u0105 jej m\u0119\u017ca \u2014 opowiada \u0141osiewicz. \u2014 Tego samego dnia zosta\u0142a poproszona o z\u0142o\u017cenie rezygnacji i od 18 marca dwa lata temu nie jest ju\u017c w \u017caden spos\u00f3b zwi\u0105zana z nasz\u0105 parti\u0105.<\/p>\n<p> <img decoding=\"async\" src=\"https:\/\/www.europesays.com\/pl\/wp-content\/uploads\/2026\/03\/dvZk9lBaHR0cHM6Ly9vY2RuLmV1L3B1bHNjbXMvTURBXy8wOGJmN2I2YzM4OGQ4ZmMwNWY2NGZiNWMwMzQyNjQxMi5qcGeRlQLNB.jpeg\" height=\"800\" width=\"565\" alt=\"O\u015bwiadczenie Koalicji Obywatelskiej w powicie k\u0142odzkim w zwi\u0105zku ze skazaniem jej by\u0142ej cz\u0142onkini Kamili L.\" loading=\"lazy\" class=\"ods-c-image__img ods-c-image__img--vertical\"\/> <\/p>\n<p>O\u015bwiadczenie Koalicji Obywatelskiej w powicie k\u0142odzkim w zwi\u0105zku ze skazaniem jej by\u0142ej cz\u0142onkini Kamili L.\u0179r\u00f3d\u0142o: Zdj\u0119cia w\u0142asne<\/p>\n<p>31 pa\u017adziernika 2024 r. zarzuty wobec Kamili W. zosta\u0142y rozszerzone. W\u0142a\u015bnie o to, \u017ce maj\u0105c \u015bwiadomo\u015b\u0107 czyn\u00f3w pedofilskich m\u0119\u017ca i wiedz\u0105c o krzywdzie swojej c\u00f3rki, nie reagowa\u0142a i nie udzieli\u0142a jej \u017cadnej pomocy.<\/p>\n<p>Kamila W. skazana, ale w sprawie m\u0119\u017ca ma status pokrzywdzonej\u2014 To wstrz\u0105saj\u0105ca sprawa i przede wszystkim dramat ofiar \u2014 m\u00f3wi Onetowi <a href=\"https:\/\/wiadomosci.onet.pl\/wroclaw\/atak-na-auto-zony-posla-ko-chca-mnie-wystraszyc-zebym-przerwal-kampanie\/cgrd6dd\" id=\"a3898e60-f893-4bed-82fe-87da45fb02b8\" rel=\"nofollow noopener\" target=\"_blank\">Micha\u0142 Jaros<\/a>, przewodnicz\u0105cy dolno\u015bl\u0105skiej Koalicji Obywatelskiej. \u2014 Nie ma i nigdy nie b\u0119dzie tolerancji dla takich przest\u0119pstw. Winni musz\u0105 ponie\u015b\u0107 pe\u0142n\u0105 odpowiedzialno\u015b\u0107. Osoba, o kt\u00f3rej mowa, od dawna nie jest zwi\u0105zana z naszym \u015brodowiskiem politycznym, a jej dzia\u0142ania opisywane przez media s\u0105 absolutnie niedopuszczalne i ca\u0142kowicie sprzeczne z warto\u015bciami, kt\u00f3re reprezentujemy. Na poziomie w\u0142adz regionu nie mieli\u015bmy wiedzy o tych dramatycznych okoliczno\u015bciach. <img decoding=\"async\" src=\"https:\/\/www.europesays.com\/pl\/wp-content\/uploads\/2026\/03\/WN1k9lBaHR0cHM6Ly9vY2RuLmV1L3B1bHNjbXMvTURBXy85MzQ1NzI1MTk5NTNmYWVhYzA3NzNmYzY1NTVkZjU2ZC5qcGeRlQLNB.jpeg\" height=\"627\" width=\"940\" alt=\"Szef dolno\u015bl\u0105skich struktur Koalicji Obywatelskiej, pose\u0142 Micha\u0142 Jaros\" loading=\"lazy\" class=\"ods-c-image__img ods-c-image__img--viewport-width\"\/> <\/p>\n<p>Szef dolno\u015bl\u0105skich struktur Koalicji Obywatelskiej, pose\u0142 Micha\u0142 JarosMieczys\u0142aw Michalak \/ Agencja Wyborcza.pl<\/p>\n<p>Jak wynika z ustale\u0144 Onetu, prokuratura nie znalaz\u0142a \u017cadnych dowod\u00f3w na to, \u017ce Kamila W. by\u0142a czynnie zaanga\u017cowana w krzywd\u0119, jak\u0105 c\u00f3rce i innym dziewczynkom wyrz\u0105dza\u0142 jej m\u0105\u017c Przemys\u0142aw.<\/p>\n<p>Ma\u0142o tego, w jego sprawie kobieta ma status pokrzywdzonej, bo m\u0105\u017c mia\u0142 filmowa\u0107 r\u00f3wnie\u017c j\u0105. Tak, jak sze\u015b\u0107 innych \u2014 dzi\u015b ju\u017c pe\u0142noletnich \u2014 kobiet. Do dzi\u015b Kamila W. utrzymuje, \u017ce jest niewinna i powinna by\u0107 traktowana, jako ofiara swojego m\u0119\u017ca.<\/p>\n<p>20 marca 2026 r. skazana zosta\u0142a wy\u0142\u0105cznie za obcowanie ze zwierz\u0119tami i nieudzielenie pomocy c\u00f3rce, kt\u00f3ra w jej sprawie jest jedyn\u0105 pokrzywdzon\u0105.<\/p>\n<p>Wci\u0105\u017c \u017cona swojego m\u0119\u017ca. Poszkodowana c\u00f3rka broni matki<\/p>\n<p>Zapad\u0142e w marcu wyroki wobec obojga ma\u0142\u017conk\u00f3w s\u0105 nieprawomocne. Wed\u0142ug nieoficjalnych informacji zosta\u0142y ju\u017c z\u0142o\u017cone wnioski o ich uzasadnienie, co oznacza, \u017ce strony przygotowuj\u0105 od nich odwo\u0142ania.<\/p>\n<p>Pomimo z\u0142o\u017cenia kilka lat temu formalnego wniosku o rozw\u00f3d i zmiany nazwiska na panie\u0144skie, Kamila wci\u0105\u017c pozostaje formalnie \u017con\u0105 Przemys\u0142awa L.<\/p>\n<p>Pokrzywdzona c\u00f3rka Kamili W. w opublikowanej w \u015brod\u0119 rozmowie z Kana\u0142em Zero stara si\u0119 broni\u0107 matki.<\/p>\n","protected":false},"excerpt":{"rendered":"Spraw\u0105 &#8222;pedofilii w k\u0142odzkiej Koalicji Obywatelskiej&#8221; \u2014 jak te wydarzenia zw\u0105 prawicowe media i politycy PiS \u2014 od&hellip;\n","protected":false},"author":2,"featured_media":328823,"comment_status":"","ping_status":"","sticky":false,"template":"","format":"standard","meta":{"footnotes":"","_share_on_mastodon":"0"},"categories":[12],"tags":[32,33,36,37,27,22702,7210,34,35,53482,28,31,48,25,46,12783,42,8926,38,40,39,41,1627,47,547,29,30,341,26],"class_list":["post-328822","post","type-post","status-publish","format-standard","has-post-thumbnail","category-polska","tag-breaking-news","tag-breakingnews","tag-featured-news","tag-featurednews","tag-headlines","tag-klodzko","tag-koalicja_obywatelska","tag-latest-news","tag-latestnews","tag-maciej_awizen","tag-naglowki","tag-najwazniejsze-artykuly","tag-nat_styl","tag-news","tag-omp","tag-pedofilia","tag-pl","tag-platforma_obywatelska","tag-poland","tag-polish","tag-polska","tag-polski","tag-prokuratura","tag-screening_general","tag-szwecja","tag-top-stories","tag-topstories","tag-tylko_w_onecie","tag-wiadomosci"],"share_on_mastodon":{"url":"https:\/\/pubeurope.com\/@pl\/116297057385750269","error":""},"_links":{"self":[{"href":"https:\/\/www.europesays.com\/pl\/wp-json\/wp\/v2\/posts\/328822","targetHints":{"allow":["GET"]}}],"collection":[{"href":"https:\/\/www.europesays.com\/pl\/wp-json\/wp\/v2\/posts"}],"about":[{"href":"https:\/\/www.europesays.com\/pl\/wp-json\/wp\/v2\/types\/post"}],"author":[{"embeddable":true,"href":"https:\/\/www.europesays.com\/pl\/wp-json\/wp\/v2\/users\/2"}],"replies":[{"embeddable":true,"href":"https:\/\/www.europesays.com\/pl\/wp-json\/wp\/v2\/comments?post=328822"}],"version-history":[{"count":0,"href":"https:\/\/www.europesays.com\/pl\/wp-json\/wp\/v2\/posts\/328822\/revisions"}],"wp:featuredmedia":[{"embeddable":true,"href":"https:\/\/www.europesays.com\/pl\/wp-json\/wp\/v2\/media\/328823"}],"wp:attachment":[{"href":"https:\/\/www.europesays.com\/pl\/wp-json\/wp\/v2\/media?parent=328822"}],"wp:term":[{"taxonomy":"category","embeddable":true,"href":"https:\/\/www.europesays.com\/pl\/wp-json\/wp\/v2\/categories?post=328822"},{"taxonomy":"post_tag","embeddable":true,"href":"https:\/\/www.europesays.com\/pl\/wp-json\/wp\/v2\/tags?post=328822"}],"curies":[{"name":"wp","href":"https:\/\/api.w.org\/{rel}","templated":true}]}}