{"id":329305,"date":"2026-03-27T00:45:07","date_gmt":"2026-03-27T00:45:07","guid":{"rendered":"https:\/\/www.europesays.com\/pl\/329305\/"},"modified":"2026-03-27T00:45:07","modified_gmt":"2026-03-27T00:45:07","slug":"iran-otwiera-ciesnine-ormuz-statki-z-kilku-panstw-znow-moga-przeplywac","status":"publish","type":"post","link":"https:\/\/www.europesays.com\/pl\/329305\/","title":{"rendered":"Iran otwiera cie\u015bnin\u0119 Ormuz. Statki z kilku pa\u0144stw zn\u00f3w mog\u0105 przep\u0142ywa\u0107"},"content":{"rendered":"\n<p>&#13;<br \/>\nCie\u015bnina od\u00a0pocz\u0105tku ataku Izraela i\u00a0Stan\u00f3w Zjednoczonych na\u00a0Iran by\u0142a blokowana przez Teheran, co\u00a0spowodowa\u0142o wzrost cen ropy i\u00a0gazu. &#13;\n<\/p>\n<p>To przes\u0105dzi\u0142o o\u00a0decyzji Iranu<\/p>\n<p>&#13;<br \/>\nJak przekaza\u0142 minister spraw zagranicznych Iranu Abbas Aragczi, pozwolenie na\u00a0pokonywanie cie\u015bniny Ormuz wydano tylko niekt\u00f3rym pa\u0144stwom. Podstawowym kryterium wyboru by\u0142o uznanie ich przez Iran za\u00a0przyjazne. &#13;\n<\/p>\n<p>&#13;<br \/>\n\u2013 Pozwolili\u015bmy Chinom, Rosji, Indiom, Irakowi i\u00a0Pakistanowi na\u00a0tranzyt \u2013\u00a0przekaza\u0142 szef ira\u0144skiego MSZ w\u00a0wywiadzie dla\u00a0telewizji pa\u0144stwowej. &#13;\n<\/p>\n<p>&#13;<br \/>\nZ kolei dziennik \u201eKorea Times\u201d poinformowa\u0142, powo\u0142uj\u0105c si\u0119 na\u00a0s\u0142owa ambasadora Iranu w\u00a0Seulu, \u017ce\u00a0Korea Po\u0142udniowa r\u00f3wnie\u017c zosta\u0142a uznana przez Teheran za\u00a0przyjazne pa\u0144stwo. Oznacza to, \u017ce\u00a0korea\u0144skie jednostki mog\u0105 pokonywa\u0107 cie\u015bnin\u0119 Ormuz pod\u00a0warunkiem koordynacji dzia\u0142a\u0144 z\u00a0w\u0142adzami w\u00a0Teheranie. &#13;\n<\/p>\n<p>\u015awiatowa gospodarka cierpi przez wojn\u0119<\/p>\n<p>&#13;<br \/>\n<a href=\"https:\/\/dorzeczy.pl\/ekonomia\/864853\/eksperci-bija-na-alarm-wojna-w-iranie-doprowadzi-do-globalnej-recesji.html\" rel=\"nofollow noopener\" target=\"_blank\">Rosn\u0105ce ceny paliw<\/a>, spowodowane sytuacj\u0105 na\u00a0Bliskim Wschodzie, coraz mocniej odbijaj\u0105 si\u0119 na\u00a0\u015bwiatowej gospodarce. Eksperci ostrzegaj\u0105 przed globaln\u0105 recesj\u0105. &#13;\n<\/p>\n<p>&#13;<br \/>\nNa taki ponury wariant wskaza\u0142 szef firmy BlackRock Larry Fink w\u00a0rozmowie z\u00a0BBC. Z\u00a0kolei Mariusz Zielonka, g\u0142\u00f3wny ekonomista Konfederacji Lewiatan, powiedzia\u0142 radiu RMF24, \u017ce\u00a0to\u00a0dopiero pocz\u0105tek &#8222;mo\u017cliwych turbulencji&#8221;. &#13;\n<\/p>\n<p>&#13;<br \/>\nZ danych G\u0142\u00f3wnego Urz\u0119du Statystycznego wynika, \u017ce\u00a0nast\u0105pi\u0142 wyra\u017any spadek liczby ofert pracy \u2013\u00a0z\u00a0ponad 50 tys. w\u00a0ubieg\u0142ym roku do\u00a0nieco ponad 30 tys. obecnie, czyli o\u00a0ponad 40 proc. RMF24 zwraca uwag\u0119, \u017ce\u00a0mo\u017ce to\u00a0sugerowa\u0107 pogorszenie sytuacji na\u00a0rynku pracy. &#13;\n<\/p>\n<p>&#13;<br \/>\nG\u0142\u00f3wny ekonomista Konfederacji Lewiatan wskazuje jednak, \u017ce\u00a0sytuacja jest nieco bardziej z\u0142o\u017cona. \u2013\u00a0To\u00a0jeszcze nie\u00a0efekt cie\u015bniny Ormuz. Cz\u0119\u015bciowo mamy do\u00a0czynienia z\u00a0efektem statystycznym i\u00a0zmian\u0105 przepis\u00f3w \u2013\u00a0t\u0142umaczy ekspert. Chodzi bowiem o\u00a0zniesienie obowi\u0105zku zg\u0142aszania ofert pracy do\u00a0urz\u0119d\u00f3w w\u00a0ramach tzw. testu rynku pracy dla\u00a0cudzoziemc\u00f3w, co\u00a0przed zmian\u0105 prowadzi\u0142o do\u00a0sztucznego zawy\u017cania liczby ofert w\u00a0statystykach. &#13;\n<\/p>\n<p>&#13;<br \/>\nCzytaj te\u017c:<br \/><a href=\"https:\/\/dorzeczy.pl\/swiat\/865177\/kiedy-koniec-wojny-z-iranem-trump-powiedzial-doradcom.html\" rel=\"follow nofollow noopener\" data-schema=\"DORZECZY\" data-image=\"https:\/\/img.dorzeczy.pl\/_thumb\/06\/ab\/875453296c18dd24ac83a89e36c4.jpeg\" target=\"_blank\">Trump chce ko\u0144czy\u0107 wojn\u0119. Co\u00a0powiedzia\u0142 doradcom?<\/a>Czytaj te\u017c:<br \/><a href=\"https:\/\/dorzeczy.pl\/swiat\/864835\/iran-nie-godzi-sie-na-warunki-usa-skrajnie-maksymalistyczne.html\" rel=\"follow nofollow noopener\" data-schema=\"DORZECZY\" data-image=\"https:\/\/img.dorzeczy.pl\/_thumb\/2d\/82\/f90dca4199a5ccdfd6ac494b0a90.jpeg\" target=\"_blank\">Iran nie\u00a0godzi si\u0119 na\u00a0warunki USA. &#8222;Skrajnie maksymalistyczne&#8221;<\/a>&#13;<\/p>\n","protected":false},"excerpt":{"rendered":"&#13; Cie\u015bnina od\u00a0pocz\u0105tku ataku Izraela i\u00a0Stan\u00f3w Zjednoczonych na\u00a0Iran by\u0142a blokowana przez Teheran, co\u00a0spowodowa\u0142o wzrost cen ropy i\u00a0gazu. &#13;&hellip;\n","protected":false},"author":2,"featured_media":329306,"comment_status":"","ping_status":"","sticky":false,"template":"","format":"standard","meta":{"footnotes":"","_share_on_mastodon":"0"},"categories":[14],"tags":[7350,32,33,2834,48079,98,105,27,663,34,35,28,31,25,102,40,41,53590,598,53589,599,80,29,30,26,892,82,83,84],"class_list":["post-329305","post","type-post","status-publish","format-standard","has-post-thumbnail","category-swiat","tag-bliski-wschod","tag-breaking-news","tag-breakingnews","tag-ceny","tag-ciesnina-ormuz","tag-dorzeczy","tag-ekonomia","tag-headlines","tag-iran","tag-latest-news","tag-latestnews","tag-naglowki","tag-najwazniejsze-artykuly","tag-news","tag-opinie","tag-polish","tag-polski","tag-przyjazne-panstwa","tag-ropa","tag-statki","tag-surowce","tag-swiat","tag-top-stories","tag-topstories","tag-wiadomosci","tag-wojna","tag-world","tag-world-news","tag-worldnews"],"share_on_mastodon":{"url":"https:\/\/pubeurope.com\/@pl\/116298378364506723","error":""},"_links":{"self":[{"href":"https:\/\/www.europesays.com\/pl\/wp-json\/wp\/v2\/posts\/329305","targetHints":{"allow":["GET"]}}],"collection":[{"href":"https:\/\/www.europesays.com\/pl\/wp-json\/wp\/v2\/posts"}],"about":[{"href":"https:\/\/www.europesays.com\/pl\/wp-json\/wp\/v2\/types\/post"}],"author":[{"embeddable":true,"href":"https:\/\/www.europesays.com\/pl\/wp-json\/wp\/v2\/users\/2"}],"replies":[{"embeddable":true,"href":"https:\/\/www.europesays.com\/pl\/wp-json\/wp\/v2\/comments?post=329305"}],"version-history":[{"count":0,"href":"https:\/\/www.europesays.com\/pl\/wp-json\/wp\/v2\/posts\/329305\/revisions"}],"wp:featuredmedia":[{"embeddable":true,"href":"https:\/\/www.europesays.com\/pl\/wp-json\/wp\/v2\/media\/329306"}],"wp:attachment":[{"href":"https:\/\/www.europesays.com\/pl\/wp-json\/wp\/v2\/media?parent=329305"}],"wp:term":[{"taxonomy":"category","embeddable":true,"href":"https:\/\/www.europesays.com\/pl\/wp-json\/wp\/v2\/categories?post=329305"},{"taxonomy":"post_tag","embeddable":true,"href":"https:\/\/www.europesays.com\/pl\/wp-json\/wp\/v2\/tags?post=329305"}],"curies":[{"name":"wp","href":"https:\/\/api.w.org\/{rel}","templated":true}]}}