{"id":329407,"date":"2026-03-27T02:09:09","date_gmt":"2026-03-27T02:09:09","guid":{"rendered":"https:\/\/www.europesays.com\/pl\/329407\/"},"modified":"2026-03-27T02:09:09","modified_gmt":"2026-03-27T02:09:09","slug":"to-dlatego-pascal-brodnicki-zniknal-z-telewizji-po-latach-podal-powod-onet","status":"publish","type":"post","link":"https:\/\/www.europesays.com\/pl\/329407\/","title":{"rendered":"To dlatego Pascal Brodnicki znikn\u0105\u0142 z telewizji. Po latach poda\u0142 pow\u00f3d &#8211; Onet"},"content":{"rendered":"<ol>\n<li><a href=\"https:\/\/news.google.com\/rss\/articles\/CBMiwwFBVV95cUxQT1F4ZldKSktMSUsxbXJRM3Y3Q204TVZrWHF1a19VZjltd2xsLTQ3MHF0M1NLYlNhbVhHNER3MkdJMDlQRmlzUGo0QWJwQ0Q1WjB0QjJQSmROSWFEQUlSbXpHaGwtX1dFblNTS2VFWC1uYi1tWUx1RlpqbnF2LTFGdGJuVnBDWEhVYngySWpBNDZlZU5mWDhUWE8tcXVFWTRaUWxsQXJOejhNRDNtSS1RMUJSUE5keFJYMUVXbDR3M0FyNVE?oc=5\" target=\"_blank\" rel=\"nofollow noopener\">To dlatego Pascal Brodnicki znikn\u0105\u0142 z telewizji. Po latach poda\u0142 pow\u00f3d<\/a>&nbsp;&nbsp;Onet<\/li>\n<li><a href=\"https:\/\/news.google.com\/rss\/articles\/CBMiuwFBVV95cUxPQk9vSkt0c1BLcEdua1RreEhqb18yNlhMT1F1VEVzdGt1VHRLVGR2V21BbUR2aTM2bERXV2JhenpQTXIyWXFScHBzNkc0Tk9pdUtlWjVWWVVLTEgxRFV5Ymg1bmlsQkE5UVdCa0xBcGJ0Z0Q2OFV2X2pURUlVaFBQd1FjMTg0Z2FuVXpQdEM2cW1MWWRFTmZoajRwMkFBLWt3YlJYMlRlSHBFVlY2bTd5eG9ZRTE1T3ItQlBz?oc=5\" target=\"_blank\" rel=\"nofollow noopener\">Niespodzianka w nowej edycji &#8222;MasterChefa&#8221;. B\u0119dzie nowy juror<\/a>&nbsp;&nbsp;TVN24<\/li>\n<li><a href=\"https:\/\/news.google.com\/rss\/articles\/CBMiqwFBVV95cUxQVUlLSkkwQnc0UEgwUDFCc3VoZ3RybDJZdXpnS2NpLWVxMFBmUnN4c05QOEw0d1hSYUlrYjhfZmRqenhva2Y2U0FNTnNlZ1Fkb25jd0l2aXFzR2NJTFNKTmItcHRJUU5WblpfSmhxNWdUVXRudFgyY0ZpdVVKaGc5TWZTS2xXdld6VU1XY2MxWUpyaW9NTEhWSUl2RWplbGRvSnE2eWhFMGJvY3M?oc=5\" target=\"_blank\" rel=\"nofollow noopener\">Nowy juror &#8222;MasterChefa&#8221;! TVN wybra\u0142 s\u0142ynnego kucharza<\/a>&nbsp;&nbsp;Jastrz\u0105b Post<\/li>\n<li><a href=\"https:\/\/news.google.com\/rss\/articles\/CBMirgFBVV95cUxQY25ZWEZWQ1lyQjFmS2FBMHI5VWw0cWNpcWNrUVpsYnU2b3pDUVg4Mmp2RUdzNzNibEpIQ0x4cXZHNjd4SjhVWE8wbGZCSW5pTF9CQkNNb2dWSDBSV2hXS2hFUy05azdlRFNBWERQNUpxUlpicnZFVWY5b0J1cElxYVk1R3hUblkwOEZEdHh5Q0hxSFI3NDdaM2dOVWxheFM5Rm84bldLSklXS3pTOVE?oc=5\" target=\"_blank\" rel=\"nofollow noopener\">Gessler nie wytrzyma\u0142a. Trudno uwierzy\u0107, co powiedzia\u0142a o nowym koledze. I teraz maj\u0105 razem pracowa\u0107<\/a>&nbsp;&nbsp;Pomponik.pl<\/li>\n<li><a href=\"https:\/\/news.google.com\/rss\/articles\/CBMitwFBVV95cUxNdTQzOFhWRUVqUlpfWVRfbDAyV2dtQ1NNLTNjMmplV2wtZUY3QWhfN25Sbmo5ZjVKeUQ0bVR0UUg2Zkp3dmZIdVh0VG0yQ2lDMXBackIwVTVLUEhUbEJwQV9xRFlsR2tha05lTGpoVWNrdnFDR21CbnZjSXBlQzRvRHk0cnQ4OW14RkJETFdNYnlCWllqWnFrY3lrdERtbUxta01mZ0ZYOVRfNFFmYUFvY04yaktWMkE?oc=5\" target=\"_blank\" rel=\"nofollow noopener\">Pascal Brodnicki zakocha\u0142 si\u0119 od pierwszego wejrzenia. &#8222;Wygl\u0105da\u0142a jak Francuzka&#8221;<\/a>&nbsp;&nbsp;Plejada<\/li>\n<\/ol>\n","protected":false},"excerpt":{"rendered":"To dlatego Pascal Brodnicki znikn\u0105\u0142 z telewizji. Po latach poda\u0142 pow\u00f3d&nbsp;&nbsp;Onet Niespodzianka w nowej edycji &#8222;MasterChefa&#8221;. B\u0119dzie nowy&hellip;\n","protected":false},"author":2,"featured_media":329408,"comment_status":"","ping_status":"","sticky":false,"template":"","format":"standard","meta":{"footnotes":"","_share_on_mastodon":"0"},"categories":[22],"tags":[470,122,67,4094,53,52,68,51,53626,55,42,38,40,39,41,123,47,196,50],"class_list":["post-329407","post","type-post","status-publish","format-standard","has-post-thumbnail","category-rozrywka","tag-educate_me","tag-entertainment","tag-intextvideo_splayer","tag-masterchef","tag-new_header","tag-onet3","tag-onet3d","tag-onet3d_2i","tag-pascal_brodnicki","tag-phx","tag-pl","tag-poland","tag-polish","tag-polska","tag-polski","tag-rozrywka","tag-screening_general","tag-styl_zycia","tag-v2021"],"share_on_mastodon":{"url":"https:\/\/pubeurope.com\/@pl\/116298708744923822","error":""},"_links":{"self":[{"href":"https:\/\/www.europesays.com\/pl\/wp-json\/wp\/v2\/posts\/329407","targetHints":{"allow":["GET"]}}],"collection":[{"href":"https:\/\/www.europesays.com\/pl\/wp-json\/wp\/v2\/posts"}],"about":[{"href":"https:\/\/www.europesays.com\/pl\/wp-json\/wp\/v2\/types\/post"}],"author":[{"embeddable":true,"href":"https:\/\/www.europesays.com\/pl\/wp-json\/wp\/v2\/users\/2"}],"replies":[{"embeddable":true,"href":"https:\/\/www.europesays.com\/pl\/wp-json\/wp\/v2\/comments?post=329407"}],"version-history":[{"count":0,"href":"https:\/\/www.europesays.com\/pl\/wp-json\/wp\/v2\/posts\/329407\/revisions"}],"wp:featuredmedia":[{"embeddable":true,"href":"https:\/\/www.europesays.com\/pl\/wp-json\/wp\/v2\/media\/329408"}],"wp:attachment":[{"href":"https:\/\/www.europesays.com\/pl\/wp-json\/wp\/v2\/media?parent=329407"}],"wp:term":[{"taxonomy":"category","embeddable":true,"href":"https:\/\/www.europesays.com\/pl\/wp-json\/wp\/v2\/categories?post=329407"},{"taxonomy":"post_tag","embeddable":true,"href":"https:\/\/www.europesays.com\/pl\/wp-json\/wp\/v2\/tags?post=329407"}],"curies":[{"name":"wp","href":"https:\/\/api.w.org\/{rel}","templated":true}]}}