{"id":329535,"date":"2026-03-27T03:54:10","date_gmt":"2026-03-27T03:54:10","guid":{"rendered":"https:\/\/www.europesays.com\/pl\/329535\/"},"modified":"2026-03-27T03:54:10","modified_gmt":"2026-03-27T03:54:10","slug":"to-dlatego-pascal-brodnicki-zniknal-z-telewizji-po-latach-podal-powod","status":"publish","type":"post","link":"https:\/\/www.europesays.com\/pl\/329535\/","title":{"rendered":"To dlatego Pascal Brodnicki znikn\u0105\u0142 z telewizji. Po latach poda\u0142 pow\u00f3d"},"content":{"rendered":"<p><a href=\"https:\/\/plejada.pl\/temat\/pascal-brodnicki\/k3zefvr\" id=\"fbd62178-02d1-4040-bf52-079195484a47\" rel=\"nofollow noopener\" target=\"_blank\">Pascal Brodnicki <\/a>da\u0142 si\u0119 pozna\u0107 szerokiej publiczno\u015bci w 2004 r., tworz\u0105c jeden z najpopularniejszych program\u00f3w kulinarnych w Polsce, czyli &#8222;Pascal: po prostu gotuj!&#8221;, kt\u00f3ry by\u0142 emitowany przez pi\u0119\u0107 lat. Tworzy\u0142 tak\u017ce format &#8222;Pascal Express&#8221;, gdzie prezentowa\u0142 widzom jedno wybrane danie.<\/p>\n<p>Nast\u0119pnie w 2012 r. kucharz prowadzi\u0142 program &#8222;Smakuj \u015bwiat z Pascalem&#8221;, a cztery lata p\u00f3\u017aniej za\u0142o\u017cy\u0142 konto na YouTube, gdzie dzieli\u0142 si\u0119 przepisami kulinarnymi. Wtedy zadebiutowa\u0142 tak\u017ce w pierwszej edycji &#8222;Azji Express&#8221;. W kolejnym formacie \u2014 &#8222;Tak smakuje \u00bbdzi\u0119kuj\u0119\u00ab&#8221; \u2014 pojawi\u0142 si\u0119 dopiero w 2022 r.<\/p>\n<p>\u2014 przyzna\u0142.<\/p>\n","protected":false},"excerpt":{"rendered":"Pascal Brodnicki da\u0142 si\u0119 pozna\u0107 szerokiej publiczno\u015bci w 2004 r., tworz\u0105c jeden z najpopularniejszych program\u00f3w kulinarnych w Polsce,&hellip;\n","protected":false},"author":2,"featured_media":329536,"comment_status":"","ping_status":"","sticky":false,"template":"","format":"standard","meta":{"footnotes":"","_share_on_mastodon":"0"},"categories":[22],"tags":[122,4094,48,125,46,53626,42,38,40,39,41,123,47],"class_list":["post-329535","post","type-post","status-publish","format-standard","has-post-thumbnail","category-rozrywka","tag-entertainment","tag-masterchef","tag-nat_styl","tag-newsy","tag-omp","tag-pascal_brodnicki","tag-pl","tag-poland","tag-polish","tag-polska","tag-polski","tag-rozrywka","tag-screening_general"],"share_on_mastodon":{"url":"https:\/\/pubeurope.com\/@pl\/116299122008753020","error":""},"_links":{"self":[{"href":"https:\/\/www.europesays.com\/pl\/wp-json\/wp\/v2\/posts\/329535","targetHints":{"allow":["GET"]}}],"collection":[{"href":"https:\/\/www.europesays.com\/pl\/wp-json\/wp\/v2\/posts"}],"about":[{"href":"https:\/\/www.europesays.com\/pl\/wp-json\/wp\/v2\/types\/post"}],"author":[{"embeddable":true,"href":"https:\/\/www.europesays.com\/pl\/wp-json\/wp\/v2\/users\/2"}],"replies":[{"embeddable":true,"href":"https:\/\/www.europesays.com\/pl\/wp-json\/wp\/v2\/comments?post=329535"}],"version-history":[{"count":0,"href":"https:\/\/www.europesays.com\/pl\/wp-json\/wp\/v2\/posts\/329535\/revisions"}],"wp:featuredmedia":[{"embeddable":true,"href":"https:\/\/www.europesays.com\/pl\/wp-json\/wp\/v2\/media\/329536"}],"wp:attachment":[{"href":"https:\/\/www.europesays.com\/pl\/wp-json\/wp\/v2\/media?parent=329535"}],"wp:term":[{"taxonomy":"category","embeddable":true,"href":"https:\/\/www.europesays.com\/pl\/wp-json\/wp\/v2\/categories?post=329535"},{"taxonomy":"post_tag","embeddable":true,"href":"https:\/\/www.europesays.com\/pl\/wp-json\/wp\/v2\/tags?post=329535"}],"curies":[{"name":"wp","href":"https:\/\/api.w.org\/{rel}","templated":true}]}}