{"id":330428,"date":"2026-03-27T14:10:24","date_gmt":"2026-03-27T14:10:24","guid":{"rendered":"https:\/\/www.europesays.com\/pl\/330428\/"},"modified":"2026-03-27T14:10:24","modified_gmt":"2026-03-27T14:10:24","slug":"cezary-ponttefski-kontent-radio-wroclaw","status":"publish","type":"post","link":"https:\/\/www.europesays.com\/pl\/330428\/","title":{"rendered":"Cezary Ponttefski Kontent &#8211; Radio Wroc\u0142aw"},"content":{"rendered":"<p>1. kontent (daw.) &#8211; zadowolony; \u0142ac. contentus<\/p>\n<p>2. kontent (obecnie) &#8211; pierwsza muza nad 9 pozosta\u0142ymi oraz pe\u0142noprawna mi\u0119dzynarodowa waluta<\/p>\n<p>3. kontent (w roku 2026) &#8211; najog\u00f3lniejsze, ale te\u017c najuczciwsze okre\u015blenie tego, co czeka Ci\u0119 w nowym programie Ponciarza.<\/p>\n<p>Kup bilet. Czysta wymiana &#8211; pieni\u0105dze za kontent.<\/p>\n<p>* Wydarzenie b\u0119dzie rejestrowane, zakup biletu jest r\u00f3wnoznaczny ze zgod\u0105 na udost\u0119pnienie wizerunku.<\/p>\n<p>* Podczas wyst\u0119pu obowi\u0105zuje zakaz nagrywania audio oraz video.<\/p>\n<p>* Osoby przeszkadzaj\u0105ce mog\u0105 zosta\u0107 wyproszone bez mo\u017cliwo\u015bci zwrotu bilet\u00f3w. * Wyst\u0119p przeznaczony jest dla os\u00f3b doros\u0142ych.<\/p>\n<p>* Nie ma konieczno\u015bci drukowania bilet\u00f3w, mog\u0105 one zosta\u0107 przedstawione w formie elektronicznej.<\/p>\n<p>\u00a0<\/p>\n<p>16.04.2026 godz. 20.00<\/p>\n<p>Sala Koncertowa Radia Wroc\u0142aw<\/p>\n<p>BILETY<\/p>\n<p><a href=\"https:\/\/www.kupbilecik.pl\/imprezy\/199771\/Wroc%C5%82aw\/Cezary+Ponttefski\/\" target=\"_blank\" rel=\"nofollow noopener\">https:\/\/www.kupbilecik.pl\/imprezy\/199771\/Wroc%C5%82aw\/Cezary+Ponttefski\/#<\/a><\/p>\n<p>\u00a0<\/p>\n","protected":false},"excerpt":{"rendered":"1. kontent (daw.) &#8211; zadowolony; \u0142ac. contentus 2. kontent (obecnie) &#8211; pierwsza muza nad 9 pozosta\u0142ymi oraz pe\u0142noprawna&hellip;\n","protected":false},"author":2,"featured_media":330429,"comment_status":"","ping_status":"","sticky":false,"template":"","format":"standard","meta":{"footnotes":"","_share_on_mastodon":"0"},"categories":[51607],"tags":[54086,54088,42,38,40,39,41,54087,1853],"class_list":["post-330428","post","type-post","status-publish","format-standard","has-post-thumbnail","category-wroclaw","tag-cezary","tag-kontent","tag-pl","tag-poland","tag-polish","tag-polska","tag-polski","tag-ponttefski","tag-wroclaw"],"share_on_mastodon":{"url":"https:\/\/pubeurope.com\/@pl\/116301543772040897","error":""},"_links":{"self":[{"href":"https:\/\/www.europesays.com\/pl\/wp-json\/wp\/v2\/posts\/330428","targetHints":{"allow":["GET"]}}],"collection":[{"href":"https:\/\/www.europesays.com\/pl\/wp-json\/wp\/v2\/posts"}],"about":[{"href":"https:\/\/www.europesays.com\/pl\/wp-json\/wp\/v2\/types\/post"}],"author":[{"embeddable":true,"href":"https:\/\/www.europesays.com\/pl\/wp-json\/wp\/v2\/users\/2"}],"replies":[{"embeddable":true,"href":"https:\/\/www.europesays.com\/pl\/wp-json\/wp\/v2\/comments?post=330428"}],"version-history":[{"count":0,"href":"https:\/\/www.europesays.com\/pl\/wp-json\/wp\/v2\/posts\/330428\/revisions"}],"wp:featuredmedia":[{"embeddable":true,"href":"https:\/\/www.europesays.com\/pl\/wp-json\/wp\/v2\/media\/330429"}],"wp:attachment":[{"href":"https:\/\/www.europesays.com\/pl\/wp-json\/wp\/v2\/media?parent=330428"}],"wp:term":[{"taxonomy":"category","embeddable":true,"href":"https:\/\/www.europesays.com\/pl\/wp-json\/wp\/v2\/categories?post=330428"},{"taxonomy":"post_tag","embeddable":true,"href":"https:\/\/www.europesays.com\/pl\/wp-json\/wp\/v2\/tags?post=330428"}],"curies":[{"name":"wp","href":"https:\/\/api.w.org\/{rel}","templated":true}]}}