{"id":331258,"date":"2026-03-27T22:57:10","date_gmt":"2026-03-27T22:57:10","guid":{"rendered":"https:\/\/www.europesays.com\/pl\/331258\/"},"modified":"2026-03-27T22:57:10","modified_gmt":"2026-03-27T22:57:10","slug":"pokonal-nawet-gdansk-to-najlepszy-nadmorski-kurort-wedlug-polakow-podroze-wprost","status":"publish","type":"post","link":"https:\/\/www.europesays.com\/pl\/331258\/","title":{"rendered":"Pokona\u0142 nawet Gda\u0144sk. To najlepszy nadmorski kurort wed\u0142ug Polak\u00f3w \u2013 Podr\u00f3\u017ce Wprost"},"content":{"rendered":"\n<p>&#13;<br \/>\nRankingi s\u0105 dobr\u0105 podpowiedzi\u0105 dla\u00a0turyst\u00f3w, kt\u00f3rzy szukaj\u0105 inspiracji do\u00a0podro\u017cy. W\u00a0tym roku Polacy po\u00a0raz trzeci g\u0142osowali na\u00a0ulubione nadmorskie miasto w\u00a0plebiscycie Zimowa Gwiazda Travelist, plebiscyt magazynu Travelist pod\u00a0patronatem Polskiej Organizacji Turystycznej. &#13;\n<\/p>\n<p>Ko\u0142obrzeg. Najlepszy kierunek nad morzem<\/p>\n<p>&#13;<br \/>\nW ostatniej edycji wygranym zosta\u0142 Ko\u0142obrzeg, kolejny rok z\u00a0rz\u0119du. To\u00a0jedno z\u00a0najstarszych miast na\u00a0Pomorzu, pe\u0142ne zabytk\u00f3w. W\u015br\u00f3d nich jest odnowiona w\u00a0ubieg\u0142ym roku latarnia morska. Dodatkowo jest najwi\u0119kszym polskim uzdrowiskiem. Ju\u017c W\u00a0XIX w. dotar\u0142a do\u00a0niego europejska moda na\u00a0k\u0105piele w\u00a0podgrzewanej wodzie morskiej, a\u00a0w\u00a01899\u00a0r. uruchomiono dom zdrojwoy, tak ekskluzywnego, \u017ce\u00a0nazwanego Pa\u0142acem Nadbrze\u017cnym. &#13;\n<\/p>\n<p>&#13;<br \/>\n&#8222;I\u00a0miejsce w\u00a0plebiscycie \u201eZimowe Gwiazdy Travelist 2026\u201d w\u00a0kategorii &#8222;Miejscowo\u015b\u0107 nad morzem&#8221; to\u00a0dla nas sygna\u0142, \u017ce\u00a0obrany kurs ma\u00a0sens. \u017be\u00a0Ko\u0142obrzeg jest zauwa\u017cany, doceniany i\u00a0coraz wyra\u017aniej obecny na\u00a0mapie Polski \u2013\u00a0tak\u017ce poza sezonem&#8221; \u2013\u00a0pochwali\u0142 si\u0119 tym tytu\u0142em Urz\u0105d Miasta w\u00a0Ko\u0142obrzegu. W\u0142odarze dodali, \u017ce\u00a0Ko\u0142obrzeg zim\u0105 to\u00a0\u201e\u015bwiadomy wyb\u00f3r dla\u00a0tych, kt\u00f3rzy szukaj\u0105 jako\u015bci, przestrzeni, oddechu i\u00a0prawdziwego klimatu nad morzem\u201d. &#13;\n<\/p>\n<p>&#13;<br \/>\n&#8222;Trzecia edycja \u201eZimowych Gwiazd Travelist\u201d pokaza\u0142a, \u017ce\u00a0Polacy maj\u0105 swoich sprawdzonych zimowych faworyt\u00f3w, kt\u00f3rzy r\u00f3wnie\u017c w\u00a0zesz\u0142ym roku pojawili si\u0119 w\u00a0czo\u0142\u00f3wce zestawienia. Ko\u0142obrzeg i\u00a0Gda\u0144sk ponownie znalaz\u0142y si\u0119 w\u00a0TOP 3\u00a0nad morzem&#8221; \u2013\u00a0zaznaczy\u0142 Marek \u015awirkowicz, redaktor naczelny Magazynu Travelist. &#13;\n<\/p>\n<p>Kierunek na\u00a0wiosn\u0119<\/p>\n<p>&#13;<br \/>\nUzdrowisko nad morzem przyci\u0105gnie te\u017c t\u0142umy wiosna. Mi\u0119dzy marcem a\u00a0majem kierunki nadba\u0142tyckie b\u0119d\u0105 odpowiada\u0107 za\u00a0ponad po\u0142ow\u0119 (51 proc.) wszystkich rezerwacji dokonywanych na\u00a0Travelist.pl. To\u00a0wyra\u017ana dominacja nad g\u00f3rami, kt\u00f3re w\u00a0tym sezonie wiosennym przyci\u0105gaj\u0105 oko\u0142o 30 proc. turyst\u00f3w. &#13;\n<\/p>\n<p>&#13;<br \/>\nW\u015br\u00f3d miejscowo\u015bci nad morzem tej wiosny dominowa\u0107 b\u0119d\u0105 dominowa\u0107 w\u0142a\u015bnie Ko\u0142obrzeg, Mielno i\u00a0Gda\u0144sk. &#13;\n<\/p>\n<p>&#13;<br \/>\nCzytaj te\u017c:<br \/><a href=\"https:\/\/podroze.wprost.pl\/okazje\/12273072\/najlepsze-uzdrowisko-na-tani-wyjazd-4-dni-od-570-zl.html\" rel=\"follow nofollow noopener\" data-schema=\"WPROST\" data-image=\"https:\/\/img.wprost.pl\/_thumb\/1e\/54\/4c2614d567f22f6bbf11fc936544.jpeg\" target=\"_blank\">Najta\u0144sze miejsce na\u00a0wypoczynek w\u00a0Polsce. To\u00a0uzdrowisko proponuj\u0105 eksperci<\/a>Czytaj te\u017c:<br \/><a href=\"https:\/\/podroze.wprost.pl\/miejsca\/12267108\/to-najlepsze-i-najbardziej-sloneczne-uzdrowisko-w-polsce-bedzie-hitem-tego-roku.html\" rel=\"follow nofollow noopener\" data-schema=\"WPROST\" data-image=\"https:\/\/img.wprost.pl\/_thumb\/08\/8d\/5fa48097b85d488d18b4f971b63e.jpeg\" target=\"_blank\">Najlepsze uzdrowisko w\u00a0Polsce.\u00a0 Znajdziesz je\u00a0nieca\u0142e 3\u00a0godziny drogi od\u00a0Warszawy<\/a>&#13;<\/p>\n","protected":false},"excerpt":{"rendered":"&#13; Rankingi s\u0105 dobr\u0105 podpowiedzi\u0105 dla\u00a0turyst\u00f3w, kt\u00f3rzy szukaj\u0105 inspiracji do\u00a0podro\u017cy. W\u00a0tym roku Polacy po\u00a0raz trzeci g\u0142osowali na\u00a0ulubione nadmorskie&hellip;\n","protected":false},"author":2,"featured_media":331259,"comment_status":"","ping_status":"","sticky":false,"template":"","format":"standard","meta":{"footnotes":"","_share_on_mastodon":"0"},"categories":[51610],"tags":[6306,6305,189,1048,3760,10500,36886,6302,1615,42,6304,6303,38,40,39,41,4278],"class_list":["post-331258","post","type-post","status-publish","format-standard","has-post-thumbnail","category-gdansk","tag-afryka","tag-azja-ameryka","tag-europa","tag-gdansk","tag-gory","tag-kolobrzeg","tag-kurort","tag-miejsca","tag-morze","tag-pl","tag-plaze","tag-podroze","tag-poland","tag-polish","tag-polska","tag-polski","tag-turystyka"],"share_on_mastodon":{"url":"https:\/\/pubeurope.com\/@pl\/116303616029934118","error":""},"_links":{"self":[{"href":"https:\/\/www.europesays.com\/pl\/wp-json\/wp\/v2\/posts\/331258","targetHints":{"allow":["GET"]}}],"collection":[{"href":"https:\/\/www.europesays.com\/pl\/wp-json\/wp\/v2\/posts"}],"about":[{"href":"https:\/\/www.europesays.com\/pl\/wp-json\/wp\/v2\/types\/post"}],"author":[{"embeddable":true,"href":"https:\/\/www.europesays.com\/pl\/wp-json\/wp\/v2\/users\/2"}],"replies":[{"embeddable":true,"href":"https:\/\/www.europesays.com\/pl\/wp-json\/wp\/v2\/comments?post=331258"}],"version-history":[{"count":0,"href":"https:\/\/www.europesays.com\/pl\/wp-json\/wp\/v2\/posts\/331258\/revisions"}],"wp:featuredmedia":[{"embeddable":true,"href":"https:\/\/www.europesays.com\/pl\/wp-json\/wp\/v2\/media\/331259"}],"wp:attachment":[{"href":"https:\/\/www.europesays.com\/pl\/wp-json\/wp\/v2\/media?parent=331258"}],"wp:term":[{"taxonomy":"category","embeddable":true,"href":"https:\/\/www.europesays.com\/pl\/wp-json\/wp\/v2\/categories?post=331258"},{"taxonomy":"post_tag","embeddable":true,"href":"https:\/\/www.europesays.com\/pl\/wp-json\/wp\/v2\/tags?post=331258"}],"curies":[{"name":"wp","href":"https:\/\/api.w.org\/{rel}","templated":true}]}}