{"id":331355,"date":"2026-03-28T00:01:10","date_gmt":"2026-03-28T00:01:10","guid":{"rendered":"https:\/\/www.europesays.com\/pl\/331355\/"},"modified":"2026-03-28T00:01:10","modified_gmt":"2026-03-28T00:01:10","slug":"ignacy-liss-najlepszym-aktorem-festiwalu-we-francji-wielki-sukces-serialu-proud","status":"publish","type":"post","link":"https:\/\/www.europesays.com\/pl\/331355\/","title":{"rendered":"Ignacy Liss najlepszym aktorem festiwalu we Francji. Wielki sukces serialu &#8222;Proud&#8221;"},"content":{"rendered":"<p class=\"Paragraph_desktopParagraph__U31Gm\">Wst\u0119pne dane m\u00f3wi\u0105 jasno: w tym roku Lille podczas festiwalu Series Mania odwiedzi\u0142o ok. 112 tys. os\u00f3b \u2014 o 4 tys. wi\u0119cej ni\u017c w poprzedniej edycji. Publiczno\u015b\u0107 wybra\u0142a swoj\u0105 ulubion\u0105 seri\u0119 spo\u015br\u00f3d wszystkich konkursowych tytu\u0142\u00f3w (z wyj\u0105tkiem produkcji kr\u00f3tkometra\u017cowych), natomiast mi\u0119dzynarodowe jury pod przewodnictwem islandzkiego showrunnera Benedikta Erlingssona, w sk\u0142adzie z brazylijsk\u0105 aktork\u0105 Alice Brag\u0105, belgijsk\u0105 aktork\u0105 C\u00e9cile de France, francuskim aktorem i raperem Hatikiem, ira\u0144sk\u0105 re\u017cyserk\u0105 Id\u0105 Panahandeh oraz brytyjskim scenarzyst\u0105 Lukiem Watsonem, przyzna\u0142o cztery nagrody spo\u015br\u00f3d dziewi\u0119ciu premierowych seriali.<\/p>\n<p>Ignacy Liss najlepszym aktorem festiwalu we Francji. Wielki sukces polskiego serialu <\/p>\n<p class=\"Paragraph_desktopParagraph__U31Gm\">Polska produkcja TVN Warner Bros. Discovery &#8222;Proud&#8221; zosta\u0142a pokazana w konkursie g\u0142\u00f3wnym w kategorii International Competition. To pierwszy od 10 lat polski tytu\u0142, kt\u00f3ry zakwalifikowa\u0142 si\u0119 do tego presti\u017cowego konkursu. &#8222;Proud&#8221; zosta\u0142 doceniony przez mi\u0119dzynarodowe jury i uhonorowany najwa\u017cniejsz\u0105 nagrod\u0105 Grand Prix. Statuetk\u0119 dla najlepszego aktora odebra\u0142 r\u00f3wnie\u017c odtw\u00f3rca g\u0142\u00f3wnej roli <a href=\"https:\/\/plejada.pl\/temat\/ignacy-liss\/rg7p594\" id=\"207b543d-ff30-4b5d-b4e8-f3c422a1ed24\" rel=\"nofollow noopener\" target=\"_blank\">Ignacy Liss<\/a>.<\/p>\n<p class=\"Paragraph_desktopParagraph__U31Gm\">\u2014 W tym serialu uj\u0119\u0142o mnie to, \u017ce on nie pr\u00f3buje ci wbija\u0107 \u0142opat\u0105 jakich\u015b pogl\u0105d\u00f3w do g\u0142owy, indoktrynowa\u0107, wskazywa\u0107, w jaki spos\u00f3b powinni\u015bmy my\u015ble\u0107, tylko pokazuje histori\u0119 cz\u0142owieka. Cz\u0142owieka, kt\u00f3ry chce kocha\u0107, troszczy si\u0119 o drugiego cz\u0142owieka i mierzy si\u0119 przez to z jakimi\u015b trudno\u015bciami \u2014 wskazuje Ignacy Liss w rozmowie z Plejad\u0105.<\/p>\n<blockquote>\n<p class=\"Paragraph_desktopParagraph__U31Gm\">Mam do\u015b\u0107 historii, kt\u00f3re nas dziel\u0105, polaryzuj\u0105 spo\u0142ecze\u0144stwo, powinni\u015bmy szuka\u0107 dialogu i wydaje mi si\u0119, \u017ce ten serial w\u0142a\u015bnie taki jest. On nie ma na celu nikogo szokowa\u0107, bo gej chce adoptowa\u0107 dziecko, dla mnie to w og\u00f3le nie jest o tym. To historia ch\u0142opaka, kt\u00f3ry po prostu jest sob\u0105 i pr\u00f3buje jako\u015b odnale\u017a\u0107 si\u0119 w tym \u015bwiecie, \u017cy\u0107 najlepiej, jak tylko potrafi. Je\u015bli ta historia powinna do czego\u015b prowokowa\u0107, to do dyskusji <\/p>\n<\/blockquote>\n<p class=\"Paragraph_desktopParagraph__U31Gm\">\u2014 dodaje.<\/p>\n<p class=\"Paragraph_desktopParagraph__U31Gm\">Tegoroczne Forum w Lille Grand Palais zgromadzi\u0142o 5,2 tys. profesjonalist\u00f3w z 75 kraj\u00f3w oraz rekordow\u0105 liczb\u0119 97 wystawc\u00f3w. To w\u0142a\u015bnie tutaj dosz\u0142o do wydarzenia o historycznym wymiarze \u2014 podpisania przez dziewi\u0119\u0107 pa\u0144stw (Francja, Gruzja, Grecja, W\u0142ochy, Luksemburg, Malta, Czarnog\u00f3ra, Polska i Portugalia) pierwszej mi\u0119dzynarodowej konwencji Rady Europy po\u015bwi\u0119conej niezale\u017cnej koprodukcji seriali telewizyjnych i streamingowych.<\/p>\n<p class=\"Paragraph_desktopParagraph__U31Gm\">Tegoroczna edycja po raz kolejny umocni\u0142a pozycj\u0119 Series Mania Forum jako najwa\u017cniejszego miejsca spotka\u0144 dla tw\u00f3rc\u00f3w i dystrybutor\u00f3w seriali na \u015bwiecie. &#8222;Cieszymy si\u0119, \u017ce lista nagrodzonych potwierdza obserwowane przez nas trendy: siln\u0105 obecno\u015b\u0107 Wielkiej Brytanii oraz wysok\u0105 jako\u015b\u0107 polskich seriali, kt\u00f3re zdoby\u0142y a\u017c trzy wyr\u00f3\u017cnienia, a tak\u017ce wyra\u017an\u0105 reprezentacj\u0119 Quebecu. Szczeg\u00f3lnie cieszy nas sukces tak wyj\u0105tkowej produkcji jak \u00bbThe Flaws\u00ab. Doceniamy r\u00f3wnie\u017c obecno\u015b\u0107 dw\u00f3ch zespo\u0142\u00f3w sk\u0142adaj\u0105cych si\u0119 w ca\u0142o\u015bci z kobiet \u2014 \u00bbMy Brother\u00ab i \u00bbDustfall\u00ab. Dzi\u0119kujemy wszystkim partnerom \u2014 bez nich to wydarzenie nie mog\u0142oby si\u0119 odby\u0107&#8221; \u2014 podkre\u015bla Laurence Herszberg, za\u0142o\u017cycielka i dyrektorka Series Mania.<\/p>\n<p class=\"Paragraph_desktopParagraph__U31Gm\">Na festiwalu doceniony zosta\u0142 tak\u017ce inny polski serial \u2014 nagrod\u0119 studenckiego jury otrzyma\u0142a &#8222;Czarna \u015bmier\u0107&#8221; w re\u017cyserii Jakuba Czekaja, emitowana na antenie TVP.<\/p>\n<p>Serial &#8222;Proud&#8221; z nagrod\u0105 we Francji. O czym jest? <\/p>\n<p class=\"Paragraph_desktopParagraph__U31Gm\">Produkcja, sk\u0142adaj\u0105ca si\u0119 z o\u015bmiu odcink\u00f3w, przedstawia histori\u0119 Filipa \u2014 m\u0142odego geja, kt\u00f3ry \u017cyje szybko, intensywnie i bez ogl\u0105dania si\u0119 na konsekwencje. Jego \u015bwiat to bezkarno\u015b\u0107, bezczelno\u015b\u0107 i \u017cycie na w\u0142asnych zasadach, w kt\u00f3rym arogancja staje si\u0119 tarcz\u0105 chroni\u0105c\u0105 przed brakiem pewno\u015bci siebie.<\/p>\n<p class=\"Paragraph_desktopParagraph__U31Gm\">Wszystko zmienia si\u0119, gdy Filip staje w obliczu rodzinnej tragedii. Przed bohaterem pojawia si\u0119 wyzwanie, kt\u00f3rego nie da si\u0119 zignorowa\u0107 \u2014 opieka nad ma\u0142ym dzieckiem. &#8222;Proud&#8221; to nie tylko opowie\u015b\u0107 o dorastaniu i odpowiedzialno\u015bci, ale tak\u017ce o zderzeniu z uprzedzeniami i samotno\u015bci\u0105, kt\u00f3re wci\u0105\u017c s\u0105 obecne w polskiej rzeczywisto\u015bci.<\/p>\n<p><img decoding=\"async\" class=\"Image_image__0tuHp Image_autoHeight__f2n87 \" height=\"470\" width=\"940\" src=\"https:\/\/www.europesays.com\/pl\/wp-content\/uploads\/2026\/03\/GdNk9kpTURBXy80YTQ4YzBlNmRlZDg5YzRmMzlkM2NhNmVlMDNlYzE1ZS5qcGeSlQLNA6wAwsOVAgDNAkvCw94AA6EwAaExAaEzw.jpeg\" alt=\"Kadr z serialu &quot;Proud&quot;\" loading=\"lazy\" \/>HBO Max<\/p>\n<p>Kadr z serialu &#8222;Proud&#8221;<\/p>\n<p class=\"Paragraph_desktopParagraph__U31Gm\">W g\u0142\u00f3wn\u0105 rol\u0119 Filipa wciela si\u0119 Ignacy Liss, znany z produkcji &#8222;\u015awiat\u0142oczu\u0142a&#8221; oraz &#8222;Id\u017a pod pr\u0105d&#8221;. Towarzysz\u0105 mu na ekranie Maria Soboci\u0144ska i Kamil Studnicki. Za re\u017cyseri\u0119 odpowiada Karol Klementewicz, kt\u00f3ry wraz z Monik\u0105 P\u0119cikiewicz napisa\u0142 tak\u017ce scenariusz. Autork\u0105 zdj\u0119\u0107 jest Weronika Bilska, a za produkcj\u0119 odpowiada Bogumi\u0142 Lipski. Scenografi\u0119 przygotowa\u0142a Marcelina Pocz\u0105tek-Kunikowska, kostiumy \u2014 Zofia Komasa, a charakteryzacj\u0119 \u2014 Karolina Kordas. Monta\u017c to dzie\u0142o Alana Zejera i Kamila Grzybowskiego, obsad\u0119 re\u017cyserowa\u0142a Viola Borcuch, a muzyk\u0119 skomponowa\u0142 \u0141ukasz Targosz.<\/p>\n<p class=\"Paragraph_desktopParagraph__U31Gm\">&#8222;Proud&#8221; to propozycja dla tych, kt\u00f3rzy szukaj\u0105 w polskich serialach nie tylko rozrywki, ale tak\u017ce g\u0142\u0119bokiej refleksji nad wsp\u00f3\u0142czesno\u015bci\u0105. Czy Filip odnajdzie w sobie si\u0142\u0119, by zmierzy\u0107 si\u0119 z wyzwaniami, kt\u00f3rych nigdy si\u0119 nie spodziewa\u0142? Odpowiedzi poznamy ju\u017c wkr\u00f3tce na HBO Max.<\/p>\n<p class=\"Paragraph_desktopParagraph__U31Gm\">Dzi\u0119kujemy, \u017ce przeczyta\u0142a\u015b\/e\u015b nasz artyku\u0142 do ko\u0144ca. W serwisie Plejada.pl ka\u017cdego dnia piszemy o najwa\u017cniejszych wydarzeniach show-biznesowych. B\u0105d\u017a na bie\u017c\u0105co!<a rel=\"nofollow noopener\" href=\"https:\/\/profile.google.com\/cp\/Cg0vZy8xMWJ6X19wdHBx\" id=\"ec089c93-4ec7-4e28-8c8b-57a6f89324b4\" target=\"_blank\"> Obserwuj<\/a> Plejad\u0119 w Google. Odwied\u017a nas tak\u017ce na<a rel=\"nofollow noopener\" href=\"https:\/\/www.facebook.com\/plejadapl\" id=\"3e709c23-f7cf-491a-83a8-e38afc0b362f\" target=\"_blank\"> Facebooku<\/a>,<a rel=\"nofollow noopener\" href=\"https:\/\/www.instagram.com\/plejadapl\/\" id=\"3d0d8adf-d6c8-4c1f-a30e-d87843c8139a\" target=\"_blank\"> Instagramie<\/a>,<a rel=\"nofollow noopener\" href=\"https:\/\/www.youtube.com\/c\/plejada\" id=\"5dd7166a-edd0-43d1-b835-c14830e0fb41\" target=\"_blank\"> YouTubie<\/a> oraz<a rel=\"nofollow noopener\" href=\"https:\/\/www.tiktok.com\/@plejada_pl\" id=\"0cba2afa-fcc9-44de-a954-90d519f49e12\" target=\"_blank\"> TikToku<\/a>.<\/p>\n<p class=\"Paragraph_desktopParagraph__U31Gm\">Chcesz podzieli\u0107 si\u0119 ciekawym newsem lub zaproponowa\u0107 temat? Skontaktuj si\u0119 z nami, pisz\u0105c maila na adres: <a href=\"https:\/\/www.onet.pl\/styl-zycia\/plejada\/ignacy-liss-najlepszym-aktorem-festiwalu-we-francji-wielki-sukces-serialu-proud\/mailto:plejada@redakcjaonet.pl\" id=\"2a77a8c7-521d-48a5-8d8d-24c6064d612d\" rel=\"nofollow noopener\" target=\"_blank\">plejada@redakcjaonet.pl<\/a>.<\/p>\n<p><script async src=\"\/\/www.instagram.com\/embed.js\"><\/script><script async src=\"\/\/www.tiktok.com\/embed.js\"><\/script><\/p>\n","protected":false},"excerpt":{"rendered":"Wst\u0119pne dane m\u00f3wi\u0105 jasno: w tym roku Lille podczas festiwalu Series Mania odwiedzi\u0142o ok. 112 tys. os\u00f3b \u2014&hellip;\n","protected":false},"author":2,"featured_media":331356,"comment_status":"","ping_status":"","sticky":false,"template":"","format":"standard","meta":{"footnotes":"","_share_on_mastodon":"0"},"categories":[22],"tags":[122,34111,51400,261,53,52,68,51,55,42,38,40,39,41,123,47,7581,65,50],"class_list":["post-331355","post","type-post","status-publish","format-standard","has-post-thumbnail","category-rozrywka","tag-entertainment","tag-hbo_max_stacja_tv_kanal_streamingowy","tag-ignacy_liss","tag-kultura","tag-new_header","tag-onet3","tag-onet3d","tag-onet3d_2i","tag-phx","tag-pl","tag-poland","tag-polish","tag-polska","tag-polski","tag-rozrywka","tag-screening_general","tag-serial_seriale","tag-update_me","tag-v2021"],"share_on_mastodon":{"url":"https:\/\/pubeurope.com\/@pl\/116303867886734606","error":""},"_links":{"self":[{"href":"https:\/\/www.europesays.com\/pl\/wp-json\/wp\/v2\/posts\/331355","targetHints":{"allow":["GET"]}}],"collection":[{"href":"https:\/\/www.europesays.com\/pl\/wp-json\/wp\/v2\/posts"}],"about":[{"href":"https:\/\/www.europesays.com\/pl\/wp-json\/wp\/v2\/types\/post"}],"author":[{"embeddable":true,"href":"https:\/\/www.europesays.com\/pl\/wp-json\/wp\/v2\/users\/2"}],"replies":[{"embeddable":true,"href":"https:\/\/www.europesays.com\/pl\/wp-json\/wp\/v2\/comments?post=331355"}],"version-history":[{"count":0,"href":"https:\/\/www.europesays.com\/pl\/wp-json\/wp\/v2\/posts\/331355\/revisions"}],"wp:featuredmedia":[{"embeddable":true,"href":"https:\/\/www.europesays.com\/pl\/wp-json\/wp\/v2\/media\/331356"}],"wp:attachment":[{"href":"https:\/\/www.europesays.com\/pl\/wp-json\/wp\/v2\/media?parent=331355"}],"wp:term":[{"taxonomy":"category","embeddable":true,"href":"https:\/\/www.europesays.com\/pl\/wp-json\/wp\/v2\/categories?post=331355"},{"taxonomy":"post_tag","embeddable":true,"href":"https:\/\/www.europesays.com\/pl\/wp-json\/wp\/v2\/tags?post=331355"}],"curies":[{"name":"wp","href":"https:\/\/api.w.org\/{rel}","templated":true}]}}