{"id":332866,"date":"2026-03-28T19:05:10","date_gmt":"2026-03-28T19:05:10","guid":{"rendered":"https:\/\/www.europesays.com\/pl\/332866\/"},"modified":"2026-03-28T19:05:10","modified_gmt":"2026-03-28T19:05:10","slug":"wyksztalcenie-anity-werner-moze-zaskoczyc-niewielu-wie-co-chciala-robic-w-zyciu","status":"publish","type":"post","link":"https:\/\/www.europesays.com\/pl\/332866\/","title":{"rendered":"Wykszta\u0142cenie Anity Werner mo\u017ce zaskoczy\u0107. Niewielu wie, co chcia\u0142a robi\u0107 w \u017cyciu"},"content":{"rendered":"<p class=\"Paragraph_desktopParagraph__U31Gm\"><a href=\"https:\/\/plejada.pl\/temat\/anita-werner\/gvqdpwk\" id=\"42126dbe-869b-4750-8826-d8f66de190e3\" rel=\"nofollow noopener\" target=\"_blank\">Anita Werner<\/a> ze stacj\u0105 jest zwi\u0105zana od 25 lat \u2014 to w\u0142a\u015bnie w 2001 r. do\u0142\u0105czy\u0142a do TVN24, a trzy lata p\u00f3\u017aniej rozpocz\u0119\u0142a wsp\u00f3\u0142prac\u0119 przy &#8222;Faktach&#8221;. Mimo \u017ce obecnie jest jedn\u0105 z najpopularniejszych dziennikarek w Polsce, pocz\u0105tkowo nie planowa\u0142a swojej kariery w mediach.<\/p>\n<p>Wykszta\u0142cenie Anity Werner <\/p>\n<p class=\"Paragraph_desktopParagraph__U31Gm\">Ju\u017c w dzieci\u0144stwie Anita Werner, kt\u00f3ra wychowywa\u0142a si\u0119 w \u0141odzi, nie mog\u0142a narzeka\u0107 na nud\u0119. &#8222;Gra\u0142am na fortepianie, trenowa\u0142am tenisa, bra\u0142am lekcje \u015bpiewu, ta\u0144czy\u0142am w zespole jazzowym, ale wi\u0119kszo\u015b\u0107 zaj\u0119\u0107 wymy\u015bli\u0142am sobie sama&#8221; \u2014 przyzna\u0142a, cytowana przez dziennik.pl.<\/p>\n<blockquote>\n<p class=\"Paragraph_desktopParagraph__U31Gm\">Tych zaj\u0119\u0107 by\u0142o mn\u00f3stwo, a rodzice pozwolili mi posmakowa\u0107 wszystkiego, na co mia\u0142am ochot\u0119, co powodowa\u0142o, \u017ce mia\u0142am wyb\u00f3r, mog\u0142am sprawdza\u0107, co mnie naprawd\u0119 zainteresuje. W domu znajdowa\u0142am inspiracj\u0119 i motywacj\u0119<\/p>\n<\/blockquote>\n<p class=\"Paragraph_desktopParagraph__U31Gm\">&#8222;Nigdy nie us\u0142ysza\u0142am: \u00bbNie biegaj, bo si\u0119 przewr\u00f3cisz\u00ab, \u00bbNie r\u00f3b tego, bo to dla doros\u0142ych\u00ab&#8221; \u2014 doda\u0142a w wywiadzie dla magazynu &#8222;Woman&#8217;s Health&#8221;.<\/p>\n<p class=\"Paragraph_desktopParagraph__U31Gm\">Dziennikarka tak naprawd\u0119 chcia\u0142a studiowa\u0107 mechanik\u0119, a nast\u0119pnie otworzy\u0107 firm\u0119 motoryzacyjn\u0105, na co mia\u0142 wp\u0142yw r\u00f3wnie\u017c jej ojciec \u2014 wyk\u0142ada\u0142 na Politechnice \u0141\u00f3dzkiej, a tak\u017ce s\u0119dziowa\u0142 na rajdach samochodowych. &#8222;Marzy\u0142am o tym a\u017c do momentu, kiedy przekona\u0142am si\u0119, \u017ce z fizyki jestem cienka, a z matematyki te\u017c nie najlepsza. Na \u015bcis\u0142ym kierunku by\u0142oby mi ci\u0119\u017cko. Ale mi\u0142o\u015b\u0107 do czterech k\u00f3\u0142ek pozosta\u0142a&#8221; \u2014 m\u00f3wi\u0142a.<\/p>\n<p class=\"Paragraph_desktopParagraph__U31Gm\">Anita Werner uko\u0144czy\u0142a kulturoznawstwo ze specjalno\u015bci\u0105 filmoznawstwo na Uniwersytecie \u0141\u00f3dzkim. Nied\u0142ugo p\u00f3\u017aniej do\u0142\u0105czy\u0142a do TVN-u.<\/p>\n<blockquote>\n<p class=\"Paragraph_desktopParagraph__U31Gm\">Kiedy zacz\u0119\u0142am prac\u0119 w TVN24, by\u0142am kompletnym \u017c\u00f3\u0142todziobem. By\u0142am kompletnie zielona, je\u015bli chodzi o dziennikarstwo informacyjne, natomiast wiedzia\u0142am, \u017ce znajduj\u0119 si\u0119 w dru\u017cynie dziennikarzy, kt\u00f3rzy s\u0105 najlepsi w Polsce. To by\u0142 dream team od samego pocz\u0105tku i wiedzia\u0142am, \u017ce mog\u0142am si\u0119 uczy\u0107 si\u0119 od najlepszych<\/p>\n<\/blockquote>\n<p class=\"Paragraph_desktopParagraph__U31Gm\">\u2014 Te wszystkie autorytety, kt\u00f3re wcze\u015bniej zna\u0142am z telewizji, mia\u0142am na korytarzu na wyci\u0105gni\u0119cie r\u0119ki. Do ka\u017cdego mog\u0142am podej\u015b\u0107 i zapyta\u0107: &#8222;Jak to zrobi\u0107?&#8221;. To by\u0142o fantastyczne, ale tak te pocz\u0105tki wygl\u0105da\u0142y. To by\u0142y lata zdobywania wiedzy i do\u015bwiadczenia i pewno\u015bci siebie w tym dziennikarskim warsztacie \u2014 <a href=\"https:\/\/plejada.pl\/wideo\/anita-werner-zaczela-kariere-w-wieku-23-lat-bylam-kompletnym-zoltodziobem\/wc7bxfc\" id=\"d411ed40-c02b-430d-858f-5d0cfa97d8eb\" rel=\"nofollow noopener\" target=\"_blank\">m\u00f3wi\u0142a w rozmowie z Plejad\u0105.<\/a><\/p>\n<p><img decoding=\"async\" class=\"Image_image__0tuHp Image_autoHeight__f2n87 \" height=\"587\" width=\"391\" src=\"https:\/\/www.europesays.com\/pl\/wp-content\/uploads\/2026\/01\/Pnlk9kpTURBXy8zZDA0MjAzMmVhODFhZTBlOGFhYWI3MWE1YjQ1YTExNy5qcGeSlQLNA6wAwsOVAgDNAkvCw94AA6EwAaExAaEzw.jpeg\" alt=\"Anita Werner (2024 r.)\" loading=\"lazy\" \/>Andras Szilagyi \/ MW Media<\/p>\n<p>Anita Werner (2024 r.)<\/p>\n<p class=\"Paragraph_desktopParagraph__U31Gm\">Dzi\u0119kujemy, \u017ce przeczyta\u0142a\u015b\/e\u015b nasz artyku\u0142 do ko\u0144ca. W serwisie Plejada.pl ka\u017cdego dnia piszemy o najwa\u017cniejszych wydarzeniach show-biznesowych. B\u0105d\u017a na bie\u017c\u0105co!<a rel=\"nofollow noopener\" href=\"https:\/\/profile.google.com\/cp\/Cg0vZy8xMWJ6X19wdHBx\" id=\"45e36368-6634-47b2-836d-b02970c30d31\" target=\"_blank\"> Obserwuj<\/a> Plejad\u0119 w Google. Odwied\u017a nas tak\u017ce na<a rel=\"nofollow noopener\" href=\"https:\/\/www.facebook.com\/plejadapl\" id=\"06fc824f-dbd6-4f90-a209-80d6bebdc091\" target=\"_blank\"> Facebooku<\/a>,<a rel=\"nofollow noopener\" href=\"https:\/\/www.instagram.com\/plejadapl\/\" id=\"b0f91384-0e87-4281-a311-c2acd2387ff9\" target=\"_blank\"> Instagramie<\/a>,<a rel=\"nofollow noopener\" href=\"https:\/\/www.youtube.com\/c\/plejada\" id=\"070fe234-25a2-47ea-bb63-00e6fe9572f2\" target=\"_blank\"> YouTubie<\/a> oraz<a rel=\"nofollow noopener\" href=\"https:\/\/www.tiktok.com\/@plejada_pl\" id=\"4574bb64-cab4-46c0-adbc-29b21f4c8acb\" target=\"_blank\"> TikToku<\/a>.<\/p>\n<p class=\"Paragraph_desktopParagraph__U31Gm\">Chcesz podzieli\u0107 si\u0119 ciekawym newsem lub zaproponowa\u0107 temat? Skontaktuj si\u0119 z nami, pisz\u0105c maila na adres: <a href=\"https:\/\/www.onet.pl\/styl-zycia\/plejada\/wyksztalcenie-anity-werner-moze-zaskoczyc-niewielu-wie-co-chciala-robic-w-zyciu\/mailto:plejada@redakcjaonet.pl\" id=\"67772346-4879-4983-bdd9-886f7366dd17\" rel=\"nofollow noopener\" target=\"_blank\">plejada@redakcjaonet.pl<\/a>.<\/p>\n<p><script async src=\"\/\/www.instagram.com\/embed.js\"><\/script><script async src=\"\/\/www.tiktok.com\/embed.js\"><\/script><\/p>\n","protected":false},"excerpt":{"rendered":"Anita Werner ze stacj\u0105 jest zwi\u0105zana od 25 lat \u2014 to w\u0142a\u015bnie w 2001 r. do\u0142\u0105czy\u0142a do TVN24,&hellip;\n","protected":false},"author":2,"featured_media":332867,"comment_status":"","ping_status":"","sticky":false,"template":"","format":"standard","meta":{"footnotes":"","_share_on_mastodon":"0"},"categories":[22],"tags":[24830,244,470,122,2728,67,53,52,68,51,55,42,38,40,39,41,123,47,196,50],"class_list":["post-332866","post","type-post","status-publish","format-standard","has-post-thumbnail","category-rozrywka","tag-anita_werner","tag-ctr_tst","tag-educate_me","tag-entertainment","tag-evergreen","tag-intextvideo_splayer","tag-new_header","tag-onet3","tag-onet3d","tag-onet3d_2i","tag-phx","tag-pl","tag-poland","tag-polish","tag-polska","tag-polski","tag-rozrywka","tag-screening_general","tag-styl_zycia","tag-v2021"],"share_on_mastodon":{"url":"https:\/\/pubeurope.com\/@pl\/116308366137660023","error":""},"_links":{"self":[{"href":"https:\/\/www.europesays.com\/pl\/wp-json\/wp\/v2\/posts\/332866","targetHints":{"allow":["GET"]}}],"collection":[{"href":"https:\/\/www.europesays.com\/pl\/wp-json\/wp\/v2\/posts"}],"about":[{"href":"https:\/\/www.europesays.com\/pl\/wp-json\/wp\/v2\/types\/post"}],"author":[{"embeddable":true,"href":"https:\/\/www.europesays.com\/pl\/wp-json\/wp\/v2\/users\/2"}],"replies":[{"embeddable":true,"href":"https:\/\/www.europesays.com\/pl\/wp-json\/wp\/v2\/comments?post=332866"}],"version-history":[{"count":0,"href":"https:\/\/www.europesays.com\/pl\/wp-json\/wp\/v2\/posts\/332866\/revisions"}],"wp:featuredmedia":[{"embeddable":true,"href":"https:\/\/www.europesays.com\/pl\/wp-json\/wp\/v2\/media\/332867"}],"wp:attachment":[{"href":"https:\/\/www.europesays.com\/pl\/wp-json\/wp\/v2\/media?parent=332866"}],"wp:term":[{"taxonomy":"category","embeddable":true,"href":"https:\/\/www.europesays.com\/pl\/wp-json\/wp\/v2\/categories?post=332866"},{"taxonomy":"post_tag","embeddable":true,"href":"https:\/\/www.europesays.com\/pl\/wp-json\/wp\/v2\/tags?post=332866"}],"curies":[{"name":"wp","href":"https:\/\/api.w.org\/{rel}","templated":true}]}}