{"id":3332,"date":"2025-09-18T18:57:07","date_gmt":"2025-09-18T18:57:07","guid":{"rendered":"https:\/\/www.europesays.com\/pl\/3332\/"},"modified":"2025-09-18T18:57:07","modified_gmt":"2025-09-18T18:57:07","slug":"tak-wygladal-grob-katarzyny-stoparczyk-tuz-po-pogrzebie-uwage-zwracaja-dwa-wience-onet","status":"publish","type":"post","link":"https:\/\/www.europesays.com\/pl\/3332\/","title":{"rendered":"Tak wygl\u0105da\u0142 gr\u00f3b Katarzyny Stoparczyk tu\u017c po pogrzebie. Uwag\u0119 zwracaj\u0105 dwa wie\u0144ce &#8211; Onet"},"content":{"rendered":"<ol>\n<li><a href=\"https:\/\/news.google.com\/rss\/articles\/CBMi0wFBVV95cUxPcHpLVG51aURpV1I5bHRNN2FWOU00VWpzc2Qyb3ZlZ0NJengxVXVycmFuOGtxdGh3SmlKX08tQk11dXlqemJnYUNoSmd6cDZUbHVmZG52MHYwWURSRGpweFdYZERLeVlLMHE2UDZBS2lEXzBKY3llQWFQZWViQUtGeGxnRHQtRTJDTHdPTl9YNTNLWlMxZnlJSHpNNzhpLWZfVWM1M2c3dC1laDZobjF1SHlUU0dDZXZ1c3RtSGdQWGF3Z3NKd3gyWVczTXlQQ2xnZFFF?oc=5\" target=\"_blank\" rel=\"nofollow noopener\">Tak wygl\u0105da\u0142 gr\u00f3b Katarzyny Stoparczyk tu\u017c po pogrzebie. Uwag\u0119 zwracaj\u0105 dwa wie\u0144ce<\/a>&nbsp;&nbsp;Onet<\/li>\n<li><a href=\"https:\/\/news.google.com\/rss\/articles\/CBMirgFBVV95cUxNNHRuamd3M0YwemEwSEkyT1kySnM2Y3JKanpvSVhGaFYzSGJfVl9uMEh6cF85OWU1LTdyM1ptSmpTWXFraE5TcUplTzduRXllMUdBbWtQbnBMa05VaWtzTU83MVMybXNyZTZ5eU1DSlowU2t0U3pMVEttSnlqbEtfV2xpOUg4T245aDI2ZmlGTkVST2s0bVprdmdkZFkyYzRpZFJGeW1LdkwyNDVySEE?oc=5\" target=\"_blank\" rel=\"nofollow noopener\">Wzruszaj\u0105cy pogrzeb Stoparczyk. &#8222;Wydobywa\u0142a z dzieci wszystko to, co najlepsze&#8221;<\/a>&nbsp;&nbsp;TVN24<\/li>\n<li><a href=\"https:\/\/news.google.com\/rss\/articles\/CBMitAFBVV95cUxPcFZnS1JaWlhRZVdqZ05JUjVnY1FCbG9nNmFrUXA5VlpQU2J6em1LUy00S0Zlczd2c1U0MXAzM0ljb3cwZUszVzVUbFIzYTZUdDJydVozdVB5czdnbGp4OXNrSWsxQUlvbnNBWXpsT1I0alQyaFRmSllXYlhVcXY0SC1jaGxDZ25HZmNmM3FtcFV0VTQ0ODhkUlJadlFNRVhVckpoYnJiUmU1R3FfcFRrQ3EwRUc?oc=5\" target=\"_blank\" rel=\"nofollow noopener\">&#8222;Nie umiem wskaza\u0107 kogo\u015b, kto m\u00f3g\u0142by j\u0105 zast\u0105pi\u0107&#8221;. Reporta\u017c &#8222;Dzi\u0119ki Kasi&#8221;<\/a>&nbsp;&nbsp;Tr\u00f3jka \u2013 Program Trzeci Polskiego Radia<\/li>\n<li><a href=\"https:\/\/news.google.com\/rss\/articles\/CBMisAFBVV95cUxNMGoxT2tlUmZ5blVVQU04WUJzVkFXdFpKY0V5UXlvd3czYUE4MDZIc1pYQkUwVE1jc0YxQi0xNF9rSHpkZTRCNnBYeGUxcVY2N0NqOTdWMko0QWRZVGFmM0VLaE5ub1htbEp4NGVqejZIaGd3TURJWjc5NlZ2aXNzWWg0WC04dVlHMFdqeWlYQ0tVY001LTBmaDNaNlFZZWZmWXJKbUYtNjkwREVBdHdJTQ?oc=5\" target=\"_blank\" rel=\"nofollow noopener\">W Warszawie odby\u0142y si\u0119 uroczysto\u015bci pogrzebowe dziennikarki Katarzyny Stoparczyk<\/a>&nbsp;&nbsp;Polska Agencja Prasowa SA<\/li>\n<li><a href=\"https:\/\/news.google.com\/rss\/articles\/CBMitwFBVV95cUxPQVF4ckhEQW9fbFpkQjFsV0R3OWZsbjAtMm1kTjJxOHFaZk5ZR3VCV2wtakQzZXJGRXd0Tkd0cDFzM3VrZFNSaUNpZ1RzNEVMSmU2eEdjUXZKdUVEYlZlWHVxVld1dGFFNEZmVmtZZjcwYkUweHFJWjBtNzNMSkJJQjhPaVVjRkxuc0p4OHBWYzZHa0ZramhxbVRjcVJzVW9zaEc0a0JzempjNG5xMDRxckJOcVBpTW8?oc=5\" target=\"_blank\" rel=\"nofollow noopener\">Pogrzeb Katarzyny Stoparczyk. Rodzina wskazuje, jak mo\u017cna j\u0105 upami\u0119tni\u0107<\/a>&nbsp;&nbsp;Strona Kobiet<\/li>\n<\/ol>\n","protected":false},"excerpt":{"rendered":"Tak wygl\u0105da\u0142 gr\u00f3b Katarzyny Stoparczyk tu\u017c po pogrzebie. Uwag\u0119 zwracaj\u0105 dwa wie\u0144ce&nbsp;&nbsp;Onet Wzruszaj\u0105cy pogrzeb Stoparczyk. &#8222;Wydobywa\u0142a z dzieci&hellip;\n","protected":false},"author":2,"featured_media":3333,"comment_status":"","ping_status":"","sticky":false,"template":"","format":"standard","meta":{"footnotes":""},"categories":[12],"tags":[32,33,244,36,37,27,67,322,34,35,28,31,53,25,52,68,51,55,42,393,38,40,39,41,47,196,29,30,65,50,26],"class_list":{"0":"post-3332","1":"post","2":"type-post","3":"status-publish","4":"format-standard","5":"has-post-thumbnail","7":"category-polska","8":"tag-breaking-news","9":"tag-breakingnews","10":"tag-ctr_tst","11":"tag-featured-news","12":"tag-featurednews","13":"tag-headlines","14":"tag-intextvideo_splayer","15":"tag-katarzyna_stoparczyk","16":"tag-latest-news","17":"tag-latestnews","18":"tag-naglowki","19":"tag-najwazniejsze-artykuly","20":"tag-new_header","21":"tag-news","22":"tag-onet3","23":"tag-onet3d","24":"tag-onet3d_2i","25":"tag-phx","26":"tag-pl","27":"tag-pogrzeb","28":"tag-poland","29":"tag-polish","30":"tag-polska","31":"tag-polski","32":"tag-screening_general","33":"tag-styl_zycia","34":"tag-top-stories","35":"tag-topstories","36":"tag-update_me","37":"tag-v2021","38":"tag-wiadomosci"},"share_on_mastodon":{"url":"","error":""},"_links":{"self":[{"href":"https:\/\/www.europesays.com\/pl\/wp-json\/wp\/v2\/posts\/3332","targetHints":{"allow":["GET"]}}],"collection":[{"href":"https:\/\/www.europesays.com\/pl\/wp-json\/wp\/v2\/posts"}],"about":[{"href":"https:\/\/www.europesays.com\/pl\/wp-json\/wp\/v2\/types\/post"}],"author":[{"embeddable":true,"href":"https:\/\/www.europesays.com\/pl\/wp-json\/wp\/v2\/users\/2"}],"replies":[{"embeddable":true,"href":"https:\/\/www.europesays.com\/pl\/wp-json\/wp\/v2\/comments?post=3332"}],"version-history":[{"count":0,"href":"https:\/\/www.europesays.com\/pl\/wp-json\/wp\/v2\/posts\/3332\/revisions"}],"wp:featuredmedia":[{"embeddable":true,"href":"https:\/\/www.europesays.com\/pl\/wp-json\/wp\/v2\/media\/3333"}],"wp:attachment":[{"href":"https:\/\/www.europesays.com\/pl\/wp-json\/wp\/v2\/media?parent=3332"}],"wp:term":[{"taxonomy":"category","embeddable":true,"href":"https:\/\/www.europesays.com\/pl\/wp-json\/wp\/v2\/categories?post=3332"},{"taxonomy":"post_tag","embeddable":true,"href":"https:\/\/www.europesays.com\/pl\/wp-json\/wp\/v2\/tags?post=3332"}],"curies":[{"name":"wp","href":"https:\/\/api.w.org\/{rel}","templated":true}]}}