{"id":333943,"date":"2026-03-29T10:50:09","date_gmt":"2026-03-29T10:50:09","guid":{"rendered":"https:\/\/www.europesays.com\/pl\/333943\/"},"modified":"2026-03-29T10:50:09","modified_gmt":"2026-03-29T10:50:09","slug":"ingres-kard-konrada-krajewskiego-piec-obrazow-ktore-zapamietamy-na-dlugo","status":"publish","type":"post","link":"https:\/\/www.europesays.com\/pl\/333943\/","title":{"rendered":"Ingres kard. Konrada Krajewskiego. Pi\u0119\u0107 obraz\u00f3w, kt\u00f3re zapami\u0119tamy na d\u0142ugo"},"content":{"rendered":"<p class=\"Paragraph_desktopParagraph__U31Gm\">Nuncjusz apostolski w Polsce abp Antonio Guido Filipazzi, kardyna\u0142owie, ponad pi\u0119\u0107dziesi\u0119ciu arcybiskup\u00f3w i biskup\u00f3w, blisko p\u00f3\u0142 tysi\u0105ca ksi\u0119\u017cy oraz licznie zgromadzeni wierni z \u0141odzi i ca\u0142ej Polski uczestniczyli w uroczysto\u015bciach ingresu.<\/p>\n<p class=\"Paragraph_desktopParagraph__U31Gm\">W sobot\u0119 rozpocz\u0105\u0142 si\u0119 nowy okres \u0142\u00f3dzkiego Ko\u015bcio\u0142a, na czele kt\u00f3rego stan\u0105\u0142 kard. Konrad Krajewski. I b\u0119dzie on prowadzi\u0142 ten Ko\u015bci\u00f3\u0142 przez co najmniej nast\u0119pne 13 lat, zanim osi\u0105gnie wiek emerytalny.<\/p>\n<p class=\"Paragraph_desktopParagraph__U31Gm\">W samej uroczysto\u015bci nie brakowa\u0142o scen symbolicznych, kt\u00f3re warto zapami\u0119ta\u0107 na d\u0142u\u017cej. Mog\u0105 one bowiem zwiastowa\u0107 kierunki w nowej, cho\u0107 nie\u0142atwej drodze \u0142\u00f3dzkiego kardyna\u0142a.<\/p>\n<p>I. Kard. Krajewski: Ja wiem, gdzie jest Jezus. On jest tutaj, w tej katedrze <\/p>\n<p class=\"Paragraph_desktopParagraph__U31Gm\">&#8222;Pami\u0119tacie, kiedy Jezus wam przeszkadza\u0142 w \u017cyciu? Czy s\u0105 takie chwile, kiedy On mi przeszkadza?&#8221; \u2014 pyta\u0142 ju\u017c na samym pocz\u0105tku homilii kard. Krajewski.<\/p>\n<p class=\"Paragraph_desktopParagraph__U31Gm\">Ale zaraz sam odpowiedzia\u0142 na to pytanie, powo\u0142uj\u0105c si\u0119 na \u017cycie i przyk\u0142ad Syna Bo\u017cego:<\/p>\n<p class=\"Paragraph_desktopParagraph__U31Gm\">\u2014 Kiedy czyta\u0142em kilka dni temu po raz pierwszy Ewangeli\u0119 przed dzisiejsz\u0105 uroczysto\u015bci\u0105. Przypomnia\u0142y mi si\u0119 dni w seminarium, kiedy nocami s\u0142uchali\u015bmy w radio procesu ksi\u0119dza Popie\u0142uszki. Potem oczekiwanie, bo cia\u0142a nie mo\u017cna by\u0142o znale\u017a\u0107. Potem jego \u015bmier\u0107. Dlaczego go trzeba by\u0142o zabi\u0107? Bo ludzie szli za nim. Bo m\u00f3wi\u0142 za \u015bwi\u0119tym Paw\u0142em, \u017ce z\u0142o trzeba dobrem zwyci\u0119\u017ca\u0107. Prawda kosztuje czasem \u017cycie \u2014 podsumowa\u0142 hierarcha.<\/p>\n<p class=\"Paragraph_desktopParagraph__U31Gm\">Dalej kardyna\u0142 zwr\u00f3ci\u0142 si\u0119 bezpo\u015brednio do swoich wiernych:<\/p>\n<p class=\"Paragraph_desktopParagraph__U31Gm\">\u2014 Wszyscy, kt\u00f3rzy wiecie, gdzie On si\u0119 znajduje, powiedzcie nam. Chcia\u0142em wam powiedzie\u0107: ja wiem, gdzie On jest. Ja wiem, gdzie jest Jezus. On jest tu. On jest tu podczas Eucharystii. On jest tu, w Ko\u015bciele \u2014 wyja\u015bni\u0142.<\/p>\n<p class=\"Paragraph_desktopParagraph__U31Gm\">W dalszej cz\u0119\u015bci homilii w spos\u00f3b metaforyczny zdradzi\u0142 te\u017c, jak widzi swoj\u0105 rol\u0119 w diecezji:<\/p>\n<p class=\"Paragraph_desktopParagraph__U31Gm\">Kap\u0142an ma reprezentowa\u0107 Boga ca\u0142ym sob\u0105. Zobaczcie, jak jestem ubrany. Wida\u0107 tylko twarz i r\u0119ce. Ca\u0142y. Mam nale\u017ce\u0107 do Boga. Ca\u0142y. Mam go reprezentowa\u0107. Mam w Jego imieniu m\u00f3wi\u0107. Mam go przyzywa\u0107. Mam go nie zas\u0142ania\u0107 sob\u0105. Czasem zas\u0142aniamy Boga sob\u0105. Czasem jeste\u015bmy karykatur\u0105 Chrystusa. Dobrze o tym wiecie. Jeste\u015bmy z ludu wzi\u0119ci. Mamy obci\u0105\u017cenia, jakie ma dzi\u015b lud. A Jezus zaczyna nam ufa\u0107 [&#8230;] Razem z wami wybieram si\u0119 dzisiaj na drogi \u015bwi\u0119to\u015bci. B\u0105d\u017amy razem i s\u0142uchajmy si\u0119 s\u0142\u00f3w Ewangelii. Dotykajmy go w sakramentach i nabierzmy. Nabierzmy logiki Boga w rozwi\u0105zywaniu wszystkich spraw naszego \u017cycia<\/p>\n<p class=\"Paragraph_desktopParagraph__U31Gm\">\u2014 m\u00f3wi\u0142.<\/p>\n<p class=\"Paragraph_desktopParagraph__U31Gm\">Na sam koniec mszy kardyna\u0142 wspomnia\u0142 nie\u017cyj\u0105cego ju\u017c papie\u017ca Franciszka, kt\u00f3ry mia\u0142 go nauczy\u0107 w\u0142a\u015bnie tego, by swoj\u0105 pos\u0142ug\u0105 &#8222;nie zas\u0142ania\u0142 Boga&#8221;. Zapami\u0119ta\u0142 to i wzi\u0105\u0142 sobie do serca.<\/p>\n<p>II. Poruszaj\u0105cy moment podczas mszy. Kardyna\u0142 ukl\u0119kn\u0105\u0142 przed wiernymi <\/p>\n<p class=\"Paragraph_desktopParagraph__U31Gm\">Kolejny obraz to pro\u015bba kardyna\u0142a do wszystkich, kt\u00f3rzy w sobot\u0119 znale\u017ali si\u0119 w \u0142\u00f3dzkiej bazylice:<\/p>\n<p class=\"Paragraph_desktopParagraph__U31Gm\">\u2014 Mam do was pro\u015bb\u0119. Tak\u0105 zwyk\u0142\u0105, jak mo\u017cna poprosi\u0107 drugiego cz\u0142owieka, prosz\u0105c, by si\u0119 pomodli\u0142. Ja prosz\u0119, by\u015bcie mnie otoczyli modlitw\u0105 i pob\u0142ogos\u0142awili. Ukl\u0119kn\u0119 przed wami i poprosz\u0119. Wyci\u0105gnijcie nade mn\u0105 r\u0119k\u0119, bym nie zas\u0142ania\u0142 sob\u0105 Boga. Bym razem z wami szed\u0142 do \u015bwi\u0119to\u015bci. By B\u00f3g by\u0142 obecny, dotyka\u0142 w naszym \u0142\u00f3dzkim Ko\u015bciele \u2014 powiedzia\u0142 poruszony kardyna\u0142.<\/p>\n<p class=\"Paragraph_desktopParagraph__U31Gm\">Wyszed\u0142 na \u015brodek o\u0142tarza, a setki r\u0105k w katedrze unios\u0142o si\u0119 w g\u00f3r\u0119 i modli\u0142o razem ze swoim pasterzem. Na koniec to kardyna\u0142 pob\u0142ogos\u0142awi\u0142 zebranych.<\/p>\n<p class=\"Paragraph_desktopParagraph__U31Gm\">Ten gest mia\u0142 w sobie szczeg\u00f3ln\u0105 symbolik\u0119. Nowy metropolita wiele razy podkre\u015bla\u0142, \u017ce ma zamiar tworzy\u0107 Ko\u015bci\u00f3\u0142 \u0142\u00f3dzki nie sam, ale razem z prezbiterami, a przede wszystkim wiernymi. Dzi\u0119kowa\u0142 obecnym za to, \u017ce ta uroczysto\u015b\u0107 to &#8222;nasz wsp\u00f3lny ingres&#8221;.<\/p>\n<p class=\"Paragraph_desktopParagraph__U31Gm\">Po samej mszy przy pomniku Jana Paw\u0142a II kardyna\u0142 przyjmowa\u0142 gratulacje od wiernych. T\u0142um ludzi ustawia\u0142 si\u0119 w rz\u0119dach, \u017ceby cho\u0107 przez chwil\u0119 u\u015bciska\u0107 si\u0119 ze swoim nowym pasterzem. Niekt\u00f3rzy prze\u017cywali to spotkanie ze \u0142zami w oczach.<\/p>\n<p>III. Prezenty od kard. Rysia i burza oklask\u00f3w <\/p>\n<p class=\"Paragraph_desktopParagraph__U31Gm\">Trudno nie odnie\u015b\u0107 wra\u017cenia, \u017ce osob\u0105, kt\u00f3ra w \u0141odzi ci\u0105gle budzi najwi\u0119cej emocji, jest kard. Grzegorz Ry\u015b. I tak samo by\u0142o wczoraj. Ry\u015b by\u0142 witany przez swoich by\u0142ych wiernych od momentu, gdy tylko po godz. 11 u boku kard. Krajewskiego i kard. Nycza pojawi\u0142 si\u0119 przed katedr\u0105.<\/p>\n<p class=\"Paragraph_desktopParagraph__U31Gm\">Kulminacj\u0105 by\u0142 za\u015b moment, gdy ust\u0119puj\u0105cy kardyna\u0142 wyg\u0142osi\u0142 swoje przem\u00f3wienie na koniec mszy. Zanim jeszcze podszed\u0142 do mikrofonu, w ko\u015bciele rozleg\u0142a si\u0119 dla niego burza oklask\u00f3w.<\/p>\n<p class=\"Paragraph_desktopParagraph__U31Gm\">Kardynale Konradzie, mam dla ciebie dwa prezenty. Nie s\u0105 moje, tylko przeze mnie przechodz\u0105. I obydwa s\u0105 zakorzenione w dzisiejszej liturgii. Prezent pierwszy to bardzo wymagaj\u0105ce zdanie, z kt\u00f3rym ruszasz w swoj\u0105 pos\u0142ug\u0119 w \u0141odzi. &#8222;Tego dnia postanowili go zabi\u0107&#8221; [&#8230;] Pewnie wiele rzeczy b\u0119dzie musia\u0142o w tobie umrze\u0107. I dzisiaj i przez nast\u0119pne tygodnie i lata. I to tylko nie b\u0119dzie efekt zewn\u0119trznych okoliczno\u015bci. Je\u015bli ma co\u015b naprawd\u0119 w nas umiera\u0107, to musi to by\u0107 moc\u0105 naszych decyzji. I tego m\u0119stwa jezusowego ci \u017cycz\u0119. By\u015b si\u0119 nie ba\u0142 wchodzi\u0107 w t\u0119 \u015bmier\u0107. Warto. Ewangelia m\u00f3wi, \u017ce to cena gromadzenia rozproszonych dzieci bo\u017cych. To gromadzenie w Ko\u015bciele \u0142\u00f3dzkim to przepi\u0119kne do\u015bwiadczenie, sam to zobaczysz<\/p>\n<p class=\"Paragraph_desktopParagraph__U31Gm\">\u2014 m\u00f3wi\u0142 kard. Ry\u015b.<\/p>\n<p class=\"Paragraph_desktopParagraph__U31Gm\">Drugim prezentem by\u0142o przypomnienie, \u017ce kard. Krajewski przychodzi do Ko\u015bcio\u0142a, kt\u00f3ry jest jego matk\u0105. Poprzednik przypomnia\u0142 mu przy tej okazji, komu Pan Jezus zawierzy\u0142 swoj\u0105 matk\u0119.<\/p>\n<p class=\"Paragraph_desktopParagraph__U31Gm\">\u2014 Prze\u017cyj ten moment jako wielkie potwierdzenie ze strony Jezusa, \u017ce ci\u0119 kocha. A z tego do\u015bwiadczenia b\u0119dziesz tu robi\u0142 rzeczy niezwyk\u0142e \u2014 podsumowa\u0142.<\/p>\n<p class=\"Paragraph_desktopParagraph__U31Gm\">Trzeba te\u017c przyzna\u0107, \u017ce obejmowanie diecezji po kard. Rysiu, ale te\u017c w sytuacji, gdy ci\u0105gle \u017cyj\u0105 jego a\u017c trzej poprzednicy: arcybiskup Marek J\u0119draszewski oraz arcybiskup W\u0142adys\u0142aw Zi\u00f3\u0142ek to nie lada wyzwanie. Kardyna\u0142 musi przygotowa\u0107 si\u0119 na sta\u0142e por\u00f3wnywanie ze swoimi mistrzami.<\/p>\n<p>IV. Nowy cz\u0142onek polskiego Episkopatu <\/p>\n<p class=\"Paragraph_desktopParagraph__U31Gm\">Dawno tyle os\u00f3b nie s\u0142ucha\u0142o z tak wielkim zainteresowaniem, wr\u0119cz wyt\u0119\u017ceniem listu przewodnicz\u0105cego polskiego Episkopatu. Na koniec ingresowej mszy sw\u00f3j list odczyta\u0142 abp Tadeusz Wojda, witaj\u0105c kard. Krajewskiego w szeregach KEP.<\/p>\n<p class=\"Paragraph_desktopParagraph__U31Gm\">Faktycznie, cho\u0107 Krajewski ju\u017c 13 lat temu dosta\u0142 sakr\u0119 biskupi\u0105, a od o\u015bmiu lat jest kardyna\u0142em, do tej pory nie by\u0142 cz\u0119\u015bci\u0105 Episkopatu, poniewa\u017c nie pe\u0142ni\u0142 \u017cadnej funkcji w polskim Ko\u015bciele hierarchicznym.<\/p>\n<p class=\"Paragraph_desktopParagraph__U31Gm\">Abp Wojda podzi\u0119kowa\u0142 metropolicie za jego 20-letni\u0105 s\u0142u\u017cb\u0119 przy grobie Jana Paw\u0142a II i regularne odprawianie mszy dla polskich biskup\u00f3w i pozosta\u0142ych duchownych.<\/p>\n<p class=\"Paragraph_desktopParagraph__U31Gm\">\u2014 Raz jeszcze witam w gronie KEP i zapewniam o wsparciu duchowym w tej nowej pos\u0142udze kap\u0142a\u0144skiej i pasterskiej \u2014 podsumowa\u0142.<\/p>\n<p class=\"Paragraph_desktopParagraph__U31Gm\">\u0141\u00f3d\u017a co prawda nie jest ani najwi\u0119ksz\u0105, ani najwa\u017cniejsz\u0105 archidiecezj\u0105, ale mo\u017cna przypuszcza\u0107, \u017ce pozycja startowa kard. Krajewskiego jest jednak znacz\u0105ca. To zas\u0142u\u017cony watykanista, bliski wsp\u00f3\u0142pracownik czterech papie\u017cy: Jana Paw\u0142a II, Benedykta XVI, Franciszka i Leona.<\/p>\n<p><img decoding=\"async\" class=\"Image_image__0tuHp Image_autoHeight__f2n87 \" height=\"587\" width=\"880\" src=\"https:\/\/www.europesays.com\/pl\/wp-content\/uploads\/2026\/03\/PAok9kuTURBXy82MGIyNGQxMS0yMTlkLTQzNTUtODRiMy1kOWJjNmIxNGY1Y2UuanBlZ5KVAs0DrADCw5UCAM0CS8LD3gADoTABo.jpeg\" alt=\"Abp Tadeusz Wojda czyta list podczas ingresu kard. Krajewskiego\" loading=\"lazy\" \/>PAP\/Marian Zubrzycki<\/p>\n<p>Abp Tadeusz Wojda czyta list podczas ingresu kard. Krajewskiego<\/p>\n<p class=\"Paragraph_desktopParagraph__U31Gm\">Inn\u0105 kwesti\u0105 jest, do kt\u00f3rej frakcji do\u0142\u0105czy nowy metropolita. W gronie KEP w ostatnich latach pojawi\u0142o si\u0119 coraz wi\u0119cej ludzi, kt\u00f3rzy maj\u0105 w sobie odwag\u0119 do wychodzenia do ludzi, kt\u00f3rzy \u017cyj\u0105 na marginesie Ko\u015bcio\u0142a. Cho\u0107 kard. Krajewski w\u0142a\u015bnie to robi\u0142 przy boku ostatnich papie\u017cy, to wcale nie jest powiedziane, \u017ce jego decyzje b\u0119d\u0105 liberalne. Hierarcha znany jest jednak z ultrakonserwatywnych pogl\u0105d\u00f3w.<\/p>\n<p>V. Kard. Krajewski przyjacielem o. Rydzyka? <\/p>\n<p class=\"Paragraph_desktopParagraph__U31Gm\">I zapewne w\u0142a\u015bnie te ultrakonserwatywne pogl\u0105dy u Krajewskiego b\u0119dzie pr\u00f3bowa\u0142 jeszcze bardziej utrwali\u0107 o. Tadeusz Rydzyk.<\/p>\n<p class=\"Paragraph_desktopParagraph__U31Gm\">Redemptorysta pojawi\u0142 si\u0119 na ingresie w \u0141odzi i ostentacyjnie usiad\u0142 nawet w pierwszej \u0142awce. To do\u015b\u0107 rzadki obrazek, kt\u00f3ry r\u00f3wnie\u017c zapadnie w pami\u0119ci. W ostatnich latach najbardziej znany w Polsce zakonnik-biznesmen nie pojawia\u0142 si\u0119 na ingresach, poniewa\u017c po prostu przesta\u0142 by\u0107 zapraszany.<\/p>\n<p><img decoding=\"async\" class=\"Image_image__0tuHp Image_autoHeight__f2n87 \" height=\"587\" width=\"880\" src=\"https:\/\/www.europesays.com\/pl\/wp-content\/uploads\/2026\/03\/qt7k9kpTURBXy8yNGU5YmMzMTdmODZjZTIxNGRlNWZhNGFhZWEzOWM3Yy5qcGeSlQLNA6wAwsOVAgDNAkvCw94AA6EwAaExAaEzw.jpeg\" alt=\"O. Tadeusz Rydzyk\" loading=\"lazy\" \/>Marcin St\u0119pie\u0144 \/ Agencja Wyborcza.pl <\/p>\n<p>O. Tadeusz Rydzyk<\/p>\n<p class=\"Paragraph_desktopParagraph__U31Gm\">Dla m\u0142odszego pokolenia biskup\u00f3w Rydzyk jest postaci\u0105 co najmniej podejrzan\u0105, z kt\u00f3r\u0105 lepiej nie pokazywa\u0107 si\u0119 na wsp\u00f3lnych imprezach.<\/p>\n<p class=\"Paragraph_desktopParagraph__U31Gm\">Natomiast jego za\u017cy\u0142o\u015b\u0107 z kard. Krajewskim w \u0141odzi jest tajemnic\u0105 poliszynela. Dla zakonnika z Torunia wkupienie si\u0119 w \u0142aski tak wa\u017cnej postaci mo\u017ce by\u0107 ostatni\u0105 pr\u00f3b\u0105 powr\u00f3cenia do ko\u015bcielnego mainstreamu.<\/p>\n<p class=\"Paragraph_desktopParagraph__U31Gm\">Zw\u0142aszcza \u017ce ostatnio nie ma szcz\u0119\u015bcia.<a href=\"https:\/\/wiadomosci.onet.pl\/kraj\/niszcza-ludzi-duchowny-nie-wytrzymal-po-felietonie-w-tv-trwam\/eypc3yw\" id=\"1a999fd5-d208-454d-8697-286f28dc6036\" rel=\"nofollow noopener\" target=\"_blank\"> Dominikanin o. Ludwik Wi\u015bniewski stwierdzi\u0142,<\/a> \u017ce Radio Maryja, TV Trwam i &#8222;Nasz Dziennik&#8221; &#8222;niszcz\u0105 ludzi i przyczyniaj\u0105 si\u0119 do podzia\u0142\u00f3w w polskim Ko\u015bciele&#8221;. Zaapelowa\u0142 do szefa Episkopatu o zbadanie element\u00f3w sprzecznych z ewangelicznym chrze\u015bcija\u0144stwem w tych mediach.<\/p>\n<p class=\"Paragraph_desktopParagraph__U31Gm\">Za\u015b <a href=\"https:\/\/www.onet.pl\/informacje\/onetwiadomosci\/wyniki-audytu-w-fundacji-lux-veritatis-o-rydzyka-odkryto-nieprawidlowosci\/n9mkr84,79cfc278\" id=\"e23e88c4-d7f8-458e-aed0-34078936a118\" rel=\"nofollow noopener\" target=\"_blank\">w ostatnich dniach media<\/a> informowa\u0142y, \u017ce w trakcie kontroli Izba Administracji Skarbowej stwierdzi\u0142a pewne nieprawid\u0142owo\u015bci. Dotycz\u0105 one \u015brodk\u00f3w w wysoko\u015bci 327,2 tys. z\u0142 pochodz\u0105cych z resort\u00f3w obrony, rodziny oraz sprawiedliwo\u015bci, czyli mniej ni\u017c 10 proc. wszystkich analizowanych dotacji.<\/p>\n<p class=\"Paragraph_desktopParagraph__U31Gm\">Chcesz porozmawia\u0107 z autorem? Napisz: <a href=\"https:\/\/www.onet.pl\/informacje\/onetlodz\/ingres-kard-konrada-krajewskiego-piec-obrazow-ktore-zapamietamy-na-dlugo\/mailto:szymon.piegza@redakcjaonet.pl\" id=\"084dd663-4931-45ce-8e69-b85ce4f018d0\" rel=\"nofollow noopener\" target=\"_blank\">szymon.piegza@redakcjaonet.pl<\/a><\/p>\n<p class=\"Paragraph_desktopParagraph__U31Gm\">Czytaj inne artyku\u0142y tego autora <a href=\"https:\/\/wiadomosci.onet.pl\/autorzy\/szymon-piegza\" id=\"a0600328-9d5f-4f44-b659-08f44e9eb454\" rel=\"nofollow noopener\" target=\"_blank\">tutaj.<\/a><\/p>\n","protected":false},"excerpt":{"rendered":"Nuncjusz apostolski w Polsce abp Antonio Guido Filipazzi, kardyna\u0142owie, ponad pi\u0119\u0107dziesi\u0119ciu arcybiskup\u00f3w i biskup\u00f3w, blisko p\u00f3\u0142 tysi\u0105ca ksi\u0119\u017cy&hellip;\n","protected":false},"author":2,"featured_media":333944,"comment_status":"","ping_status":"","sticky":false,"template":"","format":"standard","meta":{"footnotes":"","_share_on_mastodon":"0"},"categories":[51608],"tags":[66,9319,9118,25727,16005,2765,3652,25726,53,15338,52,68,51,55,42,38,40,39,41,47,50,26],"class_list":["post-333943","post","type-post","status-publish","format-standard","has-post-thumbnail","category-lodz","tag-give_me_perspective","tag-jan_pawel_ii_karol_wojtyla","tag-jezus_chrystus","tag-kard_grzegorz_rys","tag-konrad_krajewski","tag-lodz_miasto","tag-lodz","tag-marek_jedraszewski_arcybiskup","tag-new_header","tag-o_tadeusz_rydzyk_duchowny","tag-onet3","tag-onet3d","tag-onet3d_2i","tag-phx","tag-pl","tag-poland","tag-polish","tag-polska","tag-polski","tag-screening_general","tag-v2021","tag-wiadomosci"],"share_on_mastodon":{"url":"https:\/\/pubeurope.com\/@pl\/116312081985469161","error":""},"_links":{"self":[{"href":"https:\/\/www.europesays.com\/pl\/wp-json\/wp\/v2\/posts\/333943","targetHints":{"allow":["GET"]}}],"collection":[{"href":"https:\/\/www.europesays.com\/pl\/wp-json\/wp\/v2\/posts"}],"about":[{"href":"https:\/\/www.europesays.com\/pl\/wp-json\/wp\/v2\/types\/post"}],"author":[{"embeddable":true,"href":"https:\/\/www.europesays.com\/pl\/wp-json\/wp\/v2\/users\/2"}],"replies":[{"embeddable":true,"href":"https:\/\/www.europesays.com\/pl\/wp-json\/wp\/v2\/comments?post=333943"}],"version-history":[{"count":0,"href":"https:\/\/www.europesays.com\/pl\/wp-json\/wp\/v2\/posts\/333943\/revisions"}],"wp:featuredmedia":[{"embeddable":true,"href":"https:\/\/www.europesays.com\/pl\/wp-json\/wp\/v2\/media\/333944"}],"wp:attachment":[{"href":"https:\/\/www.europesays.com\/pl\/wp-json\/wp\/v2\/media?parent=333943"}],"wp:term":[{"taxonomy":"category","embeddable":true,"href":"https:\/\/www.europesays.com\/pl\/wp-json\/wp\/v2\/categories?post=333943"},{"taxonomy":"post_tag","embeddable":true,"href":"https:\/\/www.europesays.com\/pl\/wp-json\/wp\/v2\/tags?post=333943"}],"curies":[{"name":"wp","href":"https:\/\/api.w.org\/{rel}","templated":true}]}}