{"id":334151,"date":"2026-03-29T13:20:07","date_gmt":"2026-03-29T13:20:07","guid":{"rendered":"https:\/\/www.europesays.com\/pl\/334151\/"},"modified":"2026-03-29T13:20:07","modified_gmt":"2026-03-29T13:20:07","slug":"co-dalej-ze-zbigniewem-ziobra-marszalek-sejmu-nie-pozostawia-zludzen","status":"publish","type":"post","link":"https:\/\/www.europesays.com\/pl\/334151\/","title":{"rendered":"Co dalej ze Zbigniewem Ziobr\u0105? Marsza\u0142ek Sejmu nie pozostawia z\u0142udze\u0144"},"content":{"rendered":"<p><a href=\"https:\/\/wiadomosci.onet.pl\/kraj\/czarne-chmury-nad-zbigniewem-ziobra-wniosek-o-trybunal-stanu-gotowy\/4sh0y23\" id=\"0df7a1fc-147d-41bd-b396-a4071eb37021\" rel=\"nofollow noopener\" target=\"_blank\">W\u0142odzimierz Czarzasty przekaza\u0142 kilka dni temu, \u017ce prace nad wnioskiem o postawienie by\u0142ego ministra sprawiedliwo\u015bci i prokuratora generalnego Zbigniewa Ziobry przed Trybuna\u0142em Stanu w\u0142a\u015bnie si\u0119 zako\u0144czy\u0142y<\/a>. Jak podkre\u015bli\u0142, procedowany ma by\u0107 na pocz\u0105tku kwietnia.<\/p>\n<blockquote class=\"ods-o-quote\">\n<p class=\"ods-o-quote__paragraph\">Polityk-uciekinier, by\u0107 mo\u017ce zwyk\u0142y przest\u0119pca, nie mo\u017ce by\u0107 bezkarny \u2014 musi os\u0105dzi\u0107 go s\u0105d, ale musi ponie\u015b\u0107 te\u017c polityczn\u0105 odpowiedzialno\u015b\u0107. I w\u0142a\u015bnie po to jest Trybuna\u0142 Stanu. Bardzo niedoskona\u0142y, ale innego nie mamy<\/p>\n<\/blockquote>\n<p>\u2014 powiedzia\u0142 w rozmowie z &#8222;Super Expressem&#8221; W\u0142odzimierz Czarzasty.<\/p>\n<p> Dalszy ci\u0105g artyku\u0142u pod materia\u0142em wideo Zbigniew Ziobro stanie przed Trybuna\u0142em Stanu? Marsza\u0142ek Sejmu jasno odpowiadaZdaniem marsza\u0142ka Sejmu <a href=\"https:\/\/wiadomosci.onet.pl\/zbigniew-ziobro-polityk\" id=\"2e292838-3aad-4cb0-8063-bc7ea2b2be98\" rel=\"nofollow noopener\" target=\"_blank\">Zbigniew Ziobro<\/a> przez wiele lat traktowa\u0142 pa\u0144stwo jak swoj\u0105 w\u0142asno\u015b\u0107, jak &#8222;prywatny folwark&#8221;, na kt\u00f3rym mo\u017ce robi\u0107, co chce. <a href=\"https:\/\/wiadomosci.onet.pl\/wlodzimierz-czarzasty-polityk\" id=\"49420904-ee12-4c94-88b8-11b221f88a9c\" rel=\"nofollow noopener\" target=\"_blank\">W\u0142odzimierz Czarzasty<\/a> twierdzi r\u00f3wnie\u017c, \u017ce by\u0142y minister sprawiedliwo\u015bci wykorzystywa\u0142 prokuratur\u0119 jako &#8222;narz\u0119dzie do realizacji w\u0142asnych interes\u00f3w politycznych&#8221;. Dlatego teraz musi si\u0119 liczy\u0107 z konsekwencjami tych dzia\u0142a\u0144 i poniesieniem za nie odpowiedzialno\u015bci. Marsza\u0142ek Sejmu podkre\u015bli\u0142 w rozmowie z &#8222;Super Expressem&#8221;, \u017ce postawienie Zbigniewa Ziobry przed Trybuna\u0142em Stanu jest kwesti\u0105 &#8222;elementarnej sprawiedliwo\u015bci&#8221;.     <\/p>\n<blockquote class=\"ods-o-quote\">\n<p class=\"ods-o-quote__paragraph\">Je\u015bli kto\u015b budowa\u0142 system oparty na nadu\u017cyciach, kradzie\u017cy, zastraszaniu i bezkarno\u015bci, musi si\u0119 liczy\u0107 z konsekwencjami. Polska nie mo\u017ce by\u0107 krajem, w kt\u00f3rym w\u0142adza stoi ponad prawem<\/p>\n<\/blockquote>\n<p>\u2014 stwierdzi\u0142 marsza\u0142ek Sejmu.<\/p>\n<p>Jak podkre\u015bli\u0142 w rozmowie z &#8222;Super Expressem&#8221;, Zbigniew Ziobro mia\u0142 okazj\u0119, aby &#8222;broni\u0107 swojej niewinno\u015bci&#8221;, ale z niej nie skorzysta\u0142.<\/p>\n<blockquote class=\"ods-o-quote\">\n<p class=\"ods-o-quote__paragraph\">Uciek\u0142 pod opiek\u0119 obcego, prorosyjskiego rz\u0105du i ukrywa si\u0119 przed polskim wymiarem sprawiedliwo\u015bci. Teraz czas, by odpowiedzia\u0142 za swoje czyny<\/p>\n<\/blockquote>\n<p>\u2014 zaznaczy\u0142 W\u0142odzimierz Czarzasty, dodaj\u0105c na koniec, \u017ce &#8222;nie b\u0119dzie \u017cadnej taryfy ulgowej&#8221; dla Zbigniewa Ziobry.<\/p>\n<p>Wniosek o poci\u0105gni\u0119cie pos\u0142a do odpowiedzialno\u015bci konstytucyjnej i karnej przed Trybuna\u0142em Stanu wymaga wst\u0119pnego wniosku z\u0142o\u017conego przez co najmniej 115 pos\u0142\u00f3w. P\u00f3\u017aniej trafia on do Komisji Odpowiedzialno\u015bci Konstytucyjnej, a nast\u0119pnie Sejm podejmuje uchwa\u0142\u0119 o postawieniu danej osoby przed Trybuna\u0142em Stanu wi\u0119kszo\u015bci\u0105 3\/5 g\u0142os\u00f3w (276 pos\u0142\u00f3w) w obecno\u015bci co najmniej po\u0142owy ustawowej liczby pos\u0142\u00f3w.<\/p>\n","protected":false},"excerpt":{"rendered":"W\u0142odzimierz Czarzasty przekaza\u0142 kilka dni temu, \u017ce prace nad wnioskiem o postawienie by\u0142ego ministra sprawiedliwo\u015bci i prokuratora generalnego&hellip;\n","protected":false},"author":2,"featured_media":334152,"comment_status":"","ping_status":"","sticky":false,"template":"","format":"standard","meta":{"footnotes":"","_share_on_mastodon":"0"},"categories":[12],"tags":[32,33,36,37,27,49,34,35,28,31,48,25,46,42,38,40,39,41,47,29,30,789,26,203,2037],"class_list":["post-334151","post","type-post","status-publish","format-standard","has-post-thumbnail","category-polska","tag-breaking-news","tag-breakingnews","tag-featured-news","tag-featurednews","tag-headlines","tag-kraj","tag-latest-news","tag-latestnews","tag-naglowki","tag-najwazniejsze-artykuly","tag-nat_styl","tag-news","tag-omp","tag-pl","tag-poland","tag-polish","tag-polska","tag-polski","tag-screening_general","tag-top-stories","tag-topstories","tag-trybunal_stanu","tag-wiadomosci","tag-wlodzimierz_czarzasty","tag-zbigniew_ziobro"],"share_on_mastodon":{"url":"https:\/\/pubeurope.com\/@pl\/116312671782426527","error":""},"_links":{"self":[{"href":"https:\/\/www.europesays.com\/pl\/wp-json\/wp\/v2\/posts\/334151","targetHints":{"allow":["GET"]}}],"collection":[{"href":"https:\/\/www.europesays.com\/pl\/wp-json\/wp\/v2\/posts"}],"about":[{"href":"https:\/\/www.europesays.com\/pl\/wp-json\/wp\/v2\/types\/post"}],"author":[{"embeddable":true,"href":"https:\/\/www.europesays.com\/pl\/wp-json\/wp\/v2\/users\/2"}],"replies":[{"embeddable":true,"href":"https:\/\/www.europesays.com\/pl\/wp-json\/wp\/v2\/comments?post=334151"}],"version-history":[{"count":0,"href":"https:\/\/www.europesays.com\/pl\/wp-json\/wp\/v2\/posts\/334151\/revisions"}],"wp:featuredmedia":[{"embeddable":true,"href":"https:\/\/www.europesays.com\/pl\/wp-json\/wp\/v2\/media\/334152"}],"wp:attachment":[{"href":"https:\/\/www.europesays.com\/pl\/wp-json\/wp\/v2\/media?parent=334151"}],"wp:term":[{"taxonomy":"category","embeddable":true,"href":"https:\/\/www.europesays.com\/pl\/wp-json\/wp\/v2\/categories?post=334151"},{"taxonomy":"post_tag","embeddable":true,"href":"https:\/\/www.europesays.com\/pl\/wp-json\/wp\/v2\/tags?post=334151"}],"curies":[{"name":"wp","href":"https:\/\/api.w.org\/{rel}","templated":true}]}}