{"id":334225,"date":"2026-03-29T14:16:09","date_gmt":"2026-03-29T14:16:09","guid":{"rendered":"https:\/\/www.europesays.com\/pl\/334225\/"},"modified":"2026-03-29T14:16:09","modified_gmt":"2026-03-29T14:16:09","slug":"media-horngacher-wraca-do-polski","status":"publish","type":"post","link":"https:\/\/www.europesays.com\/pl\/334225\/","title":{"rendered":"Media: Horngacher wraca do Polski!"},"content":{"rendered":"\n<p class=\"contentpart contentpart--default contentpart--text\" data-position=\"0\">O zbli\u017caj\u0105cym si\u0119 powrocie <a href=\"https:\/\/sportowefakty.wp.pl\/skoki-narciarskie\/stefan-horngacher\" rel=\"nofollow noopener\" target=\"_blank\">Stefana Horngachera<\/a>\u00a0do <a href=\"https:\/\/sportowefakty.wp.pl\/polska\" rel=\"nofollow noopener\" target=\"_blank\">Polski<\/a>\u00a0opowiedzia\u0142 dziennikarz Jakub Balcerski z portalu sport.pl w programie &#8222;Trzecia Seria&#8221; na YouTube. <a href=\"https:\/\/sportowefakty.wp.pl\/austria\" rel=\"nofollow noopener\" target=\"_blank\">Austriak<\/a>\u00a0ma ponownie pracowa\u0107 na sukcesy polskich <a href=\"https:\/\/sportowefakty.wp.pl\/skoki-narciarskie\" rel=\"nofollow noopener\" target=\"_blank\">skoczk\u00f3w narciarskich<\/a>.<\/p>\n<p class=\"contentpart contentpart--default contentpart--text\" data-position=\"1\">&#8211; Stefan Horngacher wraca do polskiej kadry. To si\u0119 wydarzy. Sam nie wierz\u0119, \u017ce to m\u00f3wi\u0119, ale tak. Uda\u0142o mi si\u0119 te informacje potwierdzi\u0107 &#8211; powiedzia\u0142 Balcerski.<\/p>\n<p>  <img decoding=\"async\" src=\"https:\/\/v.wpimg.pl\/X3dwLnN2d1IFFTpdYUl6R0ZNbgcnEHQREVV2TGEGbUtRT2MdOlZ2RBQUKABgQjQcDRotCStBd1IAAWMeIlM7VgwYIAorQAdEFFk_GCkQJQ\" alt=\"\" width=\"45\" height=\"58\" loading=\"lazy\"\/>  <\/p>\n<p class=\"contentpart contentpart--default contentpart--text\" data-position=\"2\">&#8211; Sytuacja wygl\u0105da\u0142a tak, \u017ce od jakiego\u015b tygodnia dostawa\u0142em zapytania, czy Stefan Horngacher nie wraca do Polski, czy nie b\u0119dzie tutaj dyrektorem sportowym. Za ka\u017cdym razem odpowiada\u0142em, \u017ce chyba nie, nic o tym nie s\u0142ysza\u0142em. Ale przerazi\u0142a mnie liczba tych informacji &#8211; opowiada\u0142 dziennikarz.<\/p>\n<p class=\"contentpart contentpart--default contentpart--text\" data-position=\"3\">ZOBACZ WIDEO: &#8222;Dzi\u0119ki, Kamil!&#8221;. Ludzie polskiego sportu oddaj\u0105 ho\u0142d Stochowi<\/p>\n<p class=\"contentpart contentpart--default contentpart--text\" data-position=\"5\">Stefan Horngacher prowadzi\u0142 reprezentacj\u0119 Polski od 2016 do 2019 roku. By\u0142 to okres sukces\u00f3w kadry. Ju\u017c w 2017 roku Polska zdoby\u0142a z\u0142oto dru\u017cynowo w mistrzostwach \u015bwiata, a indywidualnie br\u0105z wywalczy\u0142 <a href=\"https:\/\/sportowefakty.wp.pl\/skoki-narciarskie\/piotr-zyla\" rel=\"nofollow noopener\" target=\"_blank\">Piotr \u017by\u0142a<\/a>.\u00a0Rok p\u00f3\u017aniej Polacy wr\u00f3cili z dwoma medalami z <a href=\"https:\/\/sportowefakty.wp.pl\/zimowe\/zimowe-igrzyska-olimpijskie\" rel=\"nofollow noopener\" target=\"_blank\">zimowych igrzysk olimpijskich<\/a>\u00a0(z\u0142oto Stocha i br\u0105z dru\u017cynowo), a Stoch dodatkowo zdoby\u0142 Kryszta\u0142ow\u0105 Kul\u0119 i wygra\u0142 komplet konkurs\u00f3w w <a href=\"https:\/\/sportowefakty.wp.pl\/skoki-narciarskie\/turniej-czterech-skoczni\" rel=\"nofollow noopener\" target=\"_blank\">Turnieju Czterech Skoczni<\/a>.<\/p>\n<p class=\"contentpart contentpart--default contentpart--text\" data-position=\"6\">Teraz Austriak ma obj\u0105\u0107 inne stanowisko ni\u017c trener kadry Polski.\u00a0&#8211; Wygl\u0105da na to, \u017ce to b\u0119dzie bardziej rola systemowa. Kogo\u015b nad strukturami, nadzoruj\u0105cego. To mo\u017ce by\u0107 co\u015b podobnego do roli Alexandra Stoeckla (w przesz\u0142o\u015bci pracowa\u0142 w Polsce &#8211; przyp. red.) &#8211; zapowiada Jakub Balcerski i komplementuje <a href=\"https:\/\/sportowefakty.wp.pl\/moto\/adam-malysz\" rel=\"nofollow noopener\" target=\"_blank\">Adama Ma\u0142ysza<\/a>, prezesa <a href=\"https:\/\/sportowefakty.wp.pl\/zimowe\/pzn\" rel=\"nofollow noopener\" target=\"_blank\">PZN-u<\/a>, za przekonanie do powrotu Stefana Horngachera.<\/p>\n<p>  <img decoding=\"async\" src=\"https:\/\/v.wpimg.pl\/X3dwLnN2d1IFFTpdYUl6R0ZNbgcnEHQREVV2TGEGbUtRT2MdOlZ2RBQUKABgQjQcDRotCStBd1IAAWMeIlM7VgwYIAorQAdEFFk_GCkQJQ\" alt=\"\" width=\"45\" height=\"58\" loading=\"lazy\"\/>  <\/p>\n<p class=\"contentpart contentpart--default contentpart--text\" data-position=\"7\">&#8211; Trzeba Adamowi odda\u0107, \u017ce przy takich wynikach sprowadzenie kogo\u015b z takim nazwiskiem to jest niez\u0142a robota. Ale nadal&#8230; Horngacher w Polsce p\u00f3\u0142 roku temu &#8211; to by\u0142aby bajka, fikcja &#8211; m\u00f3wi dziennikarz.<\/p>\n<p class=\"contentpart contentpart--default contentpart--text\" data-position=\"8\">Austriak ma w Polsce wsp\u00f3\u0142pracowa\u0107 z tak\u017ce dobrze znanym polskim kibicom trenerem <a href=\"https:\/\/sportowefakty.wp.pl\/skoki-narciarskie\/michal-dolezal\" rel=\"nofollow noopener\" target=\"_blank\">Michalem Dole\u017calem<\/a>. &#8211;\u00a0Coraz bardziej potwierdzone jest te\u017c pozostanie w Polsce Michala Dole\u017cala i powr\u00f3t duetu Horngacher &#8211; Dole\u017cal. Nie wiadomo jeszcze  w jakich rolach. Dole\u017cal ma zosta\u0107 w Polsce, by\u0107 cz\u0142onkiem tego ca\u0142ego systemu &#8211; uzupe\u0142nia informacje Jakub Balcerski.<\/p>\n<p class=\"contentpart contentpart--default contentpart--text\" data-position=\"9\">Po odej\u015bciu z reprezentacji Polski w 2019 roku, Stefan Horngacher by\u0142 trenerem kadry <a href=\"https:\/\/sportowefakty.wp.pl\/niemcy\" rel=\"nofollow noopener\" target=\"_blank\">Niemiec<\/a>.<\/p>\n","protected":false},"excerpt":{"rendered":"O zbli\u017caj\u0105cym si\u0119 powrocie Stefana Horngachera\u00a0do Polski\u00a0opowiedzia\u0142 dziennikarz Jakub Balcerski z portalu sport.pl w programie &#8222;Trzecia Seria&#8221; na&hellip;\n","protected":false},"author":2,"featured_media":334226,"comment_status":"","ping_status":"","sticky":false,"template":"","format":"standard","meta":{"footnotes":"","_share_on_mastodon":"0"},"categories":[5],"tags":[32,33,36,37,27,34,35,16929,38900,28,31,25,42,38,40,39,41,24782,1538,447,28540,29,30,26],"class_list":["post-334225","post","type-post","status-publish","format-standard","has-post-thumbnail","category-naglowki","tag-breaking-news","tag-breakingnews","tag-featured-news","tag-featurednews","tag-headlines","tag-latest-news","tag-latestnews","tag-maciej-maciusiak","tag-michal-dolezal","tag-naglowki","tag-najwazniejsze-artykuly","tag-news","tag-pl","tag-poland","tag-polish","tag-polska","tag-polski","tag-pzn","tag-skoki-narciarskie","tag-sporty-zimowe","tag-stefan-horngacher","tag-top-stories","tag-topstories","tag-wiadomosci"],"share_on_mastodon":{"url":"https:\/\/pubeurope.com\/@pl\/116312891947602174","error":""},"_links":{"self":[{"href":"https:\/\/www.europesays.com\/pl\/wp-json\/wp\/v2\/posts\/334225","targetHints":{"allow":["GET"]}}],"collection":[{"href":"https:\/\/www.europesays.com\/pl\/wp-json\/wp\/v2\/posts"}],"about":[{"href":"https:\/\/www.europesays.com\/pl\/wp-json\/wp\/v2\/types\/post"}],"author":[{"embeddable":true,"href":"https:\/\/www.europesays.com\/pl\/wp-json\/wp\/v2\/users\/2"}],"replies":[{"embeddable":true,"href":"https:\/\/www.europesays.com\/pl\/wp-json\/wp\/v2\/comments?post=334225"}],"version-history":[{"count":0,"href":"https:\/\/www.europesays.com\/pl\/wp-json\/wp\/v2\/posts\/334225\/revisions"}],"wp:featuredmedia":[{"embeddable":true,"href":"https:\/\/www.europesays.com\/pl\/wp-json\/wp\/v2\/media\/334226"}],"wp:attachment":[{"href":"https:\/\/www.europesays.com\/pl\/wp-json\/wp\/v2\/media?parent=334225"}],"wp:term":[{"taxonomy":"category","embeddable":true,"href":"https:\/\/www.europesays.com\/pl\/wp-json\/wp\/v2\/categories?post=334225"},{"taxonomy":"post_tag","embeddable":true,"href":"https:\/\/www.europesays.com\/pl\/wp-json\/wp\/v2\/tags?post=334225"}],"curies":[{"name":"wp","href":"https:\/\/api.w.org\/{rel}","templated":true}]}}