{"id":334233,"date":"2026-03-29T14:30:11","date_gmt":"2026-03-29T14:30:11","guid":{"rendered":"https:\/\/www.europesays.com\/pl\/334233\/"},"modified":"2026-03-29T14:30:11","modified_gmt":"2026-03-29T14:30:11","slug":"w-ponton-uderzyla-lodz-55-letni-biznesmen-wypadl-nie-zyje","status":"publish","type":"post","link":"https:\/\/www.europesays.com\/pl\/334233\/","title":{"rendered":"W ponton uderzy\u0142a \u0142\u00f3d\u017a. 55-letni biznesmen wypad\u0142 nie \u017cyje"},"content":{"rendered":"<p class=\"Paragraph_desktopParagraph__U31Gm\">Do dramatycznego zdarzenia dosz\u0142o w \u015brod\u0119 ok. godz. 20. Davide Veglia, 55-letni dyrektor generalny firmy ABTS Convention Services, p\u0142yn\u0105\u0142 niewielkim pontonem wraz ze swoim 14-letnim synem. W pewnym momencie w ich jednostk\u0119 z impetem uderzy\u0142a wi\u0119ksza \u0142\u00f3d\u017a motorowa. Si\u0142a kolizji by\u0142a tak du\u017ca, \u017ce obaj pasa\u017cerowie zostali natychmiast wyrzuceni za burt\u0119 \u2014 opisuje zdarzenie serwis Blesk.cz.<\/p>\n<p class=\"Paragraph_desktopParagraph__U31Gm\">Zamiast zatrzyma\u0107 si\u0119 i ratowa\u0107 poszkodowanych, sternik motor\u00f3wki odp\u0142yn\u0105\u0142 z miejsca wypadku. Wskutek uderzenia 55-latek straci\u0142 przytomno\u015b\u0107. Jego nastoletni syn, mimo doznanego z\u0142amania r\u0119ki, z determinacj\u0105 walczy\u0142 o \u017cycie ojca, staraj\u0105c si\u0119 za wszelk\u0105 cen\u0119 utrzyma\u0107 go na powierzchni.<\/p>\n<p class=\"Paragraph_desktopParagraph__U31Gm\">\u015awiadkowie zdarzenia, na kt\u00f3rych powo\u0142uje si\u0119 ameryka\u0144ski &#8222;New York Post&#8221;, relacjonowali, \u017ce us\u0142yszeli w ciemno\u015bci rozpaczliwe krzyki i wo\u0142anie o pomoc. Osoby znajduj\u0105ce si\u0119 na pobliskim molo natychmiast wezwa\u0142y s\u0142u\u017cby ratunkowe, jednocze\u015bnie krzycz\u0105c do nastolatka, aby si\u0119 nie poddawa\u0142.<\/p>\n<p class=\"Paragraph_desktopParagraph__U31Gm\">Po przybyciu na miejsce ratownicy wyci\u0105gn\u0119li poszkodowanych z wody i przetransportowali ich do szpitala. Niestety, \u017cycia nieprzytomnego ojca nie uda\u0142o si\u0119 uratowa\u0107. \u017byciu 14-latka nie zagra\u017ca niebezpiecze\u0144stwo.<\/p>\n<p class=\"Paragraph_desktopParagraph__U31Gm\">Miejscowa policja prowadzi dochodzenie w sprawie spowodowania wypadku i ucieczki. Wed\u0142ug informacji przekazanych przez media \u015bledczy ustalili ju\u017c to\u017csamo\u015b\u0107 w\u0142a\u015bciciela \u0142odzi, kt\u00f3ra bra\u0142a udzia\u0142 w zderzeniu, jednak do tej pory nikt nie zosta\u0142 w tej sprawie zatrzymany.<\/p>\n","protected":false},"excerpt":{"rendered":"Do dramatycznego zdarzenia dosz\u0142o w \u015brod\u0119 ok. godz. 20. Davide Veglia, 55-letni dyrektor generalny firmy ABTS Convention Services,&hellip;\n","protected":false},"author":2,"featured_media":334234,"comment_status":"","ping_status":"","sticky":false,"template":"","format":"standard","meta":{"footnotes":"","_share_on_mastodon":"0"},"categories":[51608],"tags":[1350,55598,3652,22616,55597,53,52,68,51,55,42,10421,38,40,39,41,47,59,50,26],"class_list":["post-334233","post","type-post","status-publish","format-standard","has-post-thumbnail","category-lodz","tag-floryda","tag-lodka","tag-lodz","tag-miami_miasto","tag-motorowka","tag-new_header","tag-onet3","tag-onet3d","tag-onet3d_2i","tag-phx","tag-pl","tag-podroze_onet","tag-poland","tag-polish","tag-polska","tag-polski","tag-screening_general","tag-stany_zjednoczone_usa","tag-v2021","tag-wiadomosci"],"share_on_mastodon":{"url":"https:\/\/pubeurope.com\/@pl\/116312946947731403","error":""},"_links":{"self":[{"href":"https:\/\/www.europesays.com\/pl\/wp-json\/wp\/v2\/posts\/334233","targetHints":{"allow":["GET"]}}],"collection":[{"href":"https:\/\/www.europesays.com\/pl\/wp-json\/wp\/v2\/posts"}],"about":[{"href":"https:\/\/www.europesays.com\/pl\/wp-json\/wp\/v2\/types\/post"}],"author":[{"embeddable":true,"href":"https:\/\/www.europesays.com\/pl\/wp-json\/wp\/v2\/users\/2"}],"replies":[{"embeddable":true,"href":"https:\/\/www.europesays.com\/pl\/wp-json\/wp\/v2\/comments?post=334233"}],"version-history":[{"count":0,"href":"https:\/\/www.europesays.com\/pl\/wp-json\/wp\/v2\/posts\/334233\/revisions"}],"wp:featuredmedia":[{"embeddable":true,"href":"https:\/\/www.europesays.com\/pl\/wp-json\/wp\/v2\/media\/334234"}],"wp:attachment":[{"href":"https:\/\/www.europesays.com\/pl\/wp-json\/wp\/v2\/media?parent=334233"}],"wp:term":[{"taxonomy":"category","embeddable":true,"href":"https:\/\/www.europesays.com\/pl\/wp-json\/wp\/v2\/categories?post=334233"},{"taxonomy":"post_tag","embeddable":true,"href":"https:\/\/www.europesays.com\/pl\/wp-json\/wp\/v2\/tags?post=334233"}],"curies":[{"name":"wp","href":"https:\/\/api.w.org\/{rel}","templated":true}]}}