{"id":334542,"date":"2026-03-29T18:47:07","date_gmt":"2026-03-29T18:47:07","guid":{"rendered":"https:\/\/www.europesays.com\/pl\/334542\/"},"modified":"2026-03-29T18:47:07","modified_gmt":"2026-03-29T18:47:07","slug":"niemcy-juz-reaguja-w-sprawie-stefana-horngachera-prosto-z-mostu","status":"publish","type":"post","link":"https:\/\/www.europesays.com\/pl\/334542\/","title":{"rendered":"Niemcy ju\u017c reaguj\u0105 w sprawie Stefana Horngachera. Prosto z mostu"},"content":{"rendered":"<p>Stefana Horngachera \u017cadnemu polskiemu kibicowi nie trzeba przedstawia\u0107. Zanim do\u0142\u0105czy\u0142 do reprezentacji Niemiec, to prowadzi\u0142 naszych skoczk\u00f3w, kt\u00f3rzy w tamtym czasie odnosili wielkie sukcesy. W niedziel\u0119 po raz ostatni wyst\u0105pi\u0142 jako szkoleniowiec naszych zachodnich s\u0105siad\u00f3w i zgodnie ze wcze\u015bniejszymi zapowiedziami zako\u0144czy\u0142 ten etap w swojej trenerskiej karierze.<\/p>\n<p> Dalszy ci\u0105g artyku\u0142u pod materia\u0142em wideo &#8222;To oczywi\u015bcie bardzo emocjonalne. To by\u0142 d\u0142ugi i pi\u0119kny okres, pe\u0142en wspania\u0142ych prze\u017cy\u0107, zar\u00f3wno na skoczni, jak i poza ni\u0105&#8221; \u2014 przyzna\u0142 w rozmowie z ZDF. Co ciekawe pojawi\u0142y si\u0119 doniesienia, \u017ce Horngacher ma w planach&#8230; <a href=\"https:\/\/przegladsportowy.onet.pl\/sporty-zimowe\/skoki-narciarskie\/sensacyjne-wiesci-media-stefan-horngacher-wraca-do-polskiej-kadry\/x9b2ejm\" id=\"afa1bfee-c4e4-4bfb-bf8c-72e581e27b4c\" rel=\"nofollow noopener\" target=\"_blank\">powr\u00f3t do reprezentacji Polski<\/a>.<\/p>\n<p>\u2014 Wed\u0142ug informacji, kt\u00f3rych zasi\u0119gn\u0105\u0142em tutaj w Planicy, Stefan Horngacher wraca do polskiej kadry. To si\u0119 wydarzy. Uda\u0142o mi si\u0119 t\u0119 informacj\u0119 potwierdzi\u0107. Coraz bardziej potwierdza si\u0119 r\u00f3wnie\u017c pozostanie w Polsce Michala Dole\u017cala i powr\u00f3t duetu Dole\u017cal \u2014 Horngacher. Nie wiadomo jeszcze w jakich rolach \u2014 przekaza\u0142 Jakub Balcerski ze Sport.pl na antenie TVP Sport.<\/p>\n<p>     Niemcy ju\u017c wiedz\u0105. &#8222;Jestem zadowolony z wyboru&#8221;<\/p>\n<p>W Niemczech za\u015b trwa debata na temat tego, kto zast\u0105pi Austriaka na stanowisku trenera kadry. M\u00f3wi\u0142o si\u0119 m.in. o Thomasie Thurnbichlerze czy nawet Grzegorzu Sobczyku. Nowe wie\u015bci w tej sprawie przekaza\u0142 dyrektor sportowy Niemieckiego Zwi\u0105zku Narciarskiego Horst Huettel, kt\u00f3ry stwierdzi\u0142, \u017ce decyzja nied\u0142ugo zostanie og\u0142oszona.<\/p>\n<p>Co ciekawe sportschau.de poda\u0142o, \u017ce niemieccy skoczkowie znaj\u0105 ju\u017c nazwisko swojego nowego trenera. Na ten temat wypowiedzia\u0142 si\u0119 gwiazdor reprezentacji Karl Geiger, cytowany przez wspomniany portal.<\/p>\n<p>&#8222;My\u015bl\u0119, \u017ce to b\u0119dzie dzia\u0142a\u0107, to b\u0119dzie dobra sprawa. Jestem zadowolony z wyboru&#8221; \u2014 przyzna\u0142 z u\u015bmiechem.<\/p>\n","protected":false},"excerpt":{"rendered":"Stefana Horngachera \u017cadnemu polskiemu kibicowi nie trzeba przedstawia\u0107. Zanim do\u0142\u0105czy\u0142 do reprezentacji Niemiec, to prowadzi\u0142 naszych skoczk\u00f3w, kt\u00f3rzy&hellip;\n","protected":false},"author":2,"featured_media":334543,"comment_status":"","ping_status":"","sticky":false,"template":"","format":"standard","meta":{"footnotes":"","_share_on_mastodon":"0"},"categories":[24],"tags":[40595,48,46,42,38,40,39,41,28927,55713,47,1874,127,126,5777,28488,130],"class_list":["post-334542","post","type-post","status-publish","format-standard","has-post-thumbnail","category-sport","tag-karl_geiger","tag-nat_styl","tag-omp","tag-pl","tag-poland","tag-polish","tag-polska","tag-polski","tag-ps_omp_tst1","tag-reprezentacja_niemiec","tag-screening_general","tag-skoki_narciarskie","tag-sport","tag-sports","tag-sporty_zimowe","tag-stefan_horngacher","tag-wiadomosci_sportowe"],"share_on_mastodon":{"url":"https:\/\/pubeurope.com\/@pl\/116313957630796435","error":""},"_links":{"self":[{"href":"https:\/\/www.europesays.com\/pl\/wp-json\/wp\/v2\/posts\/334542","targetHints":{"allow":["GET"]}}],"collection":[{"href":"https:\/\/www.europesays.com\/pl\/wp-json\/wp\/v2\/posts"}],"about":[{"href":"https:\/\/www.europesays.com\/pl\/wp-json\/wp\/v2\/types\/post"}],"author":[{"embeddable":true,"href":"https:\/\/www.europesays.com\/pl\/wp-json\/wp\/v2\/users\/2"}],"replies":[{"embeddable":true,"href":"https:\/\/www.europesays.com\/pl\/wp-json\/wp\/v2\/comments?post=334542"}],"version-history":[{"count":0,"href":"https:\/\/www.europesays.com\/pl\/wp-json\/wp\/v2\/posts\/334542\/revisions"}],"wp:featuredmedia":[{"embeddable":true,"href":"https:\/\/www.europesays.com\/pl\/wp-json\/wp\/v2\/media\/334543"}],"wp:attachment":[{"href":"https:\/\/www.europesays.com\/pl\/wp-json\/wp\/v2\/media?parent=334542"}],"wp:term":[{"taxonomy":"category","embeddable":true,"href":"https:\/\/www.europesays.com\/pl\/wp-json\/wp\/v2\/categories?post=334542"},{"taxonomy":"post_tag","embeddable":true,"href":"https:\/\/www.europesays.com\/pl\/wp-json\/wp\/v2\/tags?post=334542"}],"curies":[{"name":"wp","href":"https:\/\/api.w.org\/{rel}","templated":true}]}}