{"id":334609,"date":"2026-03-29T19:45:08","date_gmt":"2026-03-29T19:45:08","guid":{"rendered":"https:\/\/www.europesays.com\/pl\/334609\/"},"modified":"2026-03-29T19:45:08","modified_gmt":"2026-03-29T19:45:08","slug":"skoki-narciarskie-maciej-maciusiak-mamy-swoje-przemyslenia","status":"publish","type":"post","link":"https:\/\/www.europesays.com\/pl\/334609\/","title":{"rendered":"Skoki narciarskie. Maciej Maciusiak: &#8222;Mamy swoje przemy\u015blenia&#8221;"},"content":{"rendered":"<p>Lotami w Planicy zako\u0144czy\u0142 si\u0119 najgorszy sezon pucharu \u015bwiata od wielu lat. Sezon, w kt\u00f3rym polscy skoczkowie byli tylko t\u0142em dla rywalizacji innych dru\u017cyn. Sezon, kt\u00f3ry najlepiej b\u0119dzie jak najszybciej zapomnie\u0107. Poza jego najwa\u017cniejszym i najja\u015bniejszym punktem, kt\u00f3rym by\u0142y Igrzyska Olimpijskie Mediolan-Cortina 2026.<\/p>\n<p>                            <a class=\"fancybox\" href=\"https:\/\/www.skijumping.pl\/content\/images\/news\/powieksz\/mie2440_2026-03-08_17-16-22.jpg\" data-fancybox=\"gallery38657\" data-caption=\"Maciej Maciusiak, fot. Tadeusz Mieczy\u0144ski\" rel=\"nofollow noopener\" target=\"_blank\"><img decoding=\"async\" class=\"img-responsive lazyload\" src=\"https:\/\/www.europesays.com\/pl\/wp-content\/uploads\/2026\/03\/280x190_q80_mie2440_2026-03-08_17-16-22.jpg\" alt=\"Maciej Maciusiak\" title=\"Maciej Maciusiak\"\/><\/a>Maciej Maciusiak<\/p>\n<p>Spr\u00f3bowali\u015bmy uzyska\u0107 od trenera kadry A jakie\u015b warto\u015bciowe podsumowanie i wyt\u0142umaczenie. Poprosili\u015bmy o podanie przyczyn tak s\u0142abej formy naszych skoczk\u00f3w. Zapraszamy na kr\u00f3tk\u0105 rozmow\u0119 z Ma\u0107kiem Maciusiakiem, pe\u0142ni\u0105cym obowi\u0105zki naszej kadry narodowej.<\/p>\n<p>Skijumping.pl: Czy koniec kariery Kamila Stocha to koniec epoki w polskich skokach?<\/p>\n<p>Maciej Maciusiak: Kamil ko\u0144czy jako legenda. Ko\u0144czy pewn\u0105 epok\u0119. Ale polskie skoki si\u0119 nie ko\u0144cz\u0105. Tak jak po Adamie przyszed\u0142 Kamil, potem Piotrek czy Dawid. Skoki w Polsce si\u0119 wcale nie sko\u0144czy\u0142y. Kacper Tomasiak ma trzy medale olimpijskie. Widz\u0119 podtekst w tym pytaniu, to prawda, \u017ce pucharze \u015bwiata by\u0142a katastrofa, to by\u0142a katastrofa dla nas wszystkich, ca\u0142y ten sezon by\u0142 kiepski. I wida\u0107 chyba po nas, po ca\u0142ym sztabie, \u017ce chodzimy przybici. Wszystkich to m\u0119czy, bo wiemy, ile pracy w to w\u0142o\u017cyli\u015bmy, a nie posz\u0142o nam dobrze. Motywacja we wszystkich jest.<\/p>\n<p>Nie by\u0142o tu \u017cadnego podtekstu, to by\u0142o zupe\u0142nie otwarte pytanie o znaczenie tej postaci dla skok\u00f3w. Ale dobrze, p\u00f3jd\u017amy w tym kierunku. Czy razem z ko\u0144cem kariery Kamila b\u0119dzie jakie\u015b nowe otwarcie?<\/p>\n<p>B\u0119dzie nowe otwarcie, zmiany s\u0105 potrzebne. Czy w treningu, czy w sprz\u0119cie. Tych element\u00f3w jest bardzo du\u017co. Trzeba b\u0119dzie kadr\u0119 ustawia\u0107 na nowo bez Kamila, kt\u00f3ry od 22 lat startowa\u0142 w pucharze \u015bwiata. Na pewno b\u0119dzie inaczej.<\/p>\n<p>Czy po erze Stocha czeka nas era Tomasiaka?\u00a0<\/p>\n<p>Wszystko wskazuje na to, \u017ce tak powinno by\u0107. Ale trudno powiedzie\u0107. D\u0142ugo ju\u017c jestem w skokach i nic nie mo\u017cna w tym sporcie zagwarantowa\u0107.<\/p>\n<p>No to zmie\u0144my temat, bo od tych pyta\u0144 nie uciekniemy. Jak to si\u0119 sta\u0142o, \u017ce ten sezon by\u0142 tak katastrofalny? I jak to si\u0119 sta\u0142o, \u017ce Igrzyska by\u0142y jak z innej bajki?<\/p>\n<p>No w\u0142a\u015bnie tak by\u0142o i z tego jeste\u015bmy bardzo dumni. To by\u0142a g\u0142\u00f3wna impreza sezonu. Posk\u0142adali\u015bmy sukces z wielu element\u00f3w. Przygotowali\u015bmy si\u0119 najlepiej, jak potrafili\u015bmy. Od samego pocz\u0105tku podkre\u015bla\u0142em, \u017ce jedziemy do W\u0142och walczy\u0107 o medal. No i Igrzyska by\u0142y dla nas fantastyczne, a sezon w pucharze \u015bwiata by\u0142 bardzo s\u0142aby. No i teraz trzeba to bardzo dobrze przeanalizowa\u0107 i ruszy\u0107 z planem na kolejny sezon.\u00a0<\/p>\n<p>Co zatem by\u0142o kluczowe dla Igrzysk? Odpuszczenie start\u00f3w i od\u015bwie\u017cenie Paw\u0142a i Kacpra?<\/p>\n<p>To by\u0142 jeden z tych element\u00f3w tego procesu treningowego. Bo przypomnijcie sobie ile by\u0142em krytykowany za Paw\u0142a\u00a0kt\u00f3ry po kiepskim sezonie ko\u0144czy go ze srebrnym medalem olimpijskim. Podobnie Kacper, kt\u00f3ry by\u0142 najlepszym z naszych skoczk\u00f3w od samego pocz\u0105tku. Ale na podium pucharu \u015bwiata nie wskoczy\u0142. A na Igrzyskach zrobi\u0142 to trzy razy. To te\u017c pokazuje to, jaki te sezon jest d\u0142ugi, ci\u0119\u017cki i m\u0119cz\u0105cy. Ale to te\u017c pokazuje, \u017ce przy odpowiednim pouk\u0142adaniu bezpo\u015brednie przygotowanie odgrywa du\u017c\u0105 rol\u0119.<\/p>\n<p>W takim razie co si\u0119 sta\u0142o, \u017ce po Igrzyskach forma nie zosta\u0142a podtrzymana? Pawe\u0142 i Kacper obni\u017cyli loty i okres po Igrzyskach wygl\u0105da\u0142 jeszcze gorzej, ni\u017c ten przed nimi. Tego nikt si\u0119 nie spodziewa\u0142. Co tutaj nie gra\u0142o?<\/p>\n<p>Na form\u0119 zawodnika wp\u0142ywa nie tylko trening fizyczny, ale i sprz\u0119t. Od pocz\u0105tku sezonu obserwowali\u015bmy, czym dysponuj\u0105 rywale. Dogonili\u015bmy ich na Igrzyskach. A co si\u0119 sta\u0142o potem? Mamy tu swoje przemy\u015blenia. Powiem tyle, \u017ce zostali\u015bmy po prostu z tym samym, z t\u0105 r\u00f3\u017cnic\u0105, \u017ce Pawe\u0142 musia\u0142 skaka\u0107 na innych nartach.<\/p>\n<p>Czyli sztab na razie nie chce dzieli\u0107 si\u0119 mediami i publik\u0105 tymi przemy\u015bleniami?<\/p>\n<p>No oczywi\u015bcie, \u017ce tak, bo to bardzo du\u017co element\u00f3w. To nie jest tak, \u017ce my siedzimy i teraz si\u0119 zastanawiamy, dlaczego tak jest. Wiedzieli\u015bmy ju\u017c od Lahti, \u017ce trudno b\u0119dzie nam rywalizowa\u0107 z najlepszymi w pucharze \u015bwiata. Ale z drugiej strony nie mieli\u015bmy nawet czasu na trening, czy zmiany sprz\u0119towe. Bo jak ta karuzela zn\u00f3w ruszy\u0142a, to nie by\u0142o ani jednego dnia na spokojny trening na skoczni.<\/p>\n<p>Jaki zatem b\u0119dzie pierwszy i najwa\u017cniejszy z tych element\u00f3w do zmiany, by nowy sezon by\u0142 lepszy?<\/p>\n<p>Zobaczymy. Na pewno&#8230; nie, nie chc\u0119 teraz o tym m\u00f3wi\u0107, bo zawodnicy jeszcze nie wiedz\u0105 o wszystkich planach. Na razie zostanie to w \u015brodku sztabu.<\/p>\n<p>W takim razie dzi\u0119kuj\u0119 i \u017cycze powodzenia.<\/p>\n<p>Dzi\u0119kuj\u0119.<\/p>\n","protected":false},"excerpt":{"rendered":"Lotami w Planicy zako\u0144czy\u0142 si\u0119 najgorszy sezon pucharu \u015bwiata od wielu lat. Sezon, w kt\u00f3rym polscy skoczkowie byli&hellip;\n","protected":false},"author":2,"featured_media":334610,"comment_status":"","ping_status":"","sticky":false,"template":"","format":"standard","meta":{"footnotes":"","_share_on_mastodon":"0"},"categories":[24],"tags":[1574,1546,1557,1558,1561,1573,1571,1563,291,1553,1564,1549,1551,1543,1550,1562,1547,1565,1540,1568,1544,42,38,40,39,41,1554,1359,1567,1560,1559,1566,1556,1569,1539,1538,1555,127,126,1552,1541,1548,1542,1570,1572,645,1545],"class_list":["post-334609","post","type-post","status-publish","format-standard","has-post-thumbnail","category-sport","tag-4skocznie","tag-adam","tag-adam-malysz","tag-adammalysz","tag-coc","tag-czteryskocznie","tag-fis","tag-fis-cup","tag-historia","tag-horngacher","tag-io","tag-kobayashi","tag-kraft","tag-kuba","tag-kubacki","tag-lotos-cup","tag-malysz","tag-ms","tag-narciarskie","tag-narty","tag-piotrek","tag-pl","tag-poland","tag-polish","tag-polska","tag-polski","tag-polskie","tag-ranking","tag-ski-jumping","tag-skijump","tag-skijumping","tag-skoczkowie","tag-skocznia","tag-skocznie","tag-skoki","tag-skoki-narciarskie","tag-skokinarciarskie","tag-sport","tag-sports","tag-stefan","tag-stoch","tag-wellinger","tag-wolny","tag-zakopane","tag-zawody","tag-zdjecia","tag-zyla"],"share_on_mastodon":{"url":"","error":"Validation failed: Text character limit of 500 exceeded"},"_links":{"self":[{"href":"https:\/\/www.europesays.com\/pl\/wp-json\/wp\/v2\/posts\/334609","targetHints":{"allow":["GET"]}}],"collection":[{"href":"https:\/\/www.europesays.com\/pl\/wp-json\/wp\/v2\/posts"}],"about":[{"href":"https:\/\/www.europesays.com\/pl\/wp-json\/wp\/v2\/types\/post"}],"author":[{"embeddable":true,"href":"https:\/\/www.europesays.com\/pl\/wp-json\/wp\/v2\/users\/2"}],"replies":[{"embeddable":true,"href":"https:\/\/www.europesays.com\/pl\/wp-json\/wp\/v2\/comments?post=334609"}],"version-history":[{"count":0,"href":"https:\/\/www.europesays.com\/pl\/wp-json\/wp\/v2\/posts\/334609\/revisions"}],"wp:featuredmedia":[{"embeddable":true,"href":"https:\/\/www.europesays.com\/pl\/wp-json\/wp\/v2\/media\/334610"}],"wp:attachment":[{"href":"https:\/\/www.europesays.com\/pl\/wp-json\/wp\/v2\/media?parent=334609"}],"wp:term":[{"taxonomy":"category","embeddable":true,"href":"https:\/\/www.europesays.com\/pl\/wp-json\/wp\/v2\/categories?post=334609"},{"taxonomy":"post_tag","embeddable":true,"href":"https:\/\/www.europesays.com\/pl\/wp-json\/wp\/v2\/tags?post=334609"}],"curies":[{"name":"wp","href":"https:\/\/api.w.org\/{rel}","templated":true}]}}