{"id":334727,"date":"2026-03-29T21:23:15","date_gmt":"2026-03-29T21:23:15","guid":{"rendered":"https:\/\/www.europesays.com\/pl\/334727\/"},"modified":"2026-03-29T21:23:15","modified_gmt":"2026-03-29T21:23:15","slug":"jesli-zginiemy-to-zginiemy-jaroslawa-mahuczich-mieszka-50-km-od-linii-frontu","status":"publish","type":"post","link":"https:\/\/www.europesays.com\/pl\/334727\/","title":{"rendered":"&#8222;Je\u015bli zginiemy, to zginiemy&#8221;. Jaros\u0142awa Mahuczich mieszka 50 km od linii frontu"},"content":{"rendered":"<p>W ubieg\u0142ym sezonie rekordzistka \u015bwiata z 2024 r. (2,10 m) i mistrzyni olimpijska z Pary\u017ca Jaros\u0142awa Mahuczich uleg\u0142a w dw\u00f3ch najwi\u0119kszych imprezach (HM\u015a w Nankinie, M\u015a w Tokio) swojej najwi\u0119kszej konkurentce, Australijce Nicoli Olyslagers, natomiast w kujawsko-pomorskich HM\u015a zn\u00f3w to Ukrainka stan\u0119\u0142a na najwy\u017cszym stopniu podium \u2014 w konkursie <a href=\"https:\/\/przegladsportowy.onet.pl\/lekkoatletyka\/szwajcar-przycmil-armanda-duplantisa-zgarnal-w-toruniu-fortune\/emznf9y\" id=\"a33fd7c9-3673-400d-8ab8-0ce24a3cdd04\" rel=\"nofollow noopener\" target=\"_blank\">jako jedyna zaliczy\u0142a 2,01 m<\/a>.<\/p>\n<p>W ostatnich tygodniach, licz\u0105c z imprez\u0105 w Toruniu, wystartowa\u0142a tylko cztery razy. A i tak w\u0142a\u015bnie do 24-latki z Dniepru (dawniej Dniepropietrowsk) nale\u017c\u0105 trzy najlepsze wyniki ostatnich tygodni: 2,03 m we Lwowie, 2,01 m w Karlsruhe i wspomniane 2,01 w polskich HM\u015a.<\/p>\n<p>Po wrze\u015bniowym czempionacie w Tokio Mahuczich wr\u00f3ci\u0142a do ojczyzny, sp\u0119dzaj\u0105c tam niemal ca\u0142\u0105 jesie\u0144 i zim\u0119. W Toruniu zapytali\u015bmy Ukraink\u0119, czy w zwi\u0105zku z trwaj\u0105c\u0105 od czterech lat rosyjsk\u0105 agresj\u0105 nie spotyka\u0142y j\u0105 aby w ostatnim czasie sytuacje zagra\u017caj\u0105ce \u017cyciu.<\/p>\n<p class=\"Paragraph_desktopParagraph__U31Gm\">\u2014 Oj, to trudne pytanie, poniewa\u017c obecnie w moim kraju nie ma bezpiecznego miejsca. A miasto Dniepr znajduje si\u0119 zaledwie 50 km od linii frontu \u2014 oznajmi\u0142a Jaros\u0142awa, po czym kontynuowa\u0142a swoj\u0105 opowie\u015b\u0107.<\/p>\n<p class=\"Paragraph_desktopParagraph__U31Gm\">\u2014 W tym czasie by\u0142o mn\u00f3stwo atak\u00f3w rakietowych na Dniepr, nadlatywa\u0142y te\u017c drony Shahed, nast\u0119powa\u0142o wiele eksplozji. Sama zacz\u0119\u0142am odbiera\u0107 to w ten spos\u00f3b, \u017ce jestem we w\u0142asnym domu i je\u015bli co\u015b na niego spadnie, to po prostu trudno. Moi rodacy r\u00f3wnie\u017c zd\u0105\u017cyli si\u0119 ju\u017c przyzwyczai\u0107, \u017ce niestety tak wygl\u0105da teraz nasze \u017cycie. Je\u015bli o czwartej rano nadlatuj\u0105 Shahedy, a ty o si\u00f3dmej musisz wsta\u0107 do pracy, to starasz si\u0119 spa\u0107 dalej, by potem normalnie funkcjonowa\u0107.<\/p>\n<p class=\"Paragraph_desktopParagraph__U31Gm\">W budynku, w kt\u00f3rym mieszka najlepsza pod wzgl\u0119dem wyniku skoczkini wzwy\u017c w historii, mo\u017cna skry\u0107 si\u0119 w parkingu znajduj\u0105cym si\u0119 trzy pi\u0119tra pod ziemi\u0105. \u2014 Postanowi\u0142am uda\u0107 si\u0119 tam dwa razy w czasie zmasowanych nalot\u00f3w, wzi\u0119\u0142am ze sob\u0105 kota. Generalnie Ukrai\u0144cy schodz\u0105 jednak do schron\u00f3w coraz rzadziej, gdy\u017c sta\u0142o si\u0119 to m\u0119cz\u0105ce. Nawet moi rodzice przyznali mi si\u0119, \u017ce ju\u017c tego nie robi\u0105. Powiedzieli: &#8222;Takie \u017cycie. Je\u015bli zginiemy, to zginiemy&#8221; \u2014 wyzna\u0142a nam Mahuczich.<\/p>\n<p><img decoding=\"async\" class=\"Image_image__0tuHp Image_autoHeight__f2n87 \" height=\"587\" width=\"880\" src=\"https:\/\/www.europesays.com\/pl\/wp-content\/uploads\/2026\/03\/Xonk9kpTURBXy84YTU3OTFjYjBlNzNkYWRmYTMxMjc0NGJjZWMyY2MwOC5qcGeSlQLNA6wAwsOVAgDNAkvCw94AA6EwAaExAaEzw.jpeg\" alt=\"Jaros\u0142awa Mahuczich podczas HM\u015a w Toruniu\" loading=\"lazy\" \/>IMAGO\/NEWSPIX.PL \/ newspix.pl<\/p>\n<p>Jaros\u0142awa Mahuczich podczas HM\u015a w Toruniu<\/p>\n<p class=\"Paragraph_desktopParagraph__U31Gm\">W tym roku, jak wspomnieli\u015bmy, startowa\u0142a rzadko \u2014 ze wzgl\u0119du na m\u0119cz\u0105ce podr\u00f3\u017ce. Bo najpierw ze wschodu Ukrainy trzeba dojecha\u0107 autem do Polski, \u017ceby z naszego kraju polecie\u0107 dalej. 17 stycznia wyst\u0105pi\u0142a we Lwowie. I by\u0142y to jej pierwsze zawody w ojczy\u017anie od trzech lat.<\/p>\n<p class=\"Paragraph_desktopParagraph__U31Gm\">\u2014 Wielu rodak\u00f3w mnie wspiera, ogl\u0105daj\u0105 transmisje mi\u0119dzynarodowych imprez. A ja chcia\u0142am podarowa\u0107 im konkurs, kt\u00f3ry mogli \u015bledzi\u0107 na w\u0142asne oczy. To by\u0142o co\u015b cennego, do hali przysz\u0142o wiele dzieci, kt\u00f3re mog\u0142am zmotywowa\u0107 do pracy, do uprawiania sportu. Widzia\u0142am, jakie u\u015bmiechni\u0119te by\u0142y ich buzie. Niech wi\u0119c rosn\u0105 nam kolejne pokolenia lekkoatlet\u00f3w. A r\u00f3wnie\u017c mnie kilkumiesi\u0119czny pobyt w kraju pod\u0142adowa\u0142 przed przygotowaniami do sezonu letniego, kt\u00f3re b\u0119d\u0119 niebawem kontynuowa\u0142a w portugalskim Monte Gordo \u2014 opowiada mistrzyni olimpijska.<\/p>\n<p class=\"Paragraph_desktopParagraph__U31Gm\">Od wybuchu pe\u0142noskalowej wojny w 2022 r. w najwa\u017cniejszych zawodach niezmiennie pokazuje si\u0119 z powiekami wymalowanymi na \u017c\u00f3\u0142to i niebiesko, przypominaj\u0105c \u015bwiatu o dzielnie opieraj\u0105cych si\u0119 Rosji \u017co\u0142nierzach Ukrainy.<\/p>\n<p class=\"Paragraph_desktopParagraph__U31Gm\">\u2014 W ten spos\u00f3b sama w jakim\u015b sensie broni\u0119 mojego kraju \u2014 t\u0142umaczy.<\/p>\n<p>Zaatakuje 2,11 m? <\/p>\n<p class=\"Paragraph_desktopParagraph__U31Gm\">W Toruniu przed pi\u0119cioma laty, jako 19-latka, zwyci\u0119\u017cy\u0142a w halowych ME. A kilka dni temu drugi raz \u2014 po zwyci\u0119stwie w Belgradzie (2022) \u2014 zosta\u0142a halow\u0105 mistrzyni\u0105 \u015bwiata. Dwie kolejne edycje tej imprezy wygra\u0142a wspomniana Olyslagers, do kt\u00f3rej nale\u017ca\u0142 r\u00f3wnie\u017c najlepszy wynik ca\u0142ego 2025 r. \u2014 2,04 m.<\/p>\n<p class=\"Paragraph_desktopParagraph__U31Gm\">Zapytali\u015bmy wi\u0119c Jaros\u0142aw\u0119, czy za par\u0119 miesi\u0119cy b\u0119dzie zdolna do zaatakowania w\u0142asnego rekordu globu (2,10 m), ustanowionego 7 lipca 2024 r. w paryskim mityngu Diamentowej Ligi.<\/p>\n<p class=\"Paragraph_desktopParagraph__U31Gm\">\u2014 Moja trenerka twierdzi, \u017ce b\u0119dzie mnie na to sta\u0107. I ja sama czuj\u0119, \u017ce staj\u0119 si\u0119 gotowa do wy\u017cszego skakania. A wi\u0119c mo\u017ce w tym roku b\u0119dzie nowy rekord \u015bwiata? \u2014 zastanawia si\u0119 Mahuczich, podkre\u015blaj\u0105c jednocze\u015bnie, \u017ce nauczy\u0142a si\u0119 przede wszystkim czerpa\u0107 rado\u015b\u0107 z udzia\u0142u w zawodach, bo to naprawd\u0119 pomaga.<\/p>\n<p class=\"Paragraph_desktopParagraph__U31Gm\">W Toruniu pi\u0105te miejsce zaj\u0119\u0142a Maria \u017bodzik (1,93 m). Nasza reprezentantka pokona\u0142a natomiast Jaros\u0142aw\u0119 podczas M\u015a w Tokio, zajmuj\u0105c drugie miejsce. Ukrainka w pami\u0119tnym deszczowym konkursie by\u0142a trzecia.<\/p>\n<p><img decoding=\"async\" class=\"Image_image__0tuHp Image_autoHeight__f2n87 \" height=\"587\" width=\"880\" src=\"https:\/\/www.europesays.com\/pl\/wp-content\/uploads\/2026\/03\/rGlk9kpTURBXy83MGNjOWM4ZWQzZmE2ODc4N2I1OWEzNzViZWIyNDZmNi5qcGeSlQLNA6wAwsOVAgDNAkvCw94AA6EwAaExAaEzw.jpeg\" alt=\"Medalistki M\u015a 2025 w Tokio\" loading=\"lazy\" \/>SIPAUSA\/NEWSPIX.PL \/ newspix.pl<\/p>\n<p>Medalistki M\u015a 2025 w Tokio<\/p>\n<p class=\"Paragraph_desktopParagraph__U31Gm\">\u2014 W Japonii nie by\u0142am wcale zaskoczona skokiem Marii na dwa metry, poniewa\u017c razem z trenerk\u0105 widzia\u0142y\u015bmy, \u017ce j\u0105 na to sta\u0107, obserwuj\u0105c jej technik\u0119. Z kolei w mistrzostwach w Toruniu co\u015b w tym elemencie u Marii nie zagra\u0142o, mo\u017ce te\u017c leczy\u0142a jakie\u015b kontuzje? Widzia\u0142am, jak smutno jej by\u0142o, bo dawa\u0142a z siebie wszystko. Taki jest sport. Najwa\u017cniejsze jednak, by umie\u0107 odnale\u017a\u0107 si\u0142\u0119 i wr\u00f3ci\u0107 do najlepszej formy, bo to znakomite uczucie \u2014 opisuje Jaros\u0142awa.<\/p>\n","protected":false},"excerpt":{"rendered":"W ubieg\u0142ym sezonie rekordzistka \u015bwiata z 2024 r. (2,10 m) i mistrzyni olimpijska z Pary\u017ca Jaros\u0142awa Mahuczich uleg\u0142a&hellip;\n","protected":false},"author":2,"featured_media":334728,"comment_status":"","ping_status":"","sticky":false,"template":"","format":"standard","meta":{"footnotes":"","_share_on_mastodon":"0"},"categories":[52122],"tags":[56,10796,50367,67,31702,522,1525,53,52,68,51,55,6010,752,42,38,40,39,41,47,3868,127,10812,390,50,912],"class_list":["post-334727","post","type-post","status-publish","format-standard","has-post-thumbnail","category-pko-bank-polski","tag-article_premium","tag-dniepr","tag-halowe_mistrzostwa_swiata","tag-intextvideo_splayer","tag-jaroslawa_mahuczich","tag-lekkoatletyka","tag-maria_zodzik","tag-new_header","tag-onet3","tag-onet3d","tag-onet3d_2i","tag-phx","tag-pko-bank-polski","tag-pko-bp","tag-pl","tag-poland","tag-polish","tag-polska","tag-polski","tag-screening_general","tag-skok_wzwyz","tag-sport","tag-torun_miasto","tag-ukraina_ukrainiec_ukrainka_ukraincy_ukrainki","tag-v2021","tag-wojna_wojny_konflikt_zbrojny_konflikty_zbrojne"],"share_on_mastodon":{"url":"https:\/\/pubeurope.com\/@pl\/116314571138684507","error":""},"_links":{"self":[{"href":"https:\/\/www.europesays.com\/pl\/wp-json\/wp\/v2\/posts\/334727","targetHints":{"allow":["GET"]}}],"collection":[{"href":"https:\/\/www.europesays.com\/pl\/wp-json\/wp\/v2\/posts"}],"about":[{"href":"https:\/\/www.europesays.com\/pl\/wp-json\/wp\/v2\/types\/post"}],"author":[{"embeddable":true,"href":"https:\/\/www.europesays.com\/pl\/wp-json\/wp\/v2\/users\/2"}],"replies":[{"embeddable":true,"href":"https:\/\/www.europesays.com\/pl\/wp-json\/wp\/v2\/comments?post=334727"}],"version-history":[{"count":0,"href":"https:\/\/www.europesays.com\/pl\/wp-json\/wp\/v2\/posts\/334727\/revisions"}],"wp:featuredmedia":[{"embeddable":true,"href":"https:\/\/www.europesays.com\/pl\/wp-json\/wp\/v2\/media\/334728"}],"wp:attachment":[{"href":"https:\/\/www.europesays.com\/pl\/wp-json\/wp\/v2\/media?parent=334727"}],"wp:term":[{"taxonomy":"category","embeddable":true,"href":"https:\/\/www.europesays.com\/pl\/wp-json\/wp\/v2\/categories?post=334727"},{"taxonomy":"post_tag","embeddable":true,"href":"https:\/\/www.europesays.com\/pl\/wp-json\/wp\/v2\/tags?post=334727"}],"curies":[{"name":"wp","href":"https:\/\/api.w.org\/{rel}","templated":true}]}}