{"id":334924,"date":"2026-03-30T00:31:12","date_gmt":"2026-03-30T00:31:12","guid":{"rendered":"https:\/\/www.europesays.com\/pl\/334924\/"},"modified":"2026-03-30T00:31:12","modified_gmt":"2026-03-30T00:31:12","slug":"trzy-perfekcyjne-skoki-w-planicy-tego-nie-bylo-przez-caly-sezon","status":"publish","type":"post","link":"https:\/\/www.europesays.com\/pl\/334924\/","title":{"rendered":"Trzy perfekcyjne skoki w Planicy! Tego nie by\u0142o przez ca\u0142y sezon"},"content":{"rendered":"<p>Artyku\u0142 jest aktualizowany&#8230;<\/p>\n<p>Weekend w Planicy by\u0142 wyj\u0105tkowy. Karier\u0119 sko\u0144czy\u0142 Kamil Stoch, kt\u00f3rego po\u017cegnano nie tylko na skoczni w niedziel\u0119, ale r\u00f3wnie\u017c w sobot\u0119 podczas wyj\u0105tkowego spotkania z fanami, co <a href=\"https:\/\/przegladsportowy.onet.pl\/sporty-zimowe\/skoki-narciarskie\/tak-kamil-stoch-robil-sobie-najwieksza-krzywde-nikt-tego-nie-widzial\/8d7cd6j\" id=\"1abf4b27-1a10-4093-8f18-b6c5dcb57c8e\" rel=\"nofollow noopener\" target=\"_blank\">opisali Natalia \u017baczek i Kamil Wolnicki<\/a>. W tle po\u017cegnania trwa\u0142a te\u017c walka o fina\u0142owe zwyci\u0119stwo. Dalszy ci\u0105g artyku\u0142u pod materia\u0142em wideo Najwa\u017cniejszym wydarzeniem w niedziel\u0119 dla Polak\u00f3w by\u0142y skoki Kamila Stocha. 38-latek zaj\u0105\u0142 ostatecznie 30. miejsce. <a href=\"https:\/\/przegladsportowy.onet.pl\/sporty-zimowe\/skoki-narciarskie\/kamil-stoch-oddal-swoj-ostatni-skok-tak-go-od-razu-pozegnano-w-planicy\/6e3m5b1\" id=\"e604df4d-7c2e-4439-886a-092898a4e39c\" rel=\"nofollow noopener\" target=\"_blank\">Zezwolenie na start w serii fina\u0142owej legendzie da\u0142a jego \u017cona Ewa Bilan-Stoch<\/a>, a po wyl\u0105dowaniu na dole mamuciej skoczni czekali na niego koledzy z reprezentacji w okoliczno\u015bciowych plastronach oraz szpaler utworzony przez dzieci trenuj\u0105ce na co dzie\u0144 w klubie stworzonym przez Stocha Eve-nement Zakopane.     \u015awi\u0119to lot\u00f3w na koniec sezonu P\u015a<\/p>\n<p>Fina\u0142owy konkurs nie zawi\u00f3d\u0142 i sta\u0142 na bardzo wysokim poziomie, a co wa\u017cniejsze jury pozwala\u0142o na dalekie latanie. Zachwyci\u0142 Domen Prevc, kt\u00f3ry na p\u00f3\u0142metku jako jedyny przekroczy\u0142 o p\u00f3\u0142 metra granic\u0119 240 m. By\u0142 jednak trzeci, tu\u017c za Johannem Andre Forfangiem i lideruj\u0105cym Mariusem Lindvikiem.<\/p>\n<p>Ostatecznie najlepszy okaza\u0142 si\u0119 Marius Lindvik. W fina\u0142owej rundzie Norweg skoczy\u0142 231 m i obroni\u0142 si\u0119 przed atakami Prevca, kt\u00f3ry by\u0142 drugi oraz trzeciego Forfanga. Lindvik na zwyci\u0119stwo w Pucharze \u015awiata czeka\u0142 a\u017c cztery lata.<\/p>\n<p>Wyniki fina\u0142owego konkursu Pucharu \u015awiata w Planicy:<\/p>\n<p>   1 <\/p>\n<p>Marius Lindvik (Norwegia) &#8211; 459,5 pkt (238,5 m, 231 m)<\/p>\n<p>  2 <\/p>\n<p>Domen Prevc (S\u0142owenia) &#8211; 453,9 pkt (240,5 m, 229,5 m)<\/p>\n<p>  3 <\/p>\n<p>Johann Andre Forfang (Norwegia) &#8211; 441,3 pkt (232,5 m, 219,5 m)<\/p>\n<p>***<\/p>\n<p>30. Kamil Stoch (Polska) &#8211; 303,8 pkt (193 m, 190 m)<\/p>\n<p>Co ciekawe w niedziel\u0119 kibice zobaczyli a\u017c trzy idealne skoki. Komplet &#8222;20&#8221; za styl od s\u0119dzi\u00f3w otrzymali w pierwszej serii Lindvik i Andreas Wellinger, a w drugiej do\u0142\u0105czy\u0142 do nich jeszcze Daniel Tschofenig. W tym sezonie przed niedzielnym konkursem jeszcze \u017caden z zawodnik\u00f3w nie otrzyma\u0142 maksymalnych not za styl.<\/p>\n<p>W klasyfikacji generalnej zwyci\u0119\u017cy\u0142 Domen Prevc (do\u0142o\u017cy\u0142 jeszcze triumf w klasyfikacji generalnej w lotach), drug\u0105 lokat\u0119 zaj\u0105\u0142 Ryoyu Kobayashi, a trzeci by\u0142 Daniel Tschofenig. Najwy\u017cej sklasyfikowanym Polakiem by\u0142 Kacper Tomasiak (23. miejsce, nieobecny w Planicy).<\/p>\n<p>Klasyfikacja generalna Pucharu Swiata w sezonie 2025\/26<\/p>\n<p>  1 <\/p>\n<p>Domen Prevc (S\u0142owenia) &#8211; 2148 pkt<\/p>\n<p>  2 <\/p>\n<p>Ryoyu Kobayashi (Japonia) &#8211; 1194 pkt<\/p>\n<p>  3 <\/p>\n<p>Daniel Tschofeng (Austria) &#8211; 1159 pkt<\/p>\n<p>***<\/p>\n<p>23. Kacper Tomasiak (Polska) &#8211; 391 pkt<\/p>\n<p>31. Kamil Stoch (Polska) 186 pkt<\/p>\n<p>33. Piotr \u017by\u0142a (Polska) &#8211; 162 pkt<\/p>\n<p>39. Maciej Kot (Polska) &#8211; 87 pkt<\/p>\n<p>43. Pawe\u0142 W\u0105sek (Polska) &#8211; 64 pkt<\/p>\n<p>44. Dawid Kubacki (Polska) &#8211; 54 pkt<\/p>\n<p>64. Aleksander Zniszczo\u0142 (Polska) &#8211; 7 pkt<\/p>\n<p>72. Klemens Joniak (Polska) &#8211; 2 pkt<\/p>\n","protected":false},"excerpt":{"rendered":"Artyku\u0142 jest aktualizowany&#8230; Weekend w Planicy by\u0142 wyj\u0105tkowy. Karier\u0119 sko\u0144czy\u0142 Kamil Stoch, kt\u00f3rego po\u017cegnano nie tylko na skoczni&hellip;\n","protected":false},"author":2,"featured_media":334925,"comment_status":"","ping_status":"","sticky":false,"template":"","format":"standard","meta":{"footnotes":"","_share_on_mastodon":"0"},"categories":[52122],"tags":[37761,3515,36496,48,46,6010,752,42,38,40,39,41,28927,47,1874,5777,130],"class_list":["post-334924","post","type-post","status-publish","format-standard","has-post-thumbnail","category-pko-bank-polski","tag-andreas_wellinger","tag-kamil_stoch","tag-marius_lindvik","tag-nat_styl","tag-omp","tag-pko-bank-polski","tag-pko-bp","tag-pl","tag-poland","tag-polish","tag-polska","tag-polski","tag-ps_omp_tst1","tag-screening_general","tag-skoki_narciarskie","tag-sporty_zimowe","tag-wiadomosci_sportowe"],"share_on_mastodon":{"url":"https:\/\/pubeurope.com\/@pl\/116315310152969985","error":""},"_links":{"self":[{"href":"https:\/\/www.europesays.com\/pl\/wp-json\/wp\/v2\/posts\/334924","targetHints":{"allow":["GET"]}}],"collection":[{"href":"https:\/\/www.europesays.com\/pl\/wp-json\/wp\/v2\/posts"}],"about":[{"href":"https:\/\/www.europesays.com\/pl\/wp-json\/wp\/v2\/types\/post"}],"author":[{"embeddable":true,"href":"https:\/\/www.europesays.com\/pl\/wp-json\/wp\/v2\/users\/2"}],"replies":[{"embeddable":true,"href":"https:\/\/www.europesays.com\/pl\/wp-json\/wp\/v2\/comments?post=334924"}],"version-history":[{"count":0,"href":"https:\/\/www.europesays.com\/pl\/wp-json\/wp\/v2\/posts\/334924\/revisions"}],"wp:featuredmedia":[{"embeddable":true,"href":"https:\/\/www.europesays.com\/pl\/wp-json\/wp\/v2\/media\/334925"}],"wp:attachment":[{"href":"https:\/\/www.europesays.com\/pl\/wp-json\/wp\/v2\/media?parent=334924"}],"wp:term":[{"taxonomy":"category","embeddable":true,"href":"https:\/\/www.europesays.com\/pl\/wp-json\/wp\/v2\/categories?post=334924"},{"taxonomy":"post_tag","embeddable":true,"href":"https:\/\/www.europesays.com\/pl\/wp-json\/wp\/v2\/tags?post=334924"}],"curies":[{"name":"wp","href":"https:\/\/api.w.org\/{rel}","templated":true}]}}