{"id":335172,"date":"2026-03-30T05:21:08","date_gmt":"2026-03-30T05:21:08","guid":{"rendered":"https:\/\/www.europesays.com\/pl\/335172\/"},"modified":"2026-03-30T05:21:08","modified_gmt":"2026-03-30T05:21:08","slug":"verstappen-stracil-radosc-z-jazdy-i-rozwaza-opuszczenie-f1","status":"publish","type":"post","link":"https:\/\/www.europesays.com\/pl\/335172\/","title":{"rendered":"Verstappen straci\u0142 rado\u015b\u0107 z jazdy i rozwa\u017ca opuszczenie F1"},"content":{"rendered":"<p>Max\u00a0Verstappen po\u00a0blisko dekadzie w\u00a0F1 mo\u017ce \u015bmia\u0142o by\u0107 uznany za\u00a0jedn\u0105 z\u00a0najwi\u0119kszych legend tej\u00a0dyscypliny. Bezkompromisowy zar\u00f3wno na\u00a0torze, jak i\u00a0poza nim, w\u00a0liczbie zwyci\u0119stw ma\u00a0przed\u00a0sob\u0105 jedynie Michaela Schumachera i\u00a0Lewisa Hamiltona, a\u00a0pod\u00a0k\u0105tem tytu\u0142\u00f3w \u2013 poza wspomnian\u0105 dw\u00f3jk\u0105 \u2013 lepszy jest jeszcze tylko\u00a0Juan Manuel Fangio. Holender od\u00a0pocz\u0105tku sezonu narzeka na\u00a0nowe regulacje techniczne. Niewykluczone, \u017ce\u00a028-latek zrobi sobie przerw\u0119 od\u00a0kr\u00f3lowej sport\u00f3w motorowych.<\/p>\n<p>Verstappen nie\u00a0zacz\u0105\u0142 zbyt dobrze. I\u00a0nie\u00a0polubi\u0142 si\u0119 z\u00a0regulacjami<\/p>\n<p>Czterokrotny mistrz \u015bwiata nie\u00a0rozpocz\u0105\u0142 najlepiej sezonu 2026. Holender po\u00a0trzech wy\u015bcigach i\u00a0jednym sprincie uzbiera\u0142 raptem 14 punkt\u00f3w, co\u00a0plasuje go\u00a0dopiero na\u00a0dziewi\u0105tej lokacie w\u00a0klasyfikacji generalnej. Najlepsze, na\u00a0co\u00a0go\u00a0by\u0142o sta\u0107 w\u00a0niedzielnych zmaganiach, to\u00a0do\u00a0tej\u00a0pory 6. miejsce w\u00a0Australii.<\/p>\n<p>Nowe regulacje techniczne, tak\u00a0jak i\u00a0wielu kierowcom, tak\u017ce i\u00a0Verstappenowi niezbyt si\u0119 podobaj\u0105. Potwierdzi\u0142 to\u00a0tak\u017ce ojciec samego mistrza, dawny kolega zespo\u0142owy Michaela Schumachera z\u00a0lat pracy w\u00a0Benettonie. Cytowany przez\u00a0RacingNews365 Jos Verstappen jest przekonany, \u017ce\u00a0syn nie\u00a0b\u0119dzie czerpa\u0142 \u017cadnej przyjemno\u015bci ze\u00a0\u015bcigania w\u00a0stylu, kt\u00f3ry\u00a0dominuje w\u00a0tym sezonie.<\/p>\n<p>\u2013 Kiedy ogl\u0105dam te\u00a0sesje i\u00a0s\u0142ysz\u0119, gdzie musz\u0105 odpu\u015bci\u0107, trudno si\u0119 tym ekscytowa\u0107. Szczerze m\u00f3wi\u0105c, martwi\u0119 si\u0119, \u017ce\u00a0Max\u00a0traci motywacj\u0119. Kiedy\u015b uwa\u017ca\u0142, \u017ce\u00a0\u015bciganie si\u0119 bolidem F1 to\u00a0najlepsza rzecz, jaka istnieje.<\/p>\n<blockquote class=\"twitter-tweet\">\n<p dir=\"ltr\" lang=\"en\">\ud83d\udea8| Jos Verstappen delivers 'bleak\u2019 F1 future update for son Max:<\/p>\n<p>\u2014\u00a0Jos Verstappen expressed concerns about his son Max\u2019s future in\u00a0Formula 1, describing it as\u00a0\u201ebleak\u201d due to\u00a0the challenges posed by\u00a0the new 2026 regulations. He\u00a0noted that Max\u00a0is struggling to\u00a0find enjoyment in\u2026 <a href=\"https:\/\/t.co\/fOXWTdwQMk\" target=\"_blank\" rel=\"noopener noreferrer nofollow\">pic.twitter.com\/fOXWTdwQMk<\/a><\/p>\n<p>\u2014\u00a0This is Formula 1 (@ThisIsFormu1a1) <a href=\"https:\/\/twitter.com\/ThisIsFormu1a1\/status\/2038118990602731935?ref_src=twsrc%5Etfw\" target=\"_blank\" rel=\"noopener noreferrer nofollow\">March 29, 2026<\/a><\/p>\n<\/blockquote>\n<p>Kto, jak nie\u00a0ojciec, ma\u00a0wiedzie\u0107, co\u00a0mo\u017ce czu\u0107 jego syn, prawda? Max\u00a0po\u00a0wy\u015bcigu w\u00a0Japonii da\u0142 do\u00a0zrozumienia, \u017ce\u00a0trudno mu\u00a0mie\u0107 frajd\u0119 z\u00a0prowadzenia aktualnej generacji samochod\u00f3w. Wielokrotnie sugerowa\u0142, \u017ce\u00a0F1 to\u00a0nie\u00a0wszystko i\u00a0nie\u00a0b\u0119dzie si\u0119 \u015bciga\u0107 do\u00a0czterdziestki, ale\u00a0ju\u017c na\u00a0tym etapie sezonu wida\u0107, \u017ce\u00a0je\u017celi nic si\u0119 pr\u0119dko nie\u00a0zmieni, F1 straci przynajmniej na\u00a0jaki\u015b czas swojego wielkiego mistrza.<\/p>\n<p>\u2013 Potrafi\u0119 zaakceptowa\u0107 to, \u017ce\u00a0jestem si\u00f3dmy czy\u00a0\u00f3smy. Wiem te\u017c, \u017ce\u00a0nie\u00a0da si\u0119 dominowa\u0107, by\u0107 pierwszym czy\u00a0drugim, na\u00a0podium, przez\u00a0ca\u0142y czas. Jestem realist\u0105 w\u00a0tym i\u00a0by\u0142em w\u00a0tej\u00a0pozycji, w\u00a0F1 nie\u00a0zdarza\u0142o mi\u00a0si\u0119 jedynie wygrywa\u0107. Po\u00a0prostu, gdy\u00a0jestem na\u00a0si\u00f3dmym czy\u00a0\u00f3smym miejscu, nie\u00a0mam obecnie z\u00a0tego \u017cadnej frajdy, nie\u00a0czuj\u0119, jako kierowca, \u017cebym by\u0142 w\u00a0naturalnym \u015brodowisku. Chcia\u0142bym mie\u0107 tutaj nieco frajdy i\u00a0fajnie sp\u0119dza\u0107 czas. W\u00a0tym momencie zupe\u0142nie tak\u00a0nie\u00a0jest.<\/p>\n<blockquote class=\"twitter-tweet\">\n<p dir=\"ltr\" lang=\"en\">Max\u00a0Verstappen says he\u00a0is considering his future in\u00a0Formula 1 after finishing eighth at\u00a0the Japanese GP \ud83e\udd14\u2063<br \/>\u2063<br \/>The four-time world champion has been vocal about his concerns over the new 2026 regulations and cars. <a href=\"https:\/\/t.co\/M9Mi8SyiAb\" target=\"_blank\" rel=\"noopener noreferrer nofollow\">pic.twitter.com\/M9Mi8SyiAb<\/a><\/p>\n<p>\u2014\u00a0BBC Sport (@BBCSport) <a href=\"https:\/\/twitter.com\/BBCSport\/status\/2038209426008711485?ref_src=twsrc%5Etfw\" target=\"_blank\" rel=\"noopener noreferrer nofollow\">March 29, 2026<\/a><\/p>\n<\/blockquote>\n<p>\u2013 Widz\u0119 to\u00a0tak. S\u0142yszycie o\u00a0tym od\u00a0wielu sportowc\u00f3w, kt\u00f3rzy\u00a0sporo osi\u0105gn\u0119li. Zaczyna si\u0119 od\u00a0tego, \u017ce\u00a0maj\u0105 oni sporo frajdy zanim robi\u0105 co\u015b na\u00a0100 procent. My\u015bl\u0119, \u017ce\u00a0przyk\u0142adam si\u0119 na\u00a0100 procent, a\u00a0i\u00a0tak\u00a0ci\u0105gle pr\u00f3buj\u0119 by\u0107 lepszym, ale\u00a0z\u00a0racji tego, \u017ce\u00a0twierdz\u0119 sam wobec siebie, \u017ce\u00a0robi\u0119 to\u00a0na\u00a0100 procent \u2013 na\u00a0ten moment nie\u00a0jest zbyt zdrowe, poniewa\u017c nie\u00a0odczuwam z\u00a0tego frajdy. Szczerze m\u00f3wi\u0105c to\u00a0nawet jest to\u00a0troch\u0119 smutne, \u017ce\u00a0o\u00a0tym rozmawiamy. Nie\u00a0musicie jednak mi\u00a0wsp\u00f3\u0142czu\u0107, jako\u015b sobie poradz\u0119.<\/p>\n<p>Realia coraz mocniej pchaj\u0105 Holendra w\u00a0stron\u0119 innych serii wy\u015bcigowych, a\u00a0on\u00a0jest wielkim fanem wy\u015bcig\u00f3w samochodowych. Przed\u00a0wy\u015bcigiem na\u00a0Suzuce, testowa\u0142 wyczynowe auto Nissana na\u00a0torze Fuji Speedway. W\u00a0miniony weekend Verstappen wzi\u0105\u0142 udzia\u0142 w\u00a0wy\u015bcigu serii NLS na\u00a0legendarnym torze Nuerburgring Nordschleife, znanym tak\u017ce jako \u201eZielone Piek\u0142o\u201d.<\/p>\n<blockquote class=\"twitter-tweet\">\n<p dir=\"ltr\" lang=\"en\"><a href=\"https:\/\/twitter.com\/hashtag\/NLS?src=hash&amp;ref_src=twsrc%5Etfw\" target=\"_blank\" rel=\"noopener noreferrer nofollow\">#NLS<\/a> \u2013 Official statement regarding the NLS2 disqualification.<\/p>\n<p>More info: <a href=\"https:\/\/t.co\/YtZ0vWRjcd\" target=\"_blank\" rel=\"noopener noreferrer nofollow\">https:\/\/t.co\/YtZ0vWRjcd<\/a><a href=\"https:\/\/twitter.com\/hashtag\/AMG?src=hash&amp;ref_src=twsrc%5Etfw\" target=\"_blank\" rel=\"noopener noreferrer nofollow\">#AMG<\/a> <a href=\"https:\/\/t.co\/1Vl6fyN9kT\" target=\"_blank\" rel=\"noopener noreferrer nofollow\">pic.twitter.com\/1Vl6fyN9kT<\/a><\/p>\n<p>\u2014\u00a0Mercedes-AMG Motorsport (@amgmotorsport) <a href=\"https:\/\/twitter.com\/amgmotorsport\/status\/2035455000076230742?ref_src=twsrc%5Etfw\" target=\"_blank\" rel=\"noopener noreferrer nofollow\">March 21, 2026<\/a><\/p>\n<\/blockquote>\n<p>Na\u00a0p\u0119tli, na\u00a0kt\u00f3rej\u00a0niegdy\u015b o\u00a0\u015bmier\u0107 otar\u0142 si\u0119 w\u00a0swoim Ferrari wielki Niki Lauda, Holender zwyci\u0119\u017cy\u0142 w\u00a0za\u0142odze z\u00a0uznanymi kierowcami aut GT \u2013 Danielem Juncadell\u0105 i\u00a0Julesem Gounonem. Po\u00a0zawodach ca\u0142y tercet jednak zdyskwalifikowano, bowiem zu\u017cyli w\u00a0wy\u015bcigu o\u00a0jeden komplet opon za\u00a0du\u017co.<\/p>\n<p>Verstappen poza F1 w\u0142a\u015bnie na\u00a0Nordschleife stara si\u0119 \u0142apa\u0107 frajd\u0119 z\u00a0jazdy, gdy\u017c\u00a0to\u00a0jeden z\u00a0najtrudniejszych tor\u00f3w wy\u015bcigowych na\u00a0\u015bwiecie, kt\u00f3rego\u00a0okr\u0105\u017cenie mierzy ponad 20 kilometr\u00f3w. To\u00a0w\u0142a\u015bnie z\u00a0uwagi na\u00a0spore zainteresowanie medi\u00f3w oraz\u00a0kibic\u00f3w, zdecydowa\u0142 si\u0119 \u015bciga\u0107 w\u00a0swoim czasie po\u00a0torze pod\u00a0pseudonimem Franz Hermann. Jak mo\u017cna si\u0119 domy\u015bli\u0107, pr\u0119dko porzuci\u0142 pomys\u0142 jazdy pod\u00a0swoim alter ego.<\/p>\n<p>F1 \u2013 krytyka wobec nowych regulacji nie\u00a0ustaje po\u00a0Suzuce<\/p>\n<p>Po\u00a0trzecim wy\u015bcigu sezonu nie\u00a0ustaje temat nowych regulacji technicznych. Z\u00a0uwagi na\u00a0podzia\u0142 mocy w\u00a0jednostce nap\u0119dowej, kierowcy musz\u0105 bardziej ni\u017c zwykle dba\u0107 o\u00a0bateri\u0119. Powodem wielu kontrowersji jest tzw. super clipping. Jest to\u00a0zjawisko, przez\u00a0kt\u00f3re zawodnicy na\u00a0d\u0142ugiej prostej musz\u0105 przed\u00a0punktem hamowania zwalnia\u0107 kilkadziesi\u0105t metr\u00f3w tylko\u00a0po\u00a0to, aby odzyska\u0107 troch\u0119 mocy w\u00a0baterii.<\/p>\n<blockquote class=\"twitter-tweet\">\n<p dir=\"ltr\" lang=\"en\">Here\u2019s the moment Bearman went into the barriers at\u00a0Spoon <a href=\"https:\/\/twitter.com\/hashtag\/F1?src=hash&amp;ref_src=twsrc%5Etfw\" target=\"_blank\" rel=\"noopener noreferrer nofollow\">#F1<\/a> <a href=\"https:\/\/twitter.com\/hashtag\/JapaneseGP?src=hash&amp;ref_src=twsrc%5Etfw\" target=\"_blank\" rel=\"noopener noreferrer nofollow\">#JapaneseGP<\/a> <a href=\"https:\/\/t.co\/XmurXApWkp\" target=\"_blank\" rel=\"noopener noreferrer nofollow\">pic.twitter.com\/XmurXApWkp<\/a><\/p>\n<p>\u2014\u00a0Formula 1 (@F1) <a href=\"https:\/\/twitter.com\/F1\/status\/2038134038314053859?ref_src=twsrc%5Etfw\" target=\"_blank\" rel=\"noopener noreferrer nofollow\">March 29, 2026<\/a><\/p>\n<\/blockquote>\n<p>Podczas Grand Prix Japonii super clipping po\u00a0raz pierwszy w\u00a0sezonie przyczyni\u0142 si\u0119 do\u00a0powa\u017cnego wypadku. Franco Colapinto w\u00a0pobli\u017cu zakr\u0119tu Spoon <a href=\"https:\/\/x.com\/Formuladdict\/status\/2038214997868716217?s=20\" target=\"_blank\" rel=\"noopener nofollow\">mia\u0142 na\u00a0liczniku oko\u0142o 100 kilometr\u00f3w na\u00a0godzin\u0119 mniej<\/a> od\u00a0goni\u0105cego go\u00a0Olivera Bearmana. Doprowadzi\u0142o to\u00a0do\u00a0wypadku o\u00a0sile 50 G, a\u00a0w\u00a0kwietniu \u2013 tak\u017ce do\u00a0rozm\u00f3w w\u00a0temacie aktualnych regulacji, jak zasugerowa\u0142a sama FIA w\u00a0o\u015bwiadczeniu w\u00a0mediach spo\u0142eczno\u015bciowych.<\/p>\n<p>Kolejny wy\u015bcig F1 odb\u0119dzie si\u0119 na\u00a0pocz\u0105tku maja w\u00a0Miami. Czwarta runda powinna odby\u0107 si\u0119 w\u00a0po\u0142owie kwietnia (tak\u00a0jak i\u00a0pi\u0105ta), ale\u00a0zar\u00f3wno GP Bahrajnu, jak i\u00a0GP Arabii Saudyjskiej odwo\u0142ano w\u00a0pierwotnym terminie z\u00a0uwagi na\u00a0wojn\u0119 na\u00a0Bliskim Wschodzie.<\/p>\n<p>CZYTAJ WI\u0118CEJ NA\u00a0WESZ\u0141O:<\/p>\n<p>Fot.\u00a0Newspix<\/p>\n<p>                    <script async src=\"https:\/\/platform.twitter.com\/widgets.js\" charset=\"utf-8\"><\/script><\/p>\n","protected":false},"excerpt":{"rendered":"Max\u00a0Verstappen po\u00a0blisko dekadzie w\u00a0F1 mo\u017ce \u015bmia\u0142o by\u0107 uznany za\u00a0jedn\u0105 z\u00a0najwi\u0119kszych legend tej\u00a0dyscypliny. Bezkompromisowy zar\u00f3wno na\u00a0torze, jak i\u00a0poza nim,&hellip;\n","protected":false},"author":2,"featured_media":335173,"comment_status":"","ping_status":"","sticky":false,"template":"","format":"standard","meta":{"footnotes":"","_share_on_mastodon":"0"},"categories":[24],"tags":[55860,2897,42,38,40,39,41,127,126],"class_list":["post-335172","post","type-post","status-publish","format-standard","has-post-thumbnail","category-sport","tag-grand-prix-japonii","tag-max-verstappen","tag-pl","tag-poland","tag-polish","tag-polska","tag-polski","tag-sport","tag-sports"],"share_on_mastodon":{"url":"https:\/\/pubeurope.com\/@pl\/116316450953688335","error":""},"_links":{"self":[{"href":"https:\/\/www.europesays.com\/pl\/wp-json\/wp\/v2\/posts\/335172","targetHints":{"allow":["GET"]}}],"collection":[{"href":"https:\/\/www.europesays.com\/pl\/wp-json\/wp\/v2\/posts"}],"about":[{"href":"https:\/\/www.europesays.com\/pl\/wp-json\/wp\/v2\/types\/post"}],"author":[{"embeddable":true,"href":"https:\/\/www.europesays.com\/pl\/wp-json\/wp\/v2\/users\/2"}],"replies":[{"embeddable":true,"href":"https:\/\/www.europesays.com\/pl\/wp-json\/wp\/v2\/comments?post=335172"}],"version-history":[{"count":0,"href":"https:\/\/www.europesays.com\/pl\/wp-json\/wp\/v2\/posts\/335172\/revisions"}],"wp:featuredmedia":[{"embeddable":true,"href":"https:\/\/www.europesays.com\/pl\/wp-json\/wp\/v2\/media\/335173"}],"wp:attachment":[{"href":"https:\/\/www.europesays.com\/pl\/wp-json\/wp\/v2\/media?parent=335172"}],"wp:term":[{"taxonomy":"category","embeddable":true,"href":"https:\/\/www.europesays.com\/pl\/wp-json\/wp\/v2\/categories?post=335172"},{"taxonomy":"post_tag","embeddable":true,"href":"https:\/\/www.europesays.com\/pl\/wp-json\/wp\/v2\/tags?post=335172"}],"curies":[{"name":"wp","href":"https:\/\/api.w.org\/{rel}","templated":true}]}}