{"id":335562,"date":"2026-03-30T09:54:08","date_gmt":"2026-03-30T09:54:08","guid":{"rendered":"https:\/\/www.europesays.com\/pl\/335562\/"},"modified":"2026-03-30T09:54:08","modified_gmt":"2026-03-30T09:54:08","slug":"tak-wygladaja-relacje-szefa-mon-i-prezydenta-prezydent-wkurza-tygryska","status":"publish","type":"post","link":"https:\/\/www.europesays.com\/pl\/335562\/","title":{"rendered":"Tak wygl\u0105daj\u0105 relacje szefa MON i prezydenta. &#8222;Prezydent wkurza \u00bbtygryska\u00ab&#8221;"},"content":{"rendered":"<p class=\"Paragraph_desktopParagraph__U31Gm\">Na samym wst\u0119pie programu prowadz\u0105ca <a href=\"https:\/\/wiadomosci.onet.pl\/autorzy\/odeta-moro\" id=\"d655acea-bc92-4bdf-8a33-caafa0f2c374\" rel=\"nofollow noopener\" target=\"_blank\">Odeta Moro<\/a> zapyta\u0142a swojego go\u015bcia o sobotnie przem\u00f3wienie Karola Nawrockiego, kt\u00f3re prezydent wyg\u0142osi\u0142 <a href=\"https:\/\/wiadomosci.onet.pl\/swiat\/konwencja-cpac-w-teksasie-karol-nawrocki-zabral-glos-polska-i-usa-to-nie-tylko\/7mx7t7b\" id=\"6b3f962c-99e3-49d6-8ceb-8c4532310528\" rel=\"nofollow noopener\" target=\"_blank\">podczas konferencji CPAC w stanie Teksas<\/a>. Wydarzenie to od lat gromadzi czo\u0142owych przedstawicieli ruchu konserwatywnego (g\u0142\u00f3wnie polityk\u00f3w oraz aktywist\u00f3w) z USA i innych kraj\u00f3w.<\/p>\n<p class=\"Paragraph_desktopParagraph__U31Gm\">W odpowiedzi <a href=\"https:\/\/wiadomosci.onet.pl\/michal-szczerba-polityk\" id=\"7038ea54-0040-43c3-8465-815d48f593fc\" rel=\"nofollow noopener\" target=\"_blank\">Micha\u0142 Szczerba<\/a> stwierdzi\u0142, \u017ce w poprzednich latach na evencie pojawiali si\u0119 wa\u017cni go\u015bcie, jednak w tym roku, jego zdaniem, by\u0142o zupe\u0142nie inaczej. Europose\u0142 KO oceni\u0142 wydarzenie jako ma\u0142o znacz\u0105ce, a wr\u0119cz marginalne.<\/p>\n<blockquote>\n<p class=\"Paragraph_desktopParagraph__U31Gm\">Natomiast w tym roku, powiem szczerze, by\u0142a to kompletnie nieznacz\u0105ca impreza, kt\u00f3ra nie odbi\u0142a si\u0119 zainteresowaniem w ameryka\u0144skiej polityce<\/p>\n<\/blockquote>\n<p class=\"Paragraph_desktopParagraph__U31Gm\">\u2014 m\u00f3wi\u0142 w programie &#8222;Onet Rano&#8221; Micha\u0142 Szczerba.<\/p>\n<p class=\"Paragraph_desktopParagraph__U31Gm\">Zdaniem europos\u0142a KO <a href=\"https:\/\/wiadomosci.onet.pl\/karol-nawrocki-historyk\" id=\"48c4ba7b-118c-43ab-9f52-94e6295cfbb3\" rel=\"nofollow noopener\" target=\"_blank\">prezydent Karol Nawrocki<\/a> mia\u0142 w Polsce powa\u017cne sprawy do za\u0142atwienia, wa\u017cniejsze ni\u017c konferencja w USA, na kt\u00f3rej nie pojawi\u0142 si\u0119 m.in. prezydent Donald Trump.<\/p>\n<blockquote>\n<p class=\"Paragraph_desktopParagraph__U31Gm\">To by\u0142o troch\u0119 niepowa\u017cne<\/p>\n<\/blockquote>\n<p class=\"Paragraph_desktopParagraph__U31Gm\">\u2014 tak Micha\u0142 Szczerba oceni\u0142 wylot prezydenta Karola Nawrockiego na konferencj\u0119 do USA.<\/p>\n<p>Micha\u0142 Szczerba m\u00f3wi o relacjach W\u0142adys\u0142awa Kosiniaka-Kamysza z Karolem Nawrockim. &#8222;Skandal&#8221; <\/p>\n<p class=\"Paragraph_desktopParagraph__U31Gm\">Prowadz\u0105ca program &#8222;Onet Rano&#8221; Odeta Moro nawi\u0105za\u0142a r\u00f3wnie\u017c do niedawnych informacji Onetu o tym, \u017ce <a href=\"https:\/\/wiadomosci.onet.pl\/kraj\/wojna-o-armie-prezydent-omija-szefa-mon-i-wzywa-generalow-na-dywanik\/xtemmhb\" id=\"b0565677-3d12-4e23-b6a9-01054f00011e\" rel=\"nofollow noopener\" target=\"_blank\">w Pa\u0142acu Prezydenckim Karol Nawrocki spotka\u0142 si\u0119 z generalicj\u0105.<\/a> A zwo\u0142a\u0142 to spotkanie bez pytania o zgod\u0119 W\u0142adys\u0142awa Kosiniaka-Kamysza. Na pismach od szefa Biura Bezpiecze\u0144stwa Narodowego (BBN), kt\u00f3re trafi\u0142y bezpo\u015brednio do genera\u0142\u00f3w, widnia\u0142a jedynie sucha adnotacja: &#8222;do wiadomo\u015bci ministra obrony&#8221;.<\/p>\n<blockquote>\n<p class=\"Paragraph_desktopParagraph__U31Gm\">To jest absolutny skandal<\/p>\n<\/blockquote>\n<p class=\"Paragraph_desktopParagraph__U31Gm\">\u2014 skomentowa\u0142 Micha\u0142 Szczerba.<\/p>\n<p class=\"Paragraph_desktopParagraph__U31Gm\">Podczas dyskusji europose\u0142 KO nawi\u0105za\u0142 r\u00f3wnie\u017c do tego, \u017ce <a href=\"https:\/\/wiadomosci.onet.pl\/kraj\/unijny-program-safe-karol-nawrocki-podjal-decyzje\/dqwtl7h\" id=\"17cf08f5-67be-4321-89e6-184d4012b48d\" rel=\"nofollow noopener\" target=\"_blank\">Karol Nawrocki zawetowa\u0142 ustaw\u0119 wprowadzaj\u0105c\u0105 w Polsce unijny program SAFE<\/a>. Zarzuci\u0142 prezydentowi, \u017ce w ten spos\u00f3b dzia\u0142a na szkod\u0119 polskiej armii.<\/p>\n<blockquote>\n<p class=\"Paragraph_desktopParagraph__U31Gm\">Mam wra\u017cenie, \u017ce prezydent jednak wkurza &#8222;tygryska&#8221;. (&#8230;) Robienie takich rzeczy jest po prostu zbrodni\u0105<\/p>\n<\/blockquote>\n<p class=\"Paragraph_desktopParagraph__U31Gm\">\u2014 doda\u0142 Micha\u0142 Szczerba, podkre\u015blaj\u0105c przy tym, \u017ce W\u0142adys\u0142aw Kosiniak-Kamysz jest osob\u0105 uprzejm\u0105 i ugodow\u0105.<\/p>\n<p class=\"Paragraph_desktopParagraph__U31Gm\">W ten spos\u00f3b europose\u0142 KO nawi\u0105za\u0142 do wydarze\u0144 z czerwca 2020 r. Podczas konwencji w Jesionce inauguruj\u0105cej wy\u015bcig o fotel prezydenta, o kt\u00f3ry walczy\u0142 w\u00f3wczas m.in. W\u0142adys\u0142aw Kosiniak-Kamysz, wyst\u0105pi\u0142a \u017cona polityka. I skrad\u0142a show. <a href=\"https:\/\/wiadomosci.onet.pl\/kraj\/paulina-kosiniak-kamysz-kim-jest-zona-wladyslawa-kosiniaka-kamysza-wybory\/1f0ecyp\" id=\"a1b4d1da-2687-4c51-ad48-e23946f1e728\" rel=\"nofollow noopener\" target=\"_blank\">\u017bona pos\u0142a PSL opowiada\u0142a nie tylko o zaletach m\u0119\u017ca, ale r\u00f3wnie\u017c o swoich wizjach na to, jak powinny wygl\u0105da\u0107 dzia\u0142ania pierwszej damy.<\/a><\/p>\n<blockquote>\n<p class=\"Paragraph_desktopParagraph__U31Gm\">Chod\u017a tygrysie, scena jest twoja!<\/p>\n<\/blockquote>\n<p class=\"Paragraph_desktopParagraph__U31Gm\">\u2014 tak po swoim przem\u00f3wieniu Paulina Kosiniak-Kamysz zaprosi\u0142a m\u0119\u017ca do zabrania g\u0142osu.<\/p>\n","protected":false},"excerpt":{"rendered":"Na samym wst\u0119pie programu prowadz\u0105ca Odeta Moro zapyta\u0142a swojego go\u015bcia o sobotnie przem\u00f3wienie Karola Nawrockiego, kt\u00f3re prezydent wyg\u0142osi\u0142&hellip;\n","protected":false},"author":2,"featured_media":335563,"comment_status":"","ping_status":"","sticky":false,"template":"","format":"standard","meta":{"footnotes":"","_share_on_mastodon":"0"},"categories":[12],"tags":[32,33,36,37,27,240,34,35,15416,805,28,31,53,25,12279,3935,52,68,51,55,42,38,40,39,41,47,59,29,30,65,50,26,546],"class_list":["post-335562","post","type-post","status-publish","format-standard","has-post-thumbnail","category-polska","tag-breaking-news","tag-breakingnews","tag-featured-news","tag-featurednews","tag-headlines","tag-karol_nawrocki_prezydent","tag-latest-news","tag-latestnews","tag-michal_szczerba_polityk","tag-mon_ministerstwo_obrony_narodowej","tag-naglowki","tag-najwazniejsze-artykuly","tag-new_header","tag-news","tag-odeta_moro","tag-onet_rano_program_wideo","tag-onet3","tag-onet3d","tag-onet3d_2i","tag-phx","tag-pl","tag-poland","tag-polish","tag-polska","tag-polski","tag-screening_general","tag-stany_zjednoczone_usa","tag-top-stories","tag-topstories","tag-update_me","tag-v2021","tag-wiadomosci","tag-wladyslaw_kosiniak_kamysz_polityk"],"share_on_mastodon":{"url":"","error":"Validation failed: Text character limit of 500 exceeded"},"_links":{"self":[{"href":"https:\/\/www.europesays.com\/pl\/wp-json\/wp\/v2\/posts\/335562","targetHints":{"allow":["GET"]}}],"collection":[{"href":"https:\/\/www.europesays.com\/pl\/wp-json\/wp\/v2\/posts"}],"about":[{"href":"https:\/\/www.europesays.com\/pl\/wp-json\/wp\/v2\/types\/post"}],"author":[{"embeddable":true,"href":"https:\/\/www.europesays.com\/pl\/wp-json\/wp\/v2\/users\/2"}],"replies":[{"embeddable":true,"href":"https:\/\/www.europesays.com\/pl\/wp-json\/wp\/v2\/comments?post=335562"}],"version-history":[{"count":0,"href":"https:\/\/www.europesays.com\/pl\/wp-json\/wp\/v2\/posts\/335562\/revisions"}],"wp:featuredmedia":[{"embeddable":true,"href":"https:\/\/www.europesays.com\/pl\/wp-json\/wp\/v2\/media\/335563"}],"wp:attachment":[{"href":"https:\/\/www.europesays.com\/pl\/wp-json\/wp\/v2\/media?parent=335562"}],"wp:term":[{"taxonomy":"category","embeddable":true,"href":"https:\/\/www.europesays.com\/pl\/wp-json\/wp\/v2\/categories?post=335562"},{"taxonomy":"post_tag","embeddable":true,"href":"https:\/\/www.europesays.com\/pl\/wp-json\/wp\/v2\/tags?post=335562"}],"curies":[{"name":"wp","href":"https:\/\/api.w.org\/{rel}","templated":true}]}}