{"id":335890,"date":"2026-03-30T13:07:12","date_gmt":"2026-03-30T13:07:12","guid":{"rendered":"https:\/\/www.europesays.com\/pl\/335890\/"},"modified":"2026-03-30T13:07:12","modified_gmt":"2026-03-30T13:07:12","slug":"koroner-miejski-w-bialymstoku-zmiany-w-procedurach-posmiertelnych","status":"publish","type":"post","link":"https:\/\/www.europesays.com\/pl\/335890\/","title":{"rendered":"Koroner miejski w Bia\u0142ymstoku. Zmiany w procedurach po\u015bmiertelnych"},"content":{"rendered":"\n<p>            <img decoding=\"async\" class=\"art-figimg\" src=\"https:\/\/www.europesays.com\/pl\/wp-content\/uploads\/2026\/03\/148839-e.jpg\" width=\"375\" height=\"250\" alt=\"Koroner miejski w Bia\u0142ymstoku. Zmiany w procedurach po\u015bmiertelnych\" loading=\"lazy\" fetchpriority=\"high\"\/><br \/>\n            Fot: Dawid Gromadzki \/ UM Bia\u0142ystok<\/p>\n<p class=\"art-lid\">Miasto podpisa\u0142o umow\u0119 z firm\u0105 zewn\u0119trzn\u0105, kt\u00f3ra przejmie obowi\u0105zki koronera w sytuacjach niestandardowych. To rozwi\u0105zanie ma zako\u0144czy\u0107 traumatyczne dla rodzin i obci\u0105\u017caj\u0105ce dla policji sytuacje, gdy na stwierdzenie zgonu trzeba by\u0142o czeka\u0107 godzinami.<\/p>\n<p class=\"art-cont\">\u200bDo tej pory procedury w przypadkach zgon\u00f3w, w kt\u00f3rych nie bra\u0142 udzia\u0142u lekarz rodzinny lub pogotowie, bywa\u0142y czasoch\u0142onne i problematyczne. Policjanci musieli zabezpiecza\u0107 miejsce zdarzenia i pilnowa\u0107 zw\u0142ok do czasu przyjazdu uprawnionego medyka, co cz\u0119sto odci\u0105ga\u0142o funkcjonariuszy na wiele godzin od ich regularnych zada\u0144. Nowe rozwi\u0105zanie ma to zmieni\u0107.<br \/>&#13;<br \/>\n\u200b<br \/>&#13;<br \/>\nSystem skrojony pod sytuacje kryzysowe<\/p>\n<p>\u200bFunkcja koronera nie wywraca do g\u00f3ry nogami obecnego systemu prawnego, a jedynie wype\u0142nia istniej\u0105c\u0105 w nim luk\u0119. Zgodnie z ustaw\u0105 z 1959 roku oraz rozporz\u0105dzeniem z 1961 roku, obowi\u0105zek stwierdzenia zgonu nadal spoczywa w pierwszej kolejno\u015bci na lekarzu lecz\u0105cym pacjenta lub zespole ratownictwa medycznego (je\u015bli do zgonu dosz\u0142o w trakcie akcji).<\/p>\n<p>\u200bMiejski koroner dzia\u0142a tam, gdzie te przepisy nie wskazuj\u0105 jasno odpowiedzialnej osoby. Kluczowy jest tu aspekt ludzki i logistyczny, co podkre\u015bla zast\u0119pca prezydenta miasta.<\/p>\n<p>\u2013 W praktyce najcz\u0119\u015bciej koroner b\u0119dzie wzywany przez policj\u0119, kt\u00f3ra podejmuje interwencj\u0119 w miejscu zgonu, o ile nie zachodzi podejrzenie przest\u0119pstwa. Dotychczas w takich przypadkach funkcjonariusze byli zobowi\u0105zani do zabezpieczania miejsca i pilnowania zw\u0142ok a\u017c do przyjazdu lekarza, co mog\u0142o trwa\u0107 wiele godzin. Nie tylko obci\u0105\u017ca\u0142o to zasoby policji, ale te\u017c stanowi\u0142o trudn\u0105 sytuacj\u0119 dla rodzin zmar\u0142ych. Wprowadzenie funkcji koronera pozwoli znacz\u0105co usprawni\u0107 te procedury \u2013 wyja\u015bnia Marek Masalski.<\/p>\n<p>2 godziny na reakcj\u0119<\/p>\n<p>\u200bNowy schemat dzia\u0142ania jest precyzyjny. Gdy policja napotka sytuacj\u0119 wymagaj\u0105c\u0105 interwencji koronera, kontaktuje si\u0119 z Miejskim Centrum Zarz\u0105dzania Kryzysowego. To ono uruchamia procedur\u0119 i powiadamia lekarza. Wyznaczony specjalista ma maksymalnie 2 godziny na dotarcie pod wskazany adres, stwierdzenie zgonu i sporz\u0105dzenie niezb\u0119dnej karty.<br \/>&#13;<br \/>\n\u200b<br \/>&#13;<br \/>\nFinanse i realizacja<\/p>\n<p>\u200bMiasto powierzy\u0142o to zadanie firmie ASP-HALT Sp. z o.o., z kt\u00f3r\u0105 kontrakt podpisano do ko\u0144ca 2026 roku. Bud\u017cet na ten cel wynosi obecnie 7 700 z\u0142, przy za\u0142o\u017ceniu, \u017ce ka\u017cda pojedyncza interwencja to koszt rz\u0119du 700 z\u0142. W\u0142adze szacuj\u0105, \u017ce w pocz\u0105tkowej fazie funkcjonowania nowej us\u0142ugi zapotrzebowanie nie b\u0119dzie wysokie, jednak obecno\u015b\u0107 koronera ma by\u0107 systemowym bezpiecznikiem dla mieszka\u0144c\u00f3w i s\u0142u\u017cb mundurowych.<\/p>\n<p class=\"art-autimg\">\n<p>                            <img decoding=\"async\" class=\"art-autimgi\" src=\"https:\/\/www.europesays.com\/pl\/wp-content\/uploads\/2026\/03\/avatar_1x.jpg\" alt=\"Diana Rusi\u0142owicz\" width=\"64\" height=\"64\" loading=\"lazy\"\/><\/p>\n<p class=\"art-autname\">Diana Rusi\u0142owicz<\/p>\n<p>24@bialystokonline.pl<\/p>\n<p>Przeczytaj tak\u017ce<\/p>\n<p>&#13;<br \/>\n&#13;<br \/>\n&#13;<br \/>\n<img loading=\"lazy\" decoding=\"async\" src=\"https:\/\/www.europesays.com\/pl\/wp-content\/uploads\/2026\/03\/1774876032_568_adlog.gif\" width=\"0\" height=\"0\" alt=\"\" style=\"width: 0px; height: 0px;\"\/><\/p>\n<p>Popularne dzisiaj<\/p>\n","protected":false},"excerpt":{"rendered":"Fot: Dawid Gromadzki \/ UM Bia\u0142ystok Miasto podpisa\u0142o umow\u0119 z firm\u0105 zewn\u0119trzn\u0105, kt\u00f3ra przejmie obowi\u0105zki koronera w sytuacjach&hellip;\n","protected":false},"author":2,"featured_media":335891,"comment_status":"","ping_status":"","sticky":false,"template":"","format":"standard","meta":{"footnotes":"","_share_on_mastodon":"0"},"categories":[51614],"tags":[2151,51731,113,51730,3754,51738,51735,4041,1096,1089,399,17334,51736,2921,36351,56041,56042,3840,51734,8736,1232,120,7116,17265,19285,42,5083,38,40,39,41,6309,1756,8815,38950,123,800,4278,1323,51737,2879,253],"class_list":["post-335890","post","type-post","status-publish","format-standard","has-post-thumbnail","category-bialystok","tag-bialystok","tag-bialystokonline","tag-biznes","tag-bstok","tag-dom","tag-drobne","tag-firm","tag-firmy","tag-hotele","tag-imprezy","tag-informacje","tag-katalog","tag-kina","tag-koncert","tag-koroner","tag-koroner-miejski-w-bialymstoku-zmiany-w-procedurach-posmiertelnych","tag-koroner-miejskiaktualnosci","tag-lokale","tag-miejski","tag-mieszkanie","tag-motoryzacja","tag-nauka","tag-ogloszenia","tag-on-line","tag-online","tag-pl","tag-podlasie","tag-poland","tag-polish","tag-polska","tag-polski","tag-portal","tag-praca","tag-repertuar","tag-rozklad","tag-rozrywka","tag-teatr","tag-turystyka","tag-uroda","tag-urzedy","tag-zakupy","tag-zdrowie"],"share_on_mastodon":{"url":"","error":"Validation failed: Text character limit of 500 exceeded"},"_links":{"self":[{"href":"https:\/\/www.europesays.com\/pl\/wp-json\/wp\/v2\/posts\/335890","targetHints":{"allow":["GET"]}}],"collection":[{"href":"https:\/\/www.europesays.com\/pl\/wp-json\/wp\/v2\/posts"}],"about":[{"href":"https:\/\/www.europesays.com\/pl\/wp-json\/wp\/v2\/types\/post"}],"author":[{"embeddable":true,"href":"https:\/\/www.europesays.com\/pl\/wp-json\/wp\/v2\/users\/2"}],"replies":[{"embeddable":true,"href":"https:\/\/www.europesays.com\/pl\/wp-json\/wp\/v2\/comments?post=335890"}],"version-history":[{"count":0,"href":"https:\/\/www.europesays.com\/pl\/wp-json\/wp\/v2\/posts\/335890\/revisions"}],"wp:featuredmedia":[{"embeddable":true,"href":"https:\/\/www.europesays.com\/pl\/wp-json\/wp\/v2\/media\/335891"}],"wp:attachment":[{"href":"https:\/\/www.europesays.com\/pl\/wp-json\/wp\/v2\/media?parent=335890"}],"wp:term":[{"taxonomy":"category","embeddable":true,"href":"https:\/\/www.europesays.com\/pl\/wp-json\/wp\/v2\/categories?post=335890"},{"taxonomy":"post_tag","embeddable":true,"href":"https:\/\/www.europesays.com\/pl\/wp-json\/wp\/v2\/tags?post=335890"}],"curies":[{"name":"wp","href":"https:\/\/api.w.org\/{rel}","templated":true}]}}