{"id":336107,"date":"2026-03-30T15:07:06","date_gmt":"2026-03-30T15:07:06","guid":{"rendered":"https:\/\/www.europesays.com\/pl\/336107\/"},"modified":"2026-03-30T15:07:06","modified_gmt":"2026-03-30T15:07:06","slug":"tragiczne-odkrycie-w-wolominie-nie-zyja-dwie-osoby-wiadomosci-onet","status":"publish","type":"post","link":"https:\/\/www.europesays.com\/pl\/336107\/","title":{"rendered":"Tragiczne odkrycie w Wo\u0142ominie. Nie \u017cyj\u0105 dwie osoby &#8211; Wiadomo\u015bci Onet"},"content":{"rendered":"<ol>\n<li><a href=\"https:\/\/news.google.com\/rss\/articles\/CBMimgFBVV95cUxNeENhWVFGOElXaHFkVUNyUGhONjBxTHdaTkFLWkFnNjVFNlhpZmlxcVU3QTFvQUZoSU5nRTZWb2otc1M5YkxFSjJOUFJtdGJ2enJXTTZlcm1MRzNGUGFULU5iWnc2YVFLUnZJVlBmdEtPcFhEWmRVN2ZuLUltMG1POU93UnlDWFBOQjJJOVZ4ZnVUT2hSNG5KcDln?oc=5\" target=\"_blank\" rel=\"nofollow noopener\">Tragiczne odkrycie w Wo\u0142ominie. Nie \u017cyj\u0105 dwie osoby<\/a>&nbsp;&nbsp;Wiadomo\u015bci Onet<\/li>\n<li><a href=\"https:\/\/news.google.com\/rss\/articles\/CBMiuwFBVV95cUxOcXU5VzVWRHZDZXpYTWVKRmNMOUJTRl9kaW9VaktDYVlVbDl6LUxmblkyQ1F6aU5PckdYSGFBem9hMUFtY0UzanQ4dzhCeGdpdjJTRExFMEwtMGktTUZsNE1QQ2tuNmRGaUJ2aURrSVZvalF4QlVJSE5RTGNLeVlvcDJLZjRHUHU4Y0lXR0w4YjVPb3Z4X2xMbTNTYk80c0pHT0VZUXFZbU5DVVhaZlJtN0RwWlFLcEFGOTFF?oc=5\" target=\"_blank\" rel=\"nofollow noopener\">Tragedia w Wo\u0142ominie. Nie \u017cyj\u0105 dziadkowie, w mieszkaniu ranny nastolatek<\/a>&nbsp;&nbsp;Wydarzenia w INTERIA.PL<\/li>\n<li><a href=\"https:\/\/news.google.com\/rss\/articles\/CBMinwFBVV95cUxPVWRpSFBncDVqLVhnbjFKZUxNTDhYRElUc0d6VVYxX2dhdzBUWFM5QkMxRmlPWFZ2RUdpeWgxSkJKdldHWTlOZ29TbGtwUE9OY2N6Z0hhaTExZ0t3MGxaTFFHVk9aeGhPSU93MG1IZ2cyMnNaMTRzN0FKdGptalJvc0FkaFM0MGh4WHVhUS05a0R0QzFoUDFhMlNOMkVYdGM?oc=5\" target=\"_blank\" rel=\"nofollow noopener\">Podw\u00f3jna \u015bmier\u0107 w Wo\u0142ominie. Mieszka\u0144cy zabrali g\u0142os<\/a>&nbsp;&nbsp;o2.pl<\/li>\n<li><a href=\"https:\/\/news.google.com\/rss\/articles\/CBMiqAFBVV95cUxOdzFyTmJveHNlTlp5RFpSUjF2QW94VHpFcFgxRk01bEJzU2p6T2ZfODF1R2F1SG5XSXN3MXBWWVg4TXczMEF1MHZiMWF2bllvejdCY2s2LVI1UXB4blFEVVB1WU1kS0NYeEU0a2xJTEJRQ3hiQldybWlGTUdHYkRDSXpNQlgtcFY2SEdmOUljdWZnUHRySEgxWklUUExlV3V3V1hpcUdqZ2E?oc=5\" target=\"_blank\" rel=\"nofollow noopener\">Tragedia w Wo\u0142ominie. Babcia i dziadek nie \u017cyj\u0105, wnuk w szpitalu<\/a>&nbsp;&nbsp;TVN24<\/li>\n<li><a href=\"https:\/\/news.google.com\/rss\/articles\/CBMitwFBVV95cUxPWWpEdWRMdmIxbUcwT3hnQVRFUC1GZk50SnNOMXUwRGN3aDFDMk5OaXZKOF9LSE41eHByYWQ4Yng4WUFlZkNfRnJwRjFuRFlZb25aajdLYUo5SEZnRjlUanVuVWJDRk1jY2xCMHpiNkNuMjRkd0tyaTdrT2ItWDg2SFR3VzN0Q2xNYl8ycFJ2Y0lkRFFhaFV2Mkt1ajdjMUN4N2psLXhPeGNpSk5hdDM2YVFjUE5xTlE?oc=5\" target=\"_blank\" rel=\"nofollow noopener\">Dramat w Wo\u0142ominie. Nie \u017cyj\u0105 dwie starsze osoby, 19-latek w szpitalu<\/a>&nbsp;&nbsp;Gazeta<\/li>\n<\/ol>\n","protected":false},"excerpt":{"rendered":"Tragiczne odkrycie w Wo\u0142ominie. Nie \u017cyj\u0105 dwie osoby&nbsp;&nbsp;Wiadomo\u015bci Onet Tragedia w Wo\u0142ominie. Nie \u017cyj\u0105 dziadkowie, w mieszkaniu ranny&hellip;\n","protected":false},"author":2,"featured_media":304412,"comment_status":"","ping_status":"","sticky":false,"template":"","format":"standard","meta":{"footnotes":"","_share_on_mastodon":"0"},"categories":[5],"tags":[32,33,36,37,27,34,35,28,31,48,25,46,42,38,414,40,39,41,1627,47,511,29,30,435,26,34906],"class_list":["post-336107","post","type-post","status-publish","format-standard","has-post-thumbnail","category-naglowki","tag-breaking-news","tag-breakingnews","tag-featured-news","tag-featurednews","tag-headlines","tag-latest-news","tag-latestnews","tag-naglowki","tag-najwazniejsze-artykuly","tag-nat_styl","tag-news","tag-omp","tag-pl","tag-poland","tag-policja","tag-polish","tag-polska","tag-polski","tag-prokuratura","tag-screening_general","tag-smierc","tag-top-stories","tag-topstories","tag-warszawa","tag-wiadomosci","tag-wolomin"],"share_on_mastodon":{"url":"https:\/\/pubeurope.com\/@pl\/116318754732580757","error":""},"_links":{"self":[{"href":"https:\/\/www.europesays.com\/pl\/wp-json\/wp\/v2\/posts\/336107","targetHints":{"allow":["GET"]}}],"collection":[{"href":"https:\/\/www.europesays.com\/pl\/wp-json\/wp\/v2\/posts"}],"about":[{"href":"https:\/\/www.europesays.com\/pl\/wp-json\/wp\/v2\/types\/post"}],"author":[{"embeddable":true,"href":"https:\/\/www.europesays.com\/pl\/wp-json\/wp\/v2\/users\/2"}],"replies":[{"embeddable":true,"href":"https:\/\/www.europesays.com\/pl\/wp-json\/wp\/v2\/comments?post=336107"}],"version-history":[{"count":0,"href":"https:\/\/www.europesays.com\/pl\/wp-json\/wp\/v2\/posts\/336107\/revisions"}],"wp:featuredmedia":[{"embeddable":true,"href":"https:\/\/www.europesays.com\/pl\/wp-json\/wp\/v2\/media\/304412"}],"wp:attachment":[{"href":"https:\/\/www.europesays.com\/pl\/wp-json\/wp\/v2\/media?parent=336107"}],"wp:term":[{"taxonomy":"category","embeddable":true,"href":"https:\/\/www.europesays.com\/pl\/wp-json\/wp\/v2\/categories?post=336107"},{"taxonomy":"post_tag","embeddable":true,"href":"https:\/\/www.europesays.com\/pl\/wp-json\/wp\/v2\/tags?post=336107"}],"curies":[{"name":"wp","href":"https:\/\/api.w.org\/{rel}","templated":true}]}}